{"id":4669,"date":"2024-01-23T08:56:19","date_gmt":"2024-01-23T08:56:19","guid":{"rendered":"https:\/\/www.iescarlessalvador.es\/?p=4669"},"modified":"2024-01-23T08:56:21","modified_gmt":"2024-01-23T08:56:21","slug":"xarrada-on-line-per-a-professorat-i-families-impacte-del-porno-en-les-relacions-afectiu-sexuals-en-la-adolescencia","status":"publish","type":"post","link":"https:\/\/www.iescarlessalvador.es\/?p=4669","title":{"rendered":"xarrada on line per a  professorat i fam\u00edlies: \u00abimpacte del porno en les relacions afectiu-sexuals en la adolesc\u00e8ncia\u00bb"},"content":{"rendered":"\n<p>A causa de la problem\u00e0tica social derivada del consum de material pornogr\u00e0fic des d&#8217;edats cada vegada m\u00e9s primerenques, i com a manera de previndre l&#8217;impacte  que t\u00e9 en adolescents, el centre, en col\u00b7laboraci\u00f3 amb l&#8217;\u00e0rea d&#8217;igualtat de l&#8217;Ajuntament d&#8217;Aldaia, ha previst la realitzaci\u00f3 de\u00a0sessions de treball amb l&#8217;alumnat de 3r d&#8217;ESO.<\/p>\n\n\n\n<p><strong>Aquesta formaci\u00f3 es complementa amb una sessi\u00f3 pr\u00e8via al professorat i a les fam\u00edlies, que perseguix un doble objectiu: sensibilitzar sobre l&#8217;impacte de la pornografia en l&#8217;adolesc\u00e8ncia i explicar els continguts que s&#8217;impartiran en les dues sessions a l&#8217;alumnat.<\/strong><\/p>\n\n\n\n<p>En ella, entre altres, s&#8217;abordaran q\u00fcestions com l&#8217;edat mitjana mitjana d&#8217;acc\u00e9s a continguts pornogr\u00e0fics (12 anys, en alguns casos fins i tot dels 8 als 10); o que per al 30% dels xiquets, xiquetes i adolescents, la pornografia \u00e9s l&#8217;\u00fanica font d&#8217;informaci\u00f3 sobre sexe i relacions sexuals, aix\u00ed com l&#8217;impacte&nbsp; que pot tindre aix\u00f2 en la vida de la nostra filles i fills.<\/p>\n\n\n\n<p><strong>La sessi\u00f3 ser\u00e0\u00a0en l\u00ednia, el dimarts 30 de gener, de 17.30 a 18;30 hores<\/strong>, i <strong>cal\u00a0inscripci\u00f3 pr\u00e8via\u00a0emplenant el seg\u00fcent formulari<\/strong>:\u00a0<a href=\"https:\/\/forms.gle\/*uDq9i4JC4c26eCd67\">https:\/\/<em>forms.<\/em>gle\/*uDq9i4JC4c26eCd67<\/a><\/p>\n\n\n\n<p><em>Termini d&#8217;inscripci\u00f3 obert fins al dia 29 de gener (incl\u00f2s).<\/em><\/p>\n\n\n\n<figure class=\"wp-block-image size-large\"><img fetchpriority=\"high\" decoding=\"async\" width=\"724\" height=\"1024\" src=\"https:\/\/www.iescarlessalvador.es\/wp-content\/uploads\/2024\/01\/Impacto-porno-relaciones-adolescencia-IES-Carles-Salvador_page-0001-724x1024.jpg\" alt=\"\" class=\"wp-image-4670\" srcset=\"https:\/\/www.iescarlessalvador.es\/wp-content\/uploads\/2024\/01\/Impacto-porno-relaciones-adolescencia-IES-Carles-Salvador_page-0001-724x1024.jpg 724w, https:\/\/www.iescarlessalvador.es\/wp-content\/uploads\/2024\/01\/Impacto-porno-relaciones-adolescencia-IES-Carles-Salvador_page-0001-212x300.jpg 212w, https:\/\/www.iescarlessalvador.es\/wp-content\/uploads\/2024\/01\/Impacto-porno-relaciones-adolescencia-IES-Carles-Salvador_page-0001-768x1086.jpg 768w, https:\/\/www.iescarlessalvador.es\/wp-content\/uploads\/2024\/01\/Impacto-porno-relaciones-adolescencia-IES-Carles-Salvador_page-0001-1086x1536.jpg 1086w, https:\/\/www.iescarlessalvador.es\/wp-content\/uploads\/2024\/01\/Impacto-porno-relaciones-adolescencia-IES-Carles-Salvador_page-0001-1448x2048.jpg 1448w, https:\/\/www.iescarlessalvador.es\/wp-content\/uploads\/2024\/01\/Impacto-porno-relaciones-adolescencia-IES-Carles-Salvador_page-0001-scaled.jpg 1810w\" sizes=\"(max-width: 724px) 100vw, 724px\" \/><\/figure>\n","protected":false},"excerpt":{"rendered":"<p>A causa de la problem\u00e0tica social derivada del consum de material pornogr\u00e0fic des d&#8217;edats cada vegada m\u00e9s primerenques, i com a manera de previndre l&#8217;impacte que t\u00e9 en adolescents, el centre, en col\u00b7laboraci\u00f3 amb l&#8217;\u00e0rea d&#8217;igualtat de l&#8217;Ajuntament d&#8217;Aldaia, ha previst la realitzaci\u00f3 de\u00a0sessions de treball amb l&#8217;alumnat de 3r d&#8217;ESO. Aquesta formaci\u00f3 es complementa&hellip;&nbsp;<a href=\"https:\/\/www.iescarlessalvador.es\/?p=4669\" class=\"\" rel=\"bookmark\">Leer m\u00e1s &raquo;<span class=\"screen-reader-text\">xarrada on line per a  professorat i fam\u00edlies: \u00abimpacte del porno en les relacions afectiu-sexuals en la adolesc\u00e8ncia\u00bb<\/span><\/a><\/p>\n","protected":false},"author":1,"featured_media":4670,"comment_status":"closed","ping_status":"closed","sticky":false,"template":"","format":"standard","meta":{"rop_custom_images_group":[],"rop_custom_messages_group":[],"rop_publish_now":"initial","rop_publish_now_accounts":[],"rop_publish_now_history":[],"rop_publish_now_status":"pending","neve_meta_sidebar":"","neve_meta_container":"","neve_meta_enable_content_width":"","neve_meta_content_width":0,"neve_meta_title_alignment":"","neve_meta_author_avatar":"","neve_post_elements_order":"","neve_meta_disable_header":"","neve_meta_disable_footer":"","neve_meta_disable_title":"","footnotes":""},"categories":[238],"tags":[],"class_list":["post-4669","post","type-post","status-publish","format-standard","has-post-thumbnail","hentry","category-noticies-ca"],"_links":{"self":[{"href":"https:\/\/www.iescarlessalvador.es\/index.php?rest_route=\/wp\/v2\/posts\/4669","targetHints":{"allow":["GET"]}}],"collection":[{"href":"https:\/\/www.iescarlessalvador.es\/index.php?rest_route=\/wp\/v2\/posts"}],"about":[{"href":"https:\/\/www.iescarlessalvador.es\/index.php?rest_route=\/wp\/v2\/types\/post"}],"author":[{"embeddable":true,"href":"https:\/\/www.iescarlessalvador.es\/index.php?rest_route=\/wp\/v2\/users\/1"}],"replies":[{"embeddable":true,"href":"https:\/\/www.iescarlessalvador.es\/index.php?rest_route=%2Fwp%2Fv2%2Fcomments&post=4669"}],"version-history":[{"count":1,"href":"https:\/\/www.iescarlessalvador.es\/index.php?rest_route=\/wp\/v2\/posts\/4669\/revisions"}],"predecessor-version":[{"id":4671,"href":"https:\/\/www.iescarlessalvador.es\/index.php?rest_route=\/wp\/v2\/posts\/4669\/revisions\/4671"}],"wp:featuredmedia":[{"embeddable":true,"href":"https:\/\/www.iescarlessalvador.es\/index.php?rest_route=\/wp\/v2\/media\/4670"}],"wp:attachment":[{"href":"https:\/\/www.iescarlessalvador.es\/index.php?rest_route=%2Fwp%2Fv2%2Fmedia&parent=4669"}],"wp:term":[{"taxonomy":"category","embeddable":true,"href":"https:\/\/www.iescarlessalvador.es\/index.php?rest_route=%2Fwp%2Fv2%2Fcategories&post=4669"},{"taxonomy":"post_tag","embeddable":true,"href":"https:\/\/www.iescarlessalvador.es\/index.php?rest_route=%2Fwp%2Fv2%2Ftags&post=4669"}],"curies":[{"name":"wp","href":"https:\/\/api.w.org\/{rel}","templated":true}]}}