{"id":4672,"date":"2024-01-23T08:59:33","date_gmt":"2024-01-23T08:59:33","guid":{"rendered":"https:\/\/www.iescarlessalvador.es\/?p=4672"},"modified":"2024-01-23T08:59:35","modified_gmt":"2024-01-23T08:59:35","slug":"charla-on-line-para-profesorado-y-familias-impacto-del-porno-en-las-relaciones-afectivo-sexuales-en-la-adolescencia","status":"publish","type":"post","link":"https:\/\/www.iescarlessalvador.es\/?p=4672&lang=es","title":{"rendered":"charla on line para profesorado y familias: \u00abimpacto del porno en las relaciones afectivo-sexuales en la adolescencia\u00bb"},"content":{"rendered":"\n<p><em>Debido a la problem\u00e1tica social derivada del consumo de material pornogr\u00e1fico desde edades cada vez m\u00e1s temprana, y como forma de prevenir el impacto pernicioso que tiene en adolescentes, el centro en colaboraci\u00f3n con el \u00e1rea de igualdad del Ayuntamiento de Aldaia, ha previsto la realizaci\u00f3n de\u00a0sesiones de trabajo con el alumnado de 3\u00ba de ESO.<\/em><\/p>\n\n\n\n<p><em><strong>Esta formaci\u00f3n se complementa con una sesi\u00f3n previa al profesorado y a las familias, que persigue un doble objetivo: sensibilizar acerca del impacto de la pornograf\u00eda en la adolescencia y explicar los contenidos que se impartir\u00e1n en las dos sesiones al alumnado.<\/strong><\/em><\/p>\n\n\n\n<p><em>En ella, entre otras, se abordar\u00e1n cuestiones como la edad media media de acceso a contenidos pornogr\u00e1ficos (12 a\u00f1os, en algunos casos incluso de los 8 a los 10); o que para el 30% de los ni\u00f1os, ni\u00f1as y adolescentes, la pornograf\u00eda es la \u00fanica fuente de informaci\u00f3n sobre sexo y relaciones sexuales, as\u00ed como el&nbsp;impacto que puede tener esto en la vida de nuestra hijas e hijos.<\/em><\/p>\n\n\n\n<p><em>La sesi\u00f3n ser\u00e1&nbsp;<\/em><strong>on line, el martes 30 de enero, de 17:30 a 18;30 horas<\/strong><em>, y es preciso&nbsp;<\/em><strong>inscripci\u00f3n previa<\/strong><em>&nbsp;cumplimentando el siguiente formulario:&nbsp;<a href=\"https:\/\/forms.gle\/uDq9i4JC4c26eCd67\" target=\"_blank\" rel=\"noreferrer noopener\">https:\/\/forms.gle\/uDq9i4JC4c26eCd67<\/a><\/em><\/p>\n\n\n\n<p><em>Plazo de inscripci\u00f3n abierto hasta el d\u00eda 29 de enero (incluido).&nbsp;<\/em><\/p>\n\n\n\n<figure class=\"wp-block-image size-large\"><img fetchpriority=\"high\" decoding=\"async\" width=\"724\" height=\"1024\" src=\"https:\/\/www.iescarlessalvador.es\/wp-content\/uploads\/2024\/01\/Impacto-porno-relaciones-adolescencia-IES-Carles-Salvador_page-0001-724x1024.jpg\" alt=\"\" class=\"wp-image-4670\" srcset=\"https:\/\/www.iescarlessalvador.es\/wp-content\/uploads\/2024\/01\/Impacto-porno-relaciones-adolescencia-IES-Carles-Salvador_page-0001-724x1024.jpg 724w, https:\/\/www.iescarlessalvador.es\/wp-content\/uploads\/2024\/01\/Impacto-porno-relaciones-adolescencia-IES-Carles-Salvador_page-0001-212x300.jpg 212w, https:\/\/www.iescarlessalvador.es\/wp-content\/uploads\/2024\/01\/Impacto-porno-relaciones-adolescencia-IES-Carles-Salvador_page-0001-768x1086.jpg 768w, https:\/\/www.iescarlessalvador.es\/wp-content\/uploads\/2024\/01\/Impacto-porno-relaciones-adolescencia-IES-Carles-Salvador_page-0001-1086x1536.jpg 1086w, https:\/\/www.iescarlessalvador.es\/wp-content\/uploads\/2024\/01\/Impacto-porno-relaciones-adolescencia-IES-Carles-Salvador_page-0001-1448x2048.jpg 1448w, https:\/\/www.iescarlessalvador.es\/wp-content\/uploads\/2024\/01\/Impacto-porno-relaciones-adolescencia-IES-Carles-Salvador_page-0001-scaled.jpg 1810w\" sizes=\"(max-width: 724px) 100vw, 724px\" \/><\/figure>\n","protected":false},"excerpt":{"rendered":"<p>Debido a la problem\u00e1tica social derivada del consumo de material pornogr\u00e1fico desde edades cada vez m\u00e1s temprana, y como forma de prevenir el impacto pernicioso que tiene en adolescentes, el centro en colaboraci\u00f3n con el \u00e1rea de igualdad del Ayuntamiento de Aldaia, ha previsto la realizaci\u00f3n de\u00a0sesiones de trabajo con el alumnado de 3\u00ba de&hellip;&nbsp;<a href=\"https:\/\/www.iescarlessalvador.es\/?p=4672&#038;lang=es\" class=\"\" rel=\"bookmark\">Leer m\u00e1s &raquo;<span class=\"screen-reader-text\">charla on line para profesorado y familias: \u00abimpacto del porno en las relaciones afectivo-sexuales en la adolescencia\u00bb<\/span><\/a><\/p>\n","protected":false},"author":1,"featured_media":4670,"comment_status":"closed","ping_status":"closed","sticky":false,"template":"","format":"standard","meta":{"rop_custom_images_group":[],"rop_custom_messages_group":[],"rop_publish_now":"initial","rop_publish_now_accounts":[],"rop_publish_now_history":[],"rop_publish_now_status":"pending","neve_meta_sidebar":"","neve_meta_container":"","neve_meta_enable_content_width":"","neve_meta_content_width":0,"neve_meta_title_alignment":"","neve_meta_author_avatar":"","neve_post_elements_order":"","neve_meta_disable_header":"","neve_meta_disable_footer":"","neve_meta_disable_title":"","footnotes":""},"categories":[34],"tags":[],"class_list":["post-4672","post","type-post","status-publish","format-standard","has-post-thumbnail","hentry","category-noticias"],"_links":{"self":[{"href":"https:\/\/www.iescarlessalvador.es\/index.php?rest_route=\/wp\/v2\/posts\/4672","targetHints":{"allow":["GET"]}}],"collection":[{"href":"https:\/\/www.iescarlessalvador.es\/index.php?rest_route=\/wp\/v2\/posts"}],"about":[{"href":"https:\/\/www.iescarlessalvador.es\/index.php?rest_route=\/wp\/v2\/types\/post"}],"author":[{"embeddable":true,"href":"https:\/\/www.iescarlessalvador.es\/index.php?rest_route=\/wp\/v2\/users\/1"}],"replies":[{"embeddable":true,"href":"https:\/\/www.iescarlessalvador.es\/index.php?rest_route=%2Fwp%2Fv2%2Fcomments&post=4672"}],"version-history":[{"count":1,"href":"https:\/\/www.iescarlessalvador.es\/index.php?rest_route=\/wp\/v2\/posts\/4672\/revisions"}],"predecessor-version":[{"id":4673,"href":"https:\/\/www.iescarlessalvador.es\/index.php?rest_route=\/wp\/v2\/posts\/4672\/revisions\/4673"}],"wp:featuredmedia":[{"embeddable":true,"href":"https:\/\/www.iescarlessalvador.es\/index.php?rest_route=\/wp\/v2\/media\/4670"}],"wp:attachment":[{"href":"https:\/\/www.iescarlessalvador.es\/index.php?rest_route=%2Fwp%2Fv2%2Fmedia&parent=4672"}],"wp:term":[{"taxonomy":"category","embeddable":true,"href":"https:\/\/www.iescarlessalvador.es\/index.php?rest_route=%2Fwp%2Fv2%2Fcategories&post=4672"},{"taxonomy":"post_tag","embeddable":true,"href":"https:\/\/www.iescarlessalvador.es\/index.php?rest_route=%2Fwp%2Fv2%2Ftags&post=4672"}],"curies":[{"name":"wp","href":"https:\/\/api.w.org\/{rel}","templated":true}]}}