{"id":4758,"date":"2024-03-24T22:10:04","date_gmt":"2024-03-24T22:10:04","guid":{"rendered":"https:\/\/www.iescarlessalvador.es\/?p=4758"},"modified":"2024-03-24T22:10:05","modified_gmt":"2024-03-24T22:10:05","slug":"reuniones-con-tutores-y-entrega-notas-2-evaluacion","status":"publish","type":"post","link":"https:\/\/www.iescarlessalvador.es\/?p=4758&lang=es","title":{"rendered":"Reuniones con tutores y entrega notas 2 evaluaci\u00f3n"},"content":{"rendered":"<p>Estimadas familias,<\/p>\n<p>Les informamos de que el pr\u00f3ximo mi\u00e9rcoles 27 de marzo tendremos un horario especial en el centro.<\/p>\n<ul>\n<li>08:00 \u2013 10:45 h se impartir\u00e1n las clases con normalidad.<\/li>\n<\/ul>\n<ul>\n<li>10:45 h finalizar\u00e1n las clases y el alumnado saldr\u00e1 del centro.\u00a0<\/li>\n<\/ul>\n<ul>\n<li>11:30 h reuniones con los tutores\/as y entrega de boletines de notas de la 2\u00aa Evaluaci\u00f3n a les familias.\u00a0<\/li>\n<\/ul>\n<ul>\n<li>11:30 \u2013 13:30 h el profesorado del centro estar\u00e1 disponible para atender a las familias. \u00a0<\/li>\n<\/ul>\n<p>Las reuniones se realizar\u00e1n en las siguientes ubicaciones:<\/p>\n\n\n<figure class=\"wp-block-image size-full is-resized\"><img fetchpriority=\"high\" decoding=\"async\" width=\"424\" height=\"677\" src=\"https:\/\/www.iescarlessalvador.es\/wp-content\/uploads\/2024\/03\/reunio_01.jpg\" alt=\"\" class=\"wp-image-4759\" style=\"aspect-ratio:0.6232961586121437;width:845px;height:auto\" srcset=\"https:\/\/www.iescarlessalvador.es\/wp-content\/uploads\/2024\/03\/reunio_01.jpg 424w, https:\/\/www.iescarlessalvador.es\/wp-content\/uploads\/2024\/03\/reunio_01-188x300.jpg 188w\" sizes=\"(max-width: 424px) 100vw, 424px\" \/><\/figure>\n\n\n\n<figure class=\"wp-block-image size-full is-resized\"><img decoding=\"async\" width=\"510\" height=\"804\" src=\"https:\/\/www.iescarlessalvador.es\/wp-content\/uploads\/2024\/03\/reunio_02.jpg\" alt=\"\" class=\"wp-image-4760\" style=\"aspect-ratio:0.6343283582089553;width:814px;height:auto\" srcset=\"https:\/\/www.iescarlessalvador.es\/wp-content\/uploads\/2024\/03\/reunio_02.jpg 510w, https:\/\/www.iescarlessalvador.es\/wp-content\/uploads\/2024\/03\/reunio_02-190x300.jpg 190w\" sizes=\"(max-width: 510px) 100vw, 510px\" \/><\/figure>\n\n\n\n<figure class=\"wp-block-image size-full is-resized\"><img decoding=\"async\" width=\"505\" height=\"571\" src=\"https:\/\/www.iescarlessalvador.es\/wp-content\/uploads\/2024\/03\/reunio_03.jpg\" alt=\"\" class=\"wp-image-4761\" style=\"aspect-ratio:1.0121212121212122;width:827px;height:auto\" srcset=\"https:\/\/www.iescarlessalvador.es\/wp-content\/uploads\/2024\/03\/reunio_03.jpg 505w, https:\/\/www.iescarlessalvador.es\/wp-content\/uploads\/2024\/03\/reunio_03-265x300.jpg 265w\" sizes=\"(max-width: 505px) 100vw, 505px\" \/><\/figure>\n","protected":false},"excerpt":{"rendered":"<p>Estimadas familias, Les informamos de que el pr\u00f3ximo mi\u00e9rcoles 27 de marzo tendremos un horario especial en el centro. 08:00 \u2013 10:45 h se impartir\u00e1n las clases con normalidad. 10:45 h finalizar\u00e1n las clases y el alumnado saldr\u00e1 del centro.\u00a0 11:30 h reuniones con los tutores\/as y entrega de boletines de notas de la 2\u00aa&hellip;&nbsp;<a href=\"https:\/\/www.iescarlessalvador.es\/?p=4758&#038;lang=es\" class=\"\" rel=\"bookmark\">Leer m\u00e1s &raquo;<span class=\"screen-reader-text\">Reuniones con tutores y entrega notas 2 evaluaci\u00f3n<\/span><\/a><\/p>\n","protected":false},"author":1,"featured_media":0,"comment_status":"closed","ping_status":"closed","sticky":false,"template":"","format":"standard","meta":{"rop_custom_images_group":[],"rop_custom_messages_group":[],"rop_publish_now":"initial","rop_publish_now_accounts":[],"rop_publish_now_history":[],"rop_publish_now_status":"pending","neve_meta_sidebar":"","neve_meta_container":"","neve_meta_enable_content_width":"","neve_meta_content_width":0,"neve_meta_title_alignment":"","neve_meta_author_avatar":"","neve_post_elements_order":"","neve_meta_disable_header":"","neve_meta_disable_footer":"","neve_meta_disable_title":"","footnotes":""},"categories":[34],"tags":[],"class_list":["post-4758","post","type-post","status-publish","format-standard","hentry","category-noticias"],"_links":{"self":[{"href":"https:\/\/www.iescarlessalvador.es\/index.php?rest_route=\/wp\/v2\/posts\/4758","targetHints":{"allow":["GET"]}}],"collection":[{"href":"https:\/\/www.iescarlessalvador.es\/index.php?rest_route=\/wp\/v2\/posts"}],"about":[{"href":"https:\/\/www.iescarlessalvador.es\/index.php?rest_route=\/wp\/v2\/types\/post"}],"author":[{"embeddable":true,"href":"https:\/\/www.iescarlessalvador.es\/index.php?rest_route=\/wp\/v2\/users\/1"}],"replies":[{"embeddable":true,"href":"https:\/\/www.iescarlessalvador.es\/index.php?rest_route=%2Fwp%2Fv2%2Fcomments&post=4758"}],"version-history":[{"count":1,"href":"https:\/\/www.iescarlessalvador.es\/index.php?rest_route=\/wp\/v2\/posts\/4758\/revisions"}],"predecessor-version":[{"id":4762,"href":"https:\/\/www.iescarlessalvador.es\/index.php?rest_route=\/wp\/v2\/posts\/4758\/revisions\/4762"}],"wp:attachment":[{"href":"https:\/\/www.iescarlessalvador.es\/index.php?rest_route=%2Fwp%2Fv2%2Fmedia&parent=4758"}],"wp:term":[{"taxonomy":"category","embeddable":true,"href":"https:\/\/www.iescarlessalvador.es\/index.php?rest_route=%2Fwp%2Fv2%2Fcategories&post=4758"},{"taxonomy":"post_tag","embeddable":true,"href":"https:\/\/www.iescarlessalvador.es\/index.php?rest_route=%2Fwp%2Fv2%2Ftags&post=4758"}],"curies":[{"name":"wp","href":"https:\/\/api.w.org\/{rel}","templated":true}]}}