{"id":4766,"date":"2024-04-14T07:05:45","date_gmt":"2024-04-14T07:05:45","guid":{"rendered":"https:\/\/www.iescarlessalvador.es\/?p=4766"},"modified":"2024-04-14T16:52:03","modified_gmt":"2024-04-14T16:52:03","slug":"dia-mundial-de-concienciacio-sobre-lautisme-2024","status":"publish","type":"post","link":"https:\/\/www.iescarlessalvador.es\/?p=4766","title":{"rendered":"dia mundial de concienciaci\u00f3 sobre l&#8217;autisme 2024"},"content":{"rendered":"\n<p>La comunitat educativa de l&#8217;IES Carles Salvador realitz\u00e0, el passat divendres 12 d&#8217;abril, aquesta activitat del Dia Mundial de concienciaci\u00f3 sobre l&#8217;Autisme 2024 amb la realitzaci\u00f3 d&#8217;aquest figura s\u00edmbol de l&#8217;autisme amb tot l&#8217;alumnat i professorat del centre.<\/p>\n\n\n\n<figure class=\"wp-block-image size-large\"><img fetchpriority=\"high\" decoding=\"async\" width=\"1024\" height=\"576\" src=\"https:\/\/www.iescarlessalvador.es\/wp-content\/uploads\/2024\/04\/IMG20240412103830-1024x576.jpg\" alt=\"\" class=\"wp-image-4767\" srcset=\"https:\/\/www.iescarlessalvador.es\/wp-content\/uploads\/2024\/04\/IMG20240412103830-1024x576.jpg 1024w, https:\/\/www.iescarlessalvador.es\/wp-content\/uploads\/2024\/04\/IMG20240412103830-300x169.jpg 300w, https:\/\/www.iescarlessalvador.es\/wp-content\/uploads\/2024\/04\/IMG20240412103830-768x432.jpg 768w, https:\/\/www.iescarlessalvador.es\/wp-content\/uploads\/2024\/04\/IMG20240412103830-1536x864.jpg 1536w, https:\/\/www.iescarlessalvador.es\/wp-content\/uploads\/2024\/04\/IMG20240412103830-2048x1152.jpg 2048w\" sizes=\"(max-width: 1024px) 100vw, 1024px\" \/><\/figure>\n\n\n\n<p>Vam llegir el manisfest <strong>#AutismoCercaDeTi<\/strong> i l&#8217;alumnat col\u00b7labor\u00e0 en la realitzaci\u00f3 d&#8217;aquest figura (s\u00edmbol de l&#8217;Autisme) al pati del centre.<\/p>\n\n\n\n<figure class=\"wp-block-image size-large\"><img decoding=\"async\" width=\"1024\" height=\"576\" src=\"https:\/\/www.iescarlessalvador.es\/wp-content\/uploads\/2024\/04\/IMG20240412104518_00-1024x576.jpg\" alt=\"\" class=\"wp-image-4768\" srcset=\"https:\/\/www.iescarlessalvador.es\/wp-content\/uploads\/2024\/04\/IMG20240412104518_00-1024x576.jpg 1024w, https:\/\/www.iescarlessalvador.es\/wp-content\/uploads\/2024\/04\/IMG20240412104518_00-300x169.jpg 300w, https:\/\/www.iescarlessalvador.es\/wp-content\/uploads\/2024\/04\/IMG20240412104518_00-768x432.jpg 768w, https:\/\/www.iescarlessalvador.es\/wp-content\/uploads\/2024\/04\/IMG20240412104518_00-1536x864.jpg 1536w, https:\/\/www.iescarlessalvador.es\/wp-content\/uploads\/2024\/04\/IMG20240412104518_00-2048x1152.jpg 2048w\" sizes=\"(max-width: 1024px) 100vw, 1024px\" \/><\/figure>\n","protected":false},"excerpt":{"rendered":"<p>La comunitat educativa de l&#8217;IES Carles Salvador realitz\u00e0, el passat divendres 12 d&#8217;abril, aquesta activitat del Dia Mundial de concienciaci\u00f3 sobre l&#8217;Autisme 2024 amb la realitzaci\u00f3 d&#8217;aquest figura s\u00edmbol de l&#8217;autisme amb tot l&#8217;alumnat i professorat del centre. Vam llegir el manisfest #AutismoCercaDeTi i l&#8217;alumnat col\u00b7labor\u00e0 en la realitzaci\u00f3 d&#8217;aquest figura (s\u00edmbol de l&#8217;Autisme) al&hellip;&nbsp;<a href=\"https:\/\/www.iescarlessalvador.es\/?p=4766\" class=\"\" rel=\"bookmark\">Leer m\u00e1s &raquo;<span class=\"screen-reader-text\">dia mundial de concienciaci\u00f3 sobre l&#8217;autisme 2024<\/span><\/a><\/p>\n","protected":false},"author":1,"featured_media":4769,"comment_status":"closed","ping_status":"closed","sticky":false,"template":"","format":"standard","meta":{"rop_custom_images_group":[],"rop_custom_messages_group":[],"rop_publish_now":"initial","rop_publish_now_accounts":[],"rop_publish_now_history":[],"rop_publish_now_status":"pending","neve_meta_sidebar":"","neve_meta_container":"","neve_meta_enable_content_width":"","neve_meta_content_width":0,"neve_meta_title_alignment":"","neve_meta_author_avatar":"","neve_post_elements_order":"","neve_meta_disable_header":"","neve_meta_disable_footer":"","neve_meta_disable_title":"","footnotes":""},"categories":[238],"tags":[],"class_list":["post-4766","post","type-post","status-publish","format-standard","has-post-thumbnail","hentry","category-noticies-ca"],"_links":{"self":[{"href":"https:\/\/www.iescarlessalvador.es\/index.php?rest_route=\/wp\/v2\/posts\/4766","targetHints":{"allow":["GET"]}}],"collection":[{"href":"https:\/\/www.iescarlessalvador.es\/index.php?rest_route=\/wp\/v2\/posts"}],"about":[{"href":"https:\/\/www.iescarlessalvador.es\/index.php?rest_route=\/wp\/v2\/types\/post"}],"author":[{"embeddable":true,"href":"https:\/\/www.iescarlessalvador.es\/index.php?rest_route=\/wp\/v2\/users\/1"}],"replies":[{"embeddable":true,"href":"https:\/\/www.iescarlessalvador.es\/index.php?rest_route=%2Fwp%2Fv2%2Fcomments&post=4766"}],"version-history":[{"count":2,"href":"https:\/\/www.iescarlessalvador.es\/index.php?rest_route=\/wp\/v2\/posts\/4766\/revisions"}],"predecessor-version":[{"id":4777,"href":"https:\/\/www.iescarlessalvador.es\/index.php?rest_route=\/wp\/v2\/posts\/4766\/revisions\/4777"}],"wp:featuredmedia":[{"embeddable":true,"href":"https:\/\/www.iescarlessalvador.es\/index.php?rest_route=\/wp\/v2\/media\/4769"}],"wp:attachment":[{"href":"https:\/\/www.iescarlessalvador.es\/index.php?rest_route=%2Fwp%2Fv2%2Fmedia&parent=4766"}],"wp:term":[{"taxonomy":"category","embeddable":true,"href":"https:\/\/www.iescarlessalvador.es\/index.php?rest_route=%2Fwp%2Fv2%2Fcategories&post=4766"},{"taxonomy":"post_tag","embeddable":true,"href":"https:\/\/www.iescarlessalvador.es\/index.php?rest_route=%2Fwp%2Fv2%2Ftags&post=4766"}],"curies":[{"name":"wp","href":"https:\/\/api.w.org\/{rel}","templated":true}]}}