{"id":4771,"date":"2024-04-14T16:48:50","date_gmt":"2024-04-14T16:48:50","guid":{"rendered":"https:\/\/www.iescarlessalvador.es\/?p=4771"},"modified":"2024-04-14T16:50:32","modified_gmt":"2024-04-14T16:50:32","slug":"dia-mundial-de-concienciacion-sobre-el-autismo-2024","status":"publish","type":"post","link":"https:\/\/www.iescarlessalvador.es\/?p=4771&lang=es","title":{"rendered":"D\u00eda Mundial de concienciaci\u00f3n sobre el autismo 2024"},"content":{"rendered":"\n<p>La comunidad educativa del IES Carles Salvador realiz\u00f3 el pasado 12 de abril esta actividad del D\u00eda Mundial de concienciaci\u00f3n sobre el Autismo 2024, con la realizaci\u00f3n de este s\u00edmbolo del autismo con todo el alumnado y profesorado del centro.<\/p>\n\n\n\n<figure class=\"wp-block-image\"><img fetchpriority=\"high\" decoding=\"async\" width=\"1024\" height=\"576\" src=\"https:\/\/www.iescarlessalvador.es\/wp-content\/uploads\/2024\/04\/IMG20240412103830-1024x576.jpg\" alt=\"\" class=\"wp-image-4767\" srcset=\"https:\/\/www.iescarlessalvador.es\/wp-content\/uploads\/2024\/04\/IMG20240412103830-1024x576.jpg 1024w, https:\/\/www.iescarlessalvador.es\/wp-content\/uploads\/2024\/04\/IMG20240412103830-300x169.jpg 300w, https:\/\/www.iescarlessalvador.es\/wp-content\/uploads\/2024\/04\/IMG20240412103830-768x432.jpg 768w, https:\/\/www.iescarlessalvador.es\/wp-content\/uploads\/2024\/04\/IMG20240412103830-1536x864.jpg 1536w, https:\/\/www.iescarlessalvador.es\/wp-content\/uploads\/2024\/04\/IMG20240412103830-2048x1152.jpg 2048w\" sizes=\"(max-width: 1024px) 100vw, 1024px\" \/><\/figure>\n\n\n\n<p>Le\u00edmos el manifiesto <strong>#AutismoCercaDeTi<\/strong>&nbsp;y el alumnado colabor\u00f3 en la realizaci\u00f3n de esta figura (s\u00edmbolo del Autismo) en el patio del centro.<\/p>\n\n\n\n<figure class=\"wp-block-image\"><img decoding=\"async\" width=\"1024\" height=\"576\" src=\"https:\/\/www.iescarlessalvador.es\/wp-content\/uploads\/2024\/04\/IMG20240412104518_00-1024x576.jpg\" alt=\"\" class=\"wp-image-4768\" srcset=\"https:\/\/www.iescarlessalvador.es\/wp-content\/uploads\/2024\/04\/IMG20240412104518_00-1024x576.jpg 1024w, https:\/\/www.iescarlessalvador.es\/wp-content\/uploads\/2024\/04\/IMG20240412104518_00-300x169.jpg 300w, https:\/\/www.iescarlessalvador.es\/wp-content\/uploads\/2024\/04\/IMG20240412104518_00-768x432.jpg 768w, https:\/\/www.iescarlessalvador.es\/wp-content\/uploads\/2024\/04\/IMG20240412104518_00-1536x864.jpg 1536w, https:\/\/www.iescarlessalvador.es\/wp-content\/uploads\/2024\/04\/IMG20240412104518_00-2048x1152.jpg 2048w\" sizes=\"(max-width: 1024px) 100vw, 1024px\" \/><\/figure>\n","protected":false},"excerpt":{"rendered":"<p>La comunidad educativa del IES Carles Salvador realiz\u00f3 el pasado 12 de abril esta actividad del D\u00eda Mundial de concienciaci\u00f3n sobre el Autismo 2024, con la realizaci\u00f3n de este s\u00edmbolo del autismo con todo el alumnado y profesorado del centro. Le\u00edmos el manifiesto #AutismoCercaDeTi&nbsp;y el alumnado colabor\u00f3 en la realizaci\u00f3n de esta figura (s\u00edmbolo del&hellip;&nbsp;<a href=\"https:\/\/www.iescarlessalvador.es\/?p=4771&#038;lang=es\" class=\"\" rel=\"bookmark\">Leer m\u00e1s &raquo;<span class=\"screen-reader-text\">D\u00eda Mundial de concienciaci\u00f3n sobre el autismo 2024<\/span><\/a><\/p>\n","protected":false},"author":1,"featured_media":4769,"comment_status":"closed","ping_status":"closed","sticky":false,"template":"","format":"standard","meta":{"rop_custom_images_group":[],"rop_custom_messages_group":[],"rop_publish_now":"initial","rop_publish_now_accounts":[],"rop_publish_now_history":[],"rop_publish_now_status":"pending","neve_meta_sidebar":"","neve_meta_container":"","neve_meta_enable_content_width":"","neve_meta_content_width":0,"neve_meta_title_alignment":"","neve_meta_author_avatar":"","neve_post_elements_order":"","neve_meta_disable_header":"","neve_meta_disable_footer":"","neve_meta_disable_title":"","footnotes":""},"categories":[34],"tags":[],"class_list":["post-4771","post","type-post","status-publish","format-standard","has-post-thumbnail","hentry","category-noticias"],"_links":{"self":[{"href":"https:\/\/www.iescarlessalvador.es\/index.php?rest_route=\/wp\/v2\/posts\/4771","targetHints":{"allow":["GET"]}}],"collection":[{"href":"https:\/\/www.iescarlessalvador.es\/index.php?rest_route=\/wp\/v2\/posts"}],"about":[{"href":"https:\/\/www.iescarlessalvador.es\/index.php?rest_route=\/wp\/v2\/types\/post"}],"author":[{"embeddable":true,"href":"https:\/\/www.iescarlessalvador.es\/index.php?rest_route=\/wp\/v2\/users\/1"}],"replies":[{"embeddable":true,"href":"https:\/\/www.iescarlessalvador.es\/index.php?rest_route=%2Fwp%2Fv2%2Fcomments&post=4771"}],"version-history":[{"count":2,"href":"https:\/\/www.iescarlessalvador.es\/index.php?rest_route=\/wp\/v2\/posts\/4771\/revisions"}],"predecessor-version":[{"id":4775,"href":"https:\/\/www.iescarlessalvador.es\/index.php?rest_route=\/wp\/v2\/posts\/4771\/revisions\/4775"}],"wp:featuredmedia":[{"embeddable":true,"href":"https:\/\/www.iescarlessalvador.es\/index.php?rest_route=\/wp\/v2\/media\/4769"}],"wp:attachment":[{"href":"https:\/\/www.iescarlessalvador.es\/index.php?rest_route=%2Fwp%2Fv2%2Fmedia&parent=4771"}],"wp:term":[{"taxonomy":"category","embeddable":true,"href":"https:\/\/www.iescarlessalvador.es\/index.php?rest_route=%2Fwp%2Fv2%2Fcategories&post=4771"},{"taxonomy":"post_tag","embeddable":true,"href":"https:\/\/www.iescarlessalvador.es\/index.php?rest_route=%2Fwp%2Fv2%2Ftags&post=4771"}],"curies":[{"name":"wp","href":"https:\/\/api.w.org\/{rel}","templated":true}]}}