{"id":4795,"date":"2024-04-16T21:54:17","date_gmt":"2024-04-16T21:54:17","guid":{"rendered":"https:\/\/www.iescarlessalvador.es\/?p=4795"},"modified":"2024-04-16T21:54:20","modified_gmt":"2024-04-16T21:54:20","slug":"visita-erasmus-de-los-embajadores-por-los-ods-de-lucon-francia","status":"publish","type":"post","link":"https:\/\/www.iescarlessalvador.es\/?p=4795&lang=es","title":{"rendered":"Visita Erasmus de los embajadores por los ods de lu\u00e7on (Francia)"},"content":{"rendered":"\n<p>\u00a0A lo largo de esta semana tendremos la visita de los embajadores por los ODS del Lyc\u00e9e Atlantique de Lu\u00e7on (Francia). Esta misma ma\u00f1ana hemos participado en la recepci\u00f3n que ha organizado la concejala de educaci\u00f3n y el alcalde de Aldaia en el sal\u00f3n de plenos del Ayuntamiento.<\/p>\n\n\n\n<figure class=\"wp-block-image size-large\"><img fetchpriority=\"high\" decoding=\"async\" width=\"1024\" height=\"683\" src=\"https:\/\/www.iescarlessalvador.es\/wp-content\/uploads\/2024\/04\/438391049_3756254617992329_3024856061536080897_n-1024x683.jpg\" alt=\"\" class=\"wp-image-4791\" srcset=\"https:\/\/www.iescarlessalvador.es\/wp-content\/uploads\/2024\/04\/438391049_3756254617992329_3024856061536080897_n-1024x683.jpg 1024w, https:\/\/www.iescarlessalvador.es\/wp-content\/uploads\/2024\/04\/438391049_3756254617992329_3024856061536080897_n-300x200.jpg 300w, https:\/\/www.iescarlessalvador.es\/wp-content\/uploads\/2024\/04\/438391049_3756254617992329_3024856061536080897_n-768x512.jpg 768w, https:\/\/www.iescarlessalvador.es\/wp-content\/uploads\/2024\/04\/438391049_3756254617992329_3024856061536080897_n-930x620.jpg 930w, https:\/\/www.iescarlessalvador.es\/wp-content\/uploads\/2024\/04\/438391049_3756254617992329_3024856061536080897_n.jpg 1080w\" sizes=\"(max-width: 1024px) 100vw, 1024px\" \/><\/figure>\n\n\n\n<figure class=\"wp-block-image size-large\"><img decoding=\"async\" width=\"1024\" height=\"683\" src=\"https:\/\/www.iescarlessalvador.es\/wp-content\/uploads\/2024\/04\/438826685_1102216757657127_5097716604867429614_n-1024x683.jpg\" alt=\"\" class=\"wp-image-4792\" srcset=\"https:\/\/www.iescarlessalvador.es\/wp-content\/uploads\/2024\/04\/438826685_1102216757657127_5097716604867429614_n-1024x683.jpg 1024w, https:\/\/www.iescarlessalvador.es\/wp-content\/uploads\/2024\/04\/438826685_1102216757657127_5097716604867429614_n-300x200.jpg 300w, https:\/\/www.iescarlessalvador.es\/wp-content\/uploads\/2024\/04\/438826685_1102216757657127_5097716604867429614_n-768x512.jpg 768w, https:\/\/www.iescarlessalvador.es\/wp-content\/uploads\/2024\/04\/438826685_1102216757657127_5097716604867429614_n-930x620.jpg 930w, https:\/\/www.iescarlessalvador.es\/wp-content\/uploads\/2024\/04\/438826685_1102216757657127_5097716604867429614_n.jpg 1080w\" sizes=\"(max-width: 1024px) 100vw, 1024px\" \/><\/figure>\n\n\n\n<figure class=\"wp-block-image size-large\"><img decoding=\"async\" width=\"1024\" height=\"683\" src=\"https:\/\/www.iescarlessalvador.es\/wp-content\/uploads\/2024\/04\/438859338_7812412968791014_4144252882297743121_n-1024x683.jpg\" alt=\"\" class=\"wp-image-4793\" srcset=\"https:\/\/www.iescarlessalvador.es\/wp-content\/uploads\/2024\/04\/438859338_7812412968791014_4144252882297743121_n-1024x683.jpg 1024w, https:\/\/www.iescarlessalvador.es\/wp-content\/uploads\/2024\/04\/438859338_7812412968791014_4144252882297743121_n-300x200.jpg 300w, https:\/\/www.iescarlessalvador.es\/wp-content\/uploads\/2024\/04\/438859338_7812412968791014_4144252882297743121_n-768x512.jpg 768w, https:\/\/www.iescarlessalvador.es\/wp-content\/uploads\/2024\/04\/438859338_7812412968791014_4144252882297743121_n-930x620.jpg 930w, https:\/\/www.iescarlessalvador.es\/wp-content\/uploads\/2024\/04\/438859338_7812412968791014_4144252882297743121_n.jpg 1080w\" sizes=\"(max-width: 1024px) 100vw, 1024px\" \/><\/figure>\n\n\n\n<p>El grupo de embajadores ha viajado esta semana para poder asistir al Encuentro de  Embajadores de las Naciones Unidas por los ODS que se realitzar\u00e1 el d\u00eda 20 de abril.<\/p>\n\n\n\n<p><\/p>\n","protected":false},"excerpt":{"rendered":"<p>\u00a0A lo largo de esta semana tendremos la visita de los embajadores por los ODS del Lyc\u00e9e Atlantique de Lu\u00e7on (Francia). Esta misma ma\u00f1ana hemos participado en la recepci\u00f3n que ha organizado la concejala de educaci\u00f3n y el alcalde de Aldaia en el sal\u00f3n de plenos del Ayuntamiento. El grupo de embajadores ha viajado esta&hellip;&nbsp;<a href=\"https:\/\/www.iescarlessalvador.es\/?p=4795&#038;lang=es\" class=\"\" rel=\"bookmark\">Leer m\u00e1s &raquo;<span class=\"screen-reader-text\">Visita Erasmus de los embajadores por los ods de lu\u00e7on (Francia)<\/span><\/a><\/p>\n","protected":false},"author":1,"featured_media":4791,"comment_status":"closed","ping_status":"closed","sticky":false,"template":"","format":"standard","meta":{"rop_custom_images_group":[],"rop_custom_messages_group":[],"rop_publish_now":"initial","rop_publish_now_accounts":[],"rop_publish_now_history":[],"rop_publish_now_status":"pending","neve_meta_sidebar":"","neve_meta_container":"","neve_meta_enable_content_width":"","neve_meta_content_width":0,"neve_meta_title_alignment":"","neve_meta_author_avatar":"","neve_post_elements_order":"","neve_meta_disable_header":"","neve_meta_disable_footer":"","neve_meta_disable_title":"","footnotes":""},"categories":[34],"tags":[],"class_list":["post-4795","post","type-post","status-publish","format-standard","has-post-thumbnail","hentry","category-noticias"],"_links":{"self":[{"href":"https:\/\/www.iescarlessalvador.es\/index.php?rest_route=\/wp\/v2\/posts\/4795","targetHints":{"allow":["GET"]}}],"collection":[{"href":"https:\/\/www.iescarlessalvador.es\/index.php?rest_route=\/wp\/v2\/posts"}],"about":[{"href":"https:\/\/www.iescarlessalvador.es\/index.php?rest_route=\/wp\/v2\/types\/post"}],"author":[{"embeddable":true,"href":"https:\/\/www.iescarlessalvador.es\/index.php?rest_route=\/wp\/v2\/users\/1"}],"replies":[{"embeddable":true,"href":"https:\/\/www.iescarlessalvador.es\/index.php?rest_route=%2Fwp%2Fv2%2Fcomments&post=4795"}],"version-history":[{"count":1,"href":"https:\/\/www.iescarlessalvador.es\/index.php?rest_route=\/wp\/v2\/posts\/4795\/revisions"}],"predecessor-version":[{"id":4796,"href":"https:\/\/www.iescarlessalvador.es\/index.php?rest_route=\/wp\/v2\/posts\/4795\/revisions\/4796"}],"wp:featuredmedia":[{"embeddable":true,"href":"https:\/\/www.iescarlessalvador.es\/index.php?rest_route=\/wp\/v2\/media\/4791"}],"wp:attachment":[{"href":"https:\/\/www.iescarlessalvador.es\/index.php?rest_route=%2Fwp%2Fv2%2Fmedia&parent=4795"}],"wp:term":[{"taxonomy":"category","embeddable":true,"href":"https:\/\/www.iescarlessalvador.es\/index.php?rest_route=%2Fwp%2Fv2%2Fcategories&post=4795"},{"taxonomy":"post_tag","embeddable":true,"href":"https:\/\/www.iescarlessalvador.es\/index.php?rest_route=%2Fwp%2Fv2%2Ftags&post=4795"}],"curies":[{"name":"wp","href":"https:\/\/api.w.org\/{rel}","templated":true}]}}