{"id":4804,"date":"2024-04-26T17:16:46","date_gmt":"2024-04-26T17:16:46","guid":{"rendered":"https:\/\/www.iescarlessalvador.es\/?p=4804"},"modified":"2024-04-26T17:17:59","modified_gmt":"2024-04-26T17:17:59","slug":"entrega-de-premios-cristofor-aguado-i-medina","status":"publish","type":"post","link":"https:\/\/www.iescarlessalvador.es\/?p=4804&lang=es","title":{"rendered":"Entrega de premios Cristofor Aguado i Medina"},"content":{"rendered":"\n<figure class=\"wp-block-image size-large is-resized\"><img fetchpriority=\"high\" decoding=\"async\" width=\"1024\" height=\"768\" src=\"https:\/\/www.iescarlessalvador.es\/wp-content\/uploads\/2024\/04\/lliurament-certamen-2024-1024x768.png\" alt=\"\" class=\"wp-image-4800\" style=\"aspect-ratio:1.3333333333333333;width:819px;height:auto\" srcset=\"https:\/\/www.iescarlessalvador.es\/wp-content\/uploads\/2024\/04\/lliurament-certamen-2024-1024x768.png 1024w, https:\/\/www.iescarlessalvador.es\/wp-content\/uploads\/2024\/04\/lliurament-certamen-2024-300x225.png 300w, https:\/\/www.iescarlessalvador.es\/wp-content\/uploads\/2024\/04\/lliurament-certamen-2024-768x576.png 768w, https:\/\/www.iescarlessalvador.es\/wp-content\/uploads\/2024\/04\/lliurament-certamen-2024-1536x1152.png 1536w, https:\/\/www.iescarlessalvador.es\/wp-content\/uploads\/2024\/04\/lliurament-certamen-2024.png 1600w\" sizes=\"(max-width: 1024px) 100vw, 1024px\" \/><\/figure>\n\n\n\n<p>El pasado 23 de abril se celebr\u00f3 en el TAMA de Aldaia la 37 edici\u00f3n del Certamen Literario Juvenil Crist\u00f2for Aguado i Medina organizado por el Ayuntamiento de Aldaia junto con la Biblioteca Municipal. Las alumnas del centro Ivanna Mart\u00ednez e Irene Portugu\u00e9s recibieron el 2\u00ba y 1\u00ba premio respectivamente en la modalidad de narrativa.<\/p>\n\n\n\n<figure class=\"wp-block-gallery has-nested-images columns-default is-cropped wp-block-gallery-1 is-layout-flex wp-block-gallery-is-layout-flex\">\n<figure class=\"wp-block-image size-large\"><img decoding=\"async\" width=\"1024\" height=\"1024\" data-id=\"4801\" src=\"https:\/\/www.iescarlessalvador.es\/wp-content\/uploads\/2024\/04\/1714151196850-1024x1024.jpg\" alt=\"\" class=\"wp-image-4801\" srcset=\"https:\/\/www.iescarlessalvador.es\/wp-content\/uploads\/2024\/04\/1714151196850-1024x1024.jpg 1024w, https:\/\/www.iescarlessalvador.es\/wp-content\/uploads\/2024\/04\/1714151196850-300x300.jpg 300w, https:\/\/www.iescarlessalvador.es\/wp-content\/uploads\/2024\/04\/1714151196850-150x150.jpg 150w, https:\/\/www.iescarlessalvador.es\/wp-content\/uploads\/2024\/04\/1714151196850-768x768.jpg 768w, https:\/\/www.iescarlessalvador.es\/wp-content\/uploads\/2024\/04\/1714151196850-1536x1536.jpg 1536w, https:\/\/www.iescarlessalvador.es\/wp-content\/uploads\/2024\/04\/1714151196850-2048x2048.jpg 2048w\" sizes=\"(max-width: 1024px) 100vw, 1024px\" \/><\/figure>\n\n\n\n<figure class=\"wp-block-image size-large\"><img decoding=\"async\" width=\"1024\" height=\"1024\" data-id=\"4802\" src=\"https:\/\/www.iescarlessalvador.es\/wp-content\/uploads\/2024\/04\/1714151196789-1024x1024.jpg\" alt=\"\" class=\"wp-image-4802\" srcset=\"https:\/\/www.iescarlessalvador.es\/wp-content\/uploads\/2024\/04\/1714151196789-1024x1024.jpg 1024w, https:\/\/www.iescarlessalvador.es\/wp-content\/uploads\/2024\/04\/1714151196789-300x300.jpg 300w, https:\/\/www.iescarlessalvador.es\/wp-content\/uploads\/2024\/04\/1714151196789-150x150.jpg 150w, https:\/\/www.iescarlessalvador.es\/wp-content\/uploads\/2024\/04\/1714151196789-768x768.jpg 768w, https:\/\/www.iescarlessalvador.es\/wp-content\/uploads\/2024\/04\/1714151196789-1536x1536.jpg 1536w, https:\/\/www.iescarlessalvador.es\/wp-content\/uploads\/2024\/04\/1714151196789-2048x2048.jpg 2048w\" sizes=\"(max-width: 1024px) 100vw, 1024px\" \/><\/figure>\n<\/figure>\n\n\n\n<p>Enhorabuena por vuestro galard\u00f3n.<\/p>\n","protected":false},"excerpt":{"rendered":"<p>El pasado 23 de abril se celebr\u00f3 en el TAMA de Aldaia la 37 edici\u00f3n del Certamen Literario Juvenil Crist\u00f2for Aguado i Medina organizado por el Ayuntamiento de Aldaia junto con la Biblioteca Municipal. Las alumnas del centro Ivanna Mart\u00ednez e Irene Portugu\u00e9s recibieron el 2\u00ba y 1\u00ba premio respectivamente en la modalidad de narrativa.&hellip;&nbsp;<a href=\"https:\/\/www.iescarlessalvador.es\/?p=4804&#038;lang=es\" class=\"\" rel=\"bookmark\">Leer m\u00e1s &raquo;<span class=\"screen-reader-text\">Entrega de premios Cristofor Aguado i Medina<\/span><\/a><\/p>\n","protected":false},"author":1,"featured_media":4800,"comment_status":"closed","ping_status":"closed","sticky":false,"template":"","format":"standard","meta":{"rop_custom_images_group":[],"rop_custom_messages_group":[],"rop_publish_now":"initial","rop_publish_now_accounts":[],"rop_publish_now_history":[],"rop_publish_now_status":"pending","neve_meta_sidebar":"","neve_meta_container":"","neve_meta_enable_content_width":"","neve_meta_content_width":0,"neve_meta_title_alignment":"","neve_meta_author_avatar":"","neve_post_elements_order":"","neve_meta_disable_header":"","neve_meta_disable_footer":"","neve_meta_disable_title":"","footnotes":""},"categories":[34],"tags":[],"class_list":["post-4804","post","type-post","status-publish","format-standard","has-post-thumbnail","hentry","category-noticias"],"_links":{"self":[{"href":"https:\/\/www.iescarlessalvador.es\/index.php?rest_route=\/wp\/v2\/posts\/4804","targetHints":{"allow":["GET"]}}],"collection":[{"href":"https:\/\/www.iescarlessalvador.es\/index.php?rest_route=\/wp\/v2\/posts"}],"about":[{"href":"https:\/\/www.iescarlessalvador.es\/index.php?rest_route=\/wp\/v2\/types\/post"}],"author":[{"embeddable":true,"href":"https:\/\/www.iescarlessalvador.es\/index.php?rest_route=\/wp\/v2\/users\/1"}],"replies":[{"embeddable":true,"href":"https:\/\/www.iescarlessalvador.es\/index.php?rest_route=%2Fwp%2Fv2%2Fcomments&post=4804"}],"version-history":[{"count":3,"href":"https:\/\/www.iescarlessalvador.es\/index.php?rest_route=\/wp\/v2\/posts\/4804\/revisions"}],"predecessor-version":[{"id":4808,"href":"https:\/\/www.iescarlessalvador.es\/index.php?rest_route=\/wp\/v2\/posts\/4804\/revisions\/4808"}],"wp:featuredmedia":[{"embeddable":true,"href":"https:\/\/www.iescarlessalvador.es\/index.php?rest_route=\/wp\/v2\/media\/4800"}],"wp:attachment":[{"href":"https:\/\/www.iescarlessalvador.es\/index.php?rest_route=%2Fwp%2Fv2%2Fmedia&parent=4804"}],"wp:term":[{"taxonomy":"category","embeddable":true,"href":"https:\/\/www.iescarlessalvador.es\/index.php?rest_route=%2Fwp%2Fv2%2Fcategories&post=4804"},{"taxonomy":"post_tag","embeddable":true,"href":"https:\/\/www.iescarlessalvador.es\/index.php?rest_route=%2Fwp%2Fv2%2Ftags&post=4804"}],"curies":[{"name":"wp","href":"https:\/\/api.w.org\/{rel}","templated":true}]}}