{"id":4833,"date":"2024-05-04T06:53:24","date_gmt":"2024-05-04T06:53:24","guid":{"rendered":"https:\/\/www.iescarlessalvador.es\/?p=4833"},"modified":"2024-05-04T06:53:25","modified_gmt":"2024-05-04T06:53:25","slug":"lopera-en-construccio","status":"publish","type":"post","link":"https:\/\/www.iescarlessalvador.es\/?p=4833","title":{"rendered":"L&#8217;\u00d2pera en construcci\u00f3"},"content":{"rendered":"\n<p>El passat 22 d&#8217;abril alumnat de l&#8217;optativa de Creativitat Musical (3r ESO) i Llenguatge i pr\u00e0ctica Musical (1r Batx) van participar <em>al Palau de les Arts de Valencia, a l&#8217;activitat L&#8217; \u00d2pera en construcci\u00f3.<\/em><\/p>\n\n\n\n<p>En l&#8217;activitat van con\u00e8ixer al detall el proc\u00e9s de producci\u00f3 d&#8217;una \u00f2pera. La selecci\u00f3 d&#8217;un t\u00edtol, el disseny esc\u00e8nic, la coordinaci\u00f3 entres les \u00e0rees art\u00edstiques i t\u00e8cniques, el proc\u00e9s dels assaigs, i tot all\u00f2 que es conjuga fins al dia de l&#8217;estrena<em>. I tot a\u00e7\u00f2 explicat damunt l&#8217;escenari&#8230; <\/em><\/p>\n\n\n\n<p>Va ser una experi\u00e8ncia increible<em>.<\/em><\/p>\n\n\n\n<figure class=\"wp-block-gallery has-nested-images columns-default is-cropped wp-block-gallery-1 is-layout-flex wp-block-gallery-is-layout-flex\">\n<figure class=\"wp-block-image size-large\"><img fetchpriority=\"high\" decoding=\"async\" width=\"1024\" height=\"462\" data-id=\"4836\" src=\"https:\/\/www.iescarlessalvador.es\/wp-content\/uploads\/2024\/05\/WhatsApp-Image-2024-04-22-at-17.34.17-1024x462.jpeg\" alt=\"\" class=\"wp-image-4836\" srcset=\"https:\/\/www.iescarlessalvador.es\/wp-content\/uploads\/2024\/05\/WhatsApp-Image-2024-04-22-at-17.34.17-1024x462.jpeg 1024w, https:\/\/www.iescarlessalvador.es\/wp-content\/uploads\/2024\/05\/WhatsApp-Image-2024-04-22-at-17.34.17-300x135.jpeg 300w, https:\/\/www.iescarlessalvador.es\/wp-content\/uploads\/2024\/05\/WhatsApp-Image-2024-04-22-at-17.34.17-768x346.jpeg 768w, https:\/\/www.iescarlessalvador.es\/wp-content\/uploads\/2024\/05\/WhatsApp-Image-2024-04-22-at-17.34.17-1536x692.jpeg 1536w, https:\/\/www.iescarlessalvador.es\/wp-content\/uploads\/2024\/05\/WhatsApp-Image-2024-04-22-at-17.34.17.jpeg 2048w\" sizes=\"(max-width: 1024px) 100vw, 1024px\" \/><\/figure>\n\n\n\n<figure class=\"wp-block-image size-large\"><img decoding=\"async\" width=\"1024\" height=\"461\" data-id=\"4837\" src=\"https:\/\/www.iescarlessalvador.es\/wp-content\/uploads\/2024\/05\/WhatsApp-Image-2024-04-22-at-17.34.18-1024x461.jpeg\" alt=\"\" class=\"wp-image-4837\" srcset=\"https:\/\/www.iescarlessalvador.es\/wp-content\/uploads\/2024\/05\/WhatsApp-Image-2024-04-22-at-17.34.18-1024x461.jpeg 1024w, https:\/\/www.iescarlessalvador.es\/wp-content\/uploads\/2024\/05\/WhatsApp-Image-2024-04-22-at-17.34.18-300x135.jpeg 300w, https:\/\/www.iescarlessalvador.es\/wp-content\/uploads\/2024\/05\/WhatsApp-Image-2024-04-22-at-17.34.18-768x346.jpeg 768w, https:\/\/www.iescarlessalvador.es\/wp-content\/uploads\/2024\/05\/WhatsApp-Image-2024-04-22-at-17.34.18-1536x691.jpeg 1536w, https:\/\/www.iescarlessalvador.es\/wp-content\/uploads\/2024\/05\/WhatsApp-Image-2024-04-22-at-17.34.18.jpeg 2000w\" sizes=\"(max-width: 1024px) 100vw, 1024px\" \/><\/figure>\n\n\n\n<figure class=\"wp-block-image size-large\"><img decoding=\"async\" width=\"1024\" height=\"462\" data-id=\"4839\" src=\"https:\/\/www.iescarlessalvador.es\/wp-content\/uploads\/2024\/05\/WhatsApp-Image-2024-04-22-at-17.34.23-1024x462.jpeg\" alt=\"\" class=\"wp-image-4839\" srcset=\"https:\/\/www.iescarlessalvador.es\/wp-content\/uploads\/2024\/05\/WhatsApp-Image-2024-04-22-at-17.34.23-1024x462.jpeg 1024w, https:\/\/www.iescarlessalvador.es\/wp-content\/uploads\/2024\/05\/WhatsApp-Image-2024-04-22-at-17.34.23-300x135.jpeg 300w, https:\/\/www.iescarlessalvador.es\/wp-content\/uploads\/2024\/05\/WhatsApp-Image-2024-04-22-at-17.34.23-768x346.jpeg 768w, https:\/\/www.iescarlessalvador.es\/wp-content\/uploads\/2024\/05\/WhatsApp-Image-2024-04-22-at-17.34.23-1536x692.jpeg 1536w, https:\/\/www.iescarlessalvador.es\/wp-content\/uploads\/2024\/05\/WhatsApp-Image-2024-04-22-at-17.34.23.jpeg 2048w\" sizes=\"(max-width: 1024px) 100vw, 1024px\" \/><\/figure>\n\n\n\n<figure class=\"wp-block-image size-large\"><img loading=\"lazy\" decoding=\"async\" width=\"1024\" height=\"462\" data-id=\"4834\" src=\"https:\/\/www.iescarlessalvador.es\/wp-content\/uploads\/2024\/05\/WhatsApp-Image-2024-04-22-at-17.34.25-1024x462.jpeg\" alt=\"\" class=\"wp-image-4834\" srcset=\"https:\/\/www.iescarlessalvador.es\/wp-content\/uploads\/2024\/05\/WhatsApp-Image-2024-04-22-at-17.34.25-1024x462.jpeg 1024w, https:\/\/www.iescarlessalvador.es\/wp-content\/uploads\/2024\/05\/WhatsApp-Image-2024-04-22-at-17.34.25-300x135.jpeg 300w, https:\/\/www.iescarlessalvador.es\/wp-content\/uploads\/2024\/05\/WhatsApp-Image-2024-04-22-at-17.34.25-768x346.jpeg 768w, https:\/\/www.iescarlessalvador.es\/wp-content\/uploads\/2024\/05\/WhatsApp-Image-2024-04-22-at-17.34.25-1536x692.jpeg 1536w, https:\/\/www.iescarlessalvador.es\/wp-content\/uploads\/2024\/05\/WhatsApp-Image-2024-04-22-at-17.34.25.jpeg 2048w\" sizes=\"(max-width: 1024px) 100vw, 1024px\" \/><\/figure>\n\n\n\n<figure class=\"wp-block-image size-large\"><img loading=\"lazy\" decoding=\"async\" width=\"1024\" height=\"462\" data-id=\"4835\" src=\"https:\/\/www.iescarlessalvador.es\/wp-content\/uploads\/2024\/05\/WhatsApp-Image-2024-04-22-at-17.34.27-1024x462.jpeg\" alt=\"\" class=\"wp-image-4835\" srcset=\"https:\/\/www.iescarlessalvador.es\/wp-content\/uploads\/2024\/05\/WhatsApp-Image-2024-04-22-at-17.34.27-1024x462.jpeg 1024w, https:\/\/www.iescarlessalvador.es\/wp-content\/uploads\/2024\/05\/WhatsApp-Image-2024-04-22-at-17.34.27-300x135.jpeg 300w, https:\/\/www.iescarlessalvador.es\/wp-content\/uploads\/2024\/05\/WhatsApp-Image-2024-04-22-at-17.34.27-768x346.jpeg 768w, https:\/\/www.iescarlessalvador.es\/wp-content\/uploads\/2024\/05\/WhatsApp-Image-2024-04-22-at-17.34.27-1536x692.jpeg 1536w, https:\/\/www.iescarlessalvador.es\/wp-content\/uploads\/2024\/05\/WhatsApp-Image-2024-04-22-at-17.34.27.jpeg 2048w\" sizes=\"(max-width: 1024px) 100vw, 1024px\" \/><\/figure>\n<\/figure>\n","protected":false},"excerpt":{"rendered":"<p>El passat 22 d&#8217;abril alumnat de l&#8217;optativa de Creativitat Musical (3r ESO) i Llenguatge i pr\u00e0ctica Musical (1r Batx) van participar al Palau de les Arts de Valencia, a l&#8217;activitat L&#8217; \u00d2pera en construcci\u00f3. En l&#8217;activitat van con\u00e8ixer al detall el proc\u00e9s de producci\u00f3 d&#8217;una \u00f2pera. La selecci\u00f3 d&#8217;un t\u00edtol, el disseny esc\u00e8nic, la coordinaci\u00f3&hellip;&nbsp;<a href=\"https:\/\/www.iescarlessalvador.es\/?p=4833\" class=\"\" rel=\"bookmark\">Leer m\u00e1s &raquo;<span class=\"screen-reader-text\">L&#8217;\u00d2pera en construcci\u00f3<\/span><\/a><\/p>\n","protected":false},"author":1,"featured_media":4836,"comment_status":"closed","ping_status":"closed","sticky":false,"template":"","format":"standard","meta":{"rop_custom_images_group":[],"rop_custom_messages_group":[],"rop_publish_now":"initial","rop_publish_now_accounts":[],"rop_publish_now_history":[],"rop_publish_now_status":"pending","neve_meta_sidebar":"","neve_meta_container":"","neve_meta_enable_content_width":"","neve_meta_content_width":0,"neve_meta_title_alignment":"","neve_meta_author_avatar":"","neve_post_elements_order":"","neve_meta_disable_header":"","neve_meta_disable_footer":"","neve_meta_disable_title":"","footnotes":""},"categories":[238],"tags":[],"class_list":["post-4833","post","type-post","status-publish","format-standard","has-post-thumbnail","hentry","category-noticies-ca"],"_links":{"self":[{"href":"https:\/\/www.iescarlessalvador.es\/index.php?rest_route=\/wp\/v2\/posts\/4833","targetHints":{"allow":["GET"]}}],"collection":[{"href":"https:\/\/www.iescarlessalvador.es\/index.php?rest_route=\/wp\/v2\/posts"}],"about":[{"href":"https:\/\/www.iescarlessalvador.es\/index.php?rest_route=\/wp\/v2\/types\/post"}],"author":[{"embeddable":true,"href":"https:\/\/www.iescarlessalvador.es\/index.php?rest_route=\/wp\/v2\/users\/1"}],"replies":[{"embeddable":true,"href":"https:\/\/www.iescarlessalvador.es\/index.php?rest_route=%2Fwp%2Fv2%2Fcomments&post=4833"}],"version-history":[{"count":1,"href":"https:\/\/www.iescarlessalvador.es\/index.php?rest_route=\/wp\/v2\/posts\/4833\/revisions"}],"predecessor-version":[{"id":4840,"href":"https:\/\/www.iescarlessalvador.es\/index.php?rest_route=\/wp\/v2\/posts\/4833\/revisions\/4840"}],"wp:featuredmedia":[{"embeddable":true,"href":"https:\/\/www.iescarlessalvador.es\/index.php?rest_route=\/wp\/v2\/media\/4836"}],"wp:attachment":[{"href":"https:\/\/www.iescarlessalvador.es\/index.php?rest_route=%2Fwp%2Fv2%2Fmedia&parent=4833"}],"wp:term":[{"taxonomy":"category","embeddable":true,"href":"https:\/\/www.iescarlessalvador.es\/index.php?rest_route=%2Fwp%2Fv2%2Fcategories&post=4833"},{"taxonomy":"post_tag","embeddable":true,"href":"https:\/\/www.iescarlessalvador.es\/index.php?rest_route=%2Fwp%2Fv2%2Ftags&post=4833"}],"curies":[{"name":"wp","href":"https:\/\/api.w.org\/{rel}","templated":true}]}}