{"id":4874,"date":"2024-05-15T21:56:07","date_gmt":"2024-05-15T21:56:07","guid":{"rendered":"https:\/\/www.iescarlessalvador.es\/?p=4874"},"modified":"2024-05-15T21:56:11","modified_gmt":"2024-05-15T21:56:11","slug":"4a-trobada-dambaixadors","status":"publish","type":"post","link":"https:\/\/www.iescarlessalvador.es\/?p=4874","title":{"rendered":"4\u00aa trobada d&#8217;ambaixadors"},"content":{"rendered":"\n<p>El passat disabte 20 d&#8217;abril, els nostres ambaixadors dels ODs, junt amb els d&#8217;altres 10 instituts i col\u00b7legis de Val\u00e8ncia assistiren a la 4\u00aa trobada d&#8217;ambaixadors que va tindre lloc al centre de Comunicacions de la ONU a Quart de Poblet.<\/p>\n\n\n\n<p>En aquesta ocasi\u00f3 tamb\u00e9 van participar per primera vegada els Ambaixadors del Lyc\u00e9e Atlantique de Lu\u00e7on (Fran\u00e7a), que al llarg de tota la setmana realitzaren diferents activitats sobre els ODS al nostre centre.<\/p>\n\n\n\n<p>En la trobada se van realitzar diferents tallers relacioats amb la salut, , reciclatge, el canvi clim\u00e0tic i els drets humans. L&#8217;alumnat va tindre l&#8217;oportunitat de compartir idees i experi\u00e8ncies amb els seus companys d&#8217;altres centres educatius.<\/p>\n\n\n\n<figure class=\"wp-block-gallery has-nested-images columns-default is-cropped wp-block-gallery-1 is-layout-flex wp-block-gallery-is-layout-flex\">\n<figure class=\"wp-block-image size-large\"><img fetchpriority=\"high\" decoding=\"async\" width=\"1024\" height=\"768\" data-id=\"4875\" src=\"https:\/\/www.iescarlessalvador.es\/wp-content\/uploads\/2024\/05\/IMG-20240420-WA0013-1024x768.jpg\" alt=\"\" class=\"wp-image-4875\" srcset=\"https:\/\/www.iescarlessalvador.es\/wp-content\/uploads\/2024\/05\/IMG-20240420-WA0013-1024x768.jpg 1024w, https:\/\/www.iescarlessalvador.es\/wp-content\/uploads\/2024\/05\/IMG-20240420-WA0013-300x225.jpg 300w, https:\/\/www.iescarlessalvador.es\/wp-content\/uploads\/2024\/05\/IMG-20240420-WA0013-768x576.jpg 768w, https:\/\/www.iescarlessalvador.es\/wp-content\/uploads\/2024\/05\/IMG-20240420-WA0013-1536x1152.jpg 1536w, https:\/\/www.iescarlessalvador.es\/wp-content\/uploads\/2024\/05\/IMG-20240420-WA0013.jpg 2048w\" sizes=\"(max-width: 1024px) 100vw, 1024px\" \/><\/figure>\n\n\n\n<figure class=\"wp-block-image size-large\"><img decoding=\"async\" width=\"768\" height=\"1024\" data-id=\"4876\" src=\"https:\/\/www.iescarlessalvador.es\/wp-content\/uploads\/2024\/05\/IMG-20240515-WA0003-768x1024.jpg\" alt=\"\" class=\"wp-image-4876\" srcset=\"https:\/\/www.iescarlessalvador.es\/wp-content\/uploads\/2024\/05\/IMG-20240515-WA0003-768x1024.jpg 768w, https:\/\/www.iescarlessalvador.es\/wp-content\/uploads\/2024\/05\/IMG-20240515-WA0003-225x300.jpg 225w, https:\/\/www.iescarlessalvador.es\/wp-content\/uploads\/2024\/05\/IMG-20240515-WA0003-1152x1536.jpg 1152w, https:\/\/www.iescarlessalvador.es\/wp-content\/uploads\/2024\/05\/IMG-20240515-WA0003.jpg 1500w\" sizes=\"(max-width: 768px) 100vw, 768px\" \/><\/figure>\n\n\n\n<figure class=\"wp-block-image size-large\"><img decoding=\"async\" width=\"1024\" height=\"768\" data-id=\"4878\" src=\"https:\/\/www.iescarlessalvador.es\/wp-content\/uploads\/2024\/05\/IMG-20240515-WA0002-1024x768.jpg\" alt=\"\" class=\"wp-image-4878\" srcset=\"https:\/\/www.iescarlessalvador.es\/wp-content\/uploads\/2024\/05\/IMG-20240515-WA0002-1024x768.jpg 1024w, https:\/\/www.iescarlessalvador.es\/wp-content\/uploads\/2024\/05\/IMG-20240515-WA0002-300x225.jpg 300w, https:\/\/www.iescarlessalvador.es\/wp-content\/uploads\/2024\/05\/IMG-20240515-WA0002-768x576.jpg 768w, https:\/\/www.iescarlessalvador.es\/wp-content\/uploads\/2024\/05\/IMG-20240515-WA0002-1536x1152.jpg 1536w, https:\/\/www.iescarlessalvador.es\/wp-content\/uploads\/2024\/05\/IMG-20240515-WA0002.jpg 1600w\" sizes=\"(max-width: 1024px) 100vw, 1024px\" \/><\/figure>\n\n\n\n<figure class=\"wp-block-image size-large\"><img loading=\"lazy\" decoding=\"async\" width=\"1024\" height=\"768\" data-id=\"4877\" src=\"https:\/\/www.iescarlessalvador.es\/wp-content\/uploads\/2024\/05\/IMG-20240420-WA0014-1024x768.jpg\" alt=\"\" class=\"wp-image-4877\" srcset=\"https:\/\/www.iescarlessalvador.es\/wp-content\/uploads\/2024\/05\/IMG-20240420-WA0014-1024x768.jpg 1024w, https:\/\/www.iescarlessalvador.es\/wp-content\/uploads\/2024\/05\/IMG-20240420-WA0014-300x225.jpg 300w, https:\/\/www.iescarlessalvador.es\/wp-content\/uploads\/2024\/05\/IMG-20240420-WA0014-768x576.jpg 768w, https:\/\/www.iescarlessalvador.es\/wp-content\/uploads\/2024\/05\/IMG-20240420-WA0014-1536x1152.jpg 1536w, https:\/\/www.iescarlessalvador.es\/wp-content\/uploads\/2024\/05\/IMG-20240420-WA0014.jpg 2048w\" sizes=\"(max-width: 1024px) 100vw, 1024px\" \/><\/figure>\n<\/figure>\n","protected":false},"excerpt":{"rendered":"<p>El passat disabte 20 d&#8217;abril, els nostres ambaixadors dels ODs, junt amb els d&#8217;altres 10 instituts i col\u00b7legis de Val\u00e8ncia assistiren a la 4\u00aa trobada d&#8217;ambaixadors que va tindre lloc al centre de Comunicacions de la ONU a Quart de Poblet. En aquesta ocasi\u00f3 tamb\u00e9 van participar per primera vegada els Ambaixadors del Lyc\u00e9e Atlantique&hellip;&nbsp;<a href=\"https:\/\/www.iescarlessalvador.es\/?p=4874\" class=\"\" rel=\"bookmark\">Leer m\u00e1s &raquo;<span class=\"screen-reader-text\">4\u00aa trobada d&#8217;ambaixadors<\/span><\/a><\/p>\n","protected":false},"author":1,"featured_media":4877,"comment_status":"closed","ping_status":"closed","sticky":false,"template":"","format":"standard","meta":{"rop_custom_images_group":[],"rop_custom_messages_group":[],"rop_publish_now":"initial","rop_publish_now_accounts":[],"rop_publish_now_history":[],"rop_publish_now_status":"pending","neve_meta_sidebar":"","neve_meta_container":"","neve_meta_enable_content_width":"","neve_meta_content_width":0,"neve_meta_title_alignment":"","neve_meta_author_avatar":"","neve_post_elements_order":"","neve_meta_disable_header":"","neve_meta_disable_footer":"","neve_meta_disable_title":"","footnotes":""},"categories":[238],"tags":[],"class_list":["post-4874","post","type-post","status-publish","format-standard","has-post-thumbnail","hentry","category-noticies-ca"],"_links":{"self":[{"href":"https:\/\/www.iescarlessalvador.es\/index.php?rest_route=\/wp\/v2\/posts\/4874","targetHints":{"allow":["GET"]}}],"collection":[{"href":"https:\/\/www.iescarlessalvador.es\/index.php?rest_route=\/wp\/v2\/posts"}],"about":[{"href":"https:\/\/www.iescarlessalvador.es\/index.php?rest_route=\/wp\/v2\/types\/post"}],"author":[{"embeddable":true,"href":"https:\/\/www.iescarlessalvador.es\/index.php?rest_route=\/wp\/v2\/users\/1"}],"replies":[{"embeddable":true,"href":"https:\/\/www.iescarlessalvador.es\/index.php?rest_route=%2Fwp%2Fv2%2Fcomments&post=4874"}],"version-history":[{"count":1,"href":"https:\/\/www.iescarlessalvador.es\/index.php?rest_route=\/wp\/v2\/posts\/4874\/revisions"}],"predecessor-version":[{"id":4879,"href":"https:\/\/www.iescarlessalvador.es\/index.php?rest_route=\/wp\/v2\/posts\/4874\/revisions\/4879"}],"wp:featuredmedia":[{"embeddable":true,"href":"https:\/\/www.iescarlessalvador.es\/index.php?rest_route=\/wp\/v2\/media\/4877"}],"wp:attachment":[{"href":"https:\/\/www.iescarlessalvador.es\/index.php?rest_route=%2Fwp%2Fv2%2Fmedia&parent=4874"}],"wp:term":[{"taxonomy":"category","embeddable":true,"href":"https:\/\/www.iescarlessalvador.es\/index.php?rest_route=%2Fwp%2Fv2%2Fcategories&post=4874"},{"taxonomy":"post_tag","embeddable":true,"href":"https:\/\/www.iescarlessalvador.es\/index.php?rest_route=%2Fwp%2Fv2%2Ftags&post=4874"}],"curies":[{"name":"wp","href":"https:\/\/api.w.org\/{rel}","templated":true}]}}