{"id":4880,"date":"2024-05-15T21:59:22","date_gmt":"2024-05-15T21:59:22","guid":{"rendered":"https:\/\/www.iescarlessalvador.es\/?p=4880"},"modified":"2024-05-15T22:05:43","modified_gmt":"2024-05-15T22:05:43","slug":"4o-encuentro-de-embajadors-de-los-ods","status":"publish","type":"post","link":"https:\/\/www.iescarlessalvador.es\/?p=4880&lang=es","title":{"rendered":"4\u00ba encuentro de embajador@s de los ods"},"content":{"rendered":"\n<p>El pasado s\u00e1bado 20 de abril nuestros embajador@s de los ODS , junto con los de otros 10 institutos y colegios de Valencia asistieron al 4\u00b0 Encuentro de Embajador@s que tuvo lugar en el Centro de Comunicaciones de la ONU de Quart de Poblet. En esta ocasi\u00f3n tambi\u00e9n participaron por primera vez los Embajador@s del instituto Lyc\u00e9e Atlantique de Lu\u00e7on ( Francia), que durante esa semana realizaron diferentes actividades sobre los ODS en nuestro centro.<\/p>\n\n\n\n<p>En dicho Encuentro realizaron diversos talleres relacionados con la salud, el reciclaje, el cambio clim\u00e1tico y los derechos humanos.<\/p>\n\n\n\n<p>El alumnado participante tuvo la oportunidad de compartir ideas y experiencias con sus compa\u00f1eros de los otros centros educativos.<\/p>\n\n\n\n<figure class=\"wp-block-gallery has-nested-images columns-default is-cropped wp-block-gallery-1 is-layout-flex wp-block-gallery-is-layout-flex\">\n<figure class=\"wp-block-image size-large\"><img fetchpriority=\"high\" decoding=\"async\" width=\"1024\" height=\"768\" data-id=\"4878\" src=\"https:\/\/www.iescarlessalvador.es\/wp-content\/uploads\/2024\/05\/IMG-20240515-WA0002-1024x768.jpg\" alt=\"\" class=\"wp-image-4878\" srcset=\"https:\/\/www.iescarlessalvador.es\/wp-content\/uploads\/2024\/05\/IMG-20240515-WA0002-1024x768.jpg 1024w, https:\/\/www.iescarlessalvador.es\/wp-content\/uploads\/2024\/05\/IMG-20240515-WA0002-300x225.jpg 300w, https:\/\/www.iescarlessalvador.es\/wp-content\/uploads\/2024\/05\/IMG-20240515-WA0002-768x576.jpg 768w, https:\/\/www.iescarlessalvador.es\/wp-content\/uploads\/2024\/05\/IMG-20240515-WA0002-1536x1152.jpg 1536w, https:\/\/www.iescarlessalvador.es\/wp-content\/uploads\/2024\/05\/IMG-20240515-WA0002.jpg 1600w\" sizes=\"(max-width: 1024px) 100vw, 1024px\" \/><\/figure>\n\n\n\n<figure class=\"wp-block-image size-large\"><img decoding=\"async\" width=\"768\" height=\"1024\" data-id=\"4876\" src=\"https:\/\/www.iescarlessalvador.es\/wp-content\/uploads\/2024\/05\/IMG-20240515-WA0003-768x1024.jpg\" alt=\"\" class=\"wp-image-4876\" srcset=\"https:\/\/www.iescarlessalvador.es\/wp-content\/uploads\/2024\/05\/IMG-20240515-WA0003-768x1024.jpg 768w, https:\/\/www.iescarlessalvador.es\/wp-content\/uploads\/2024\/05\/IMG-20240515-WA0003-225x300.jpg 225w, https:\/\/www.iescarlessalvador.es\/wp-content\/uploads\/2024\/05\/IMG-20240515-WA0003-1152x1536.jpg 1152w, https:\/\/www.iescarlessalvador.es\/wp-content\/uploads\/2024\/05\/IMG-20240515-WA0003.jpg 1500w\" sizes=\"(max-width: 768px) 100vw, 768px\" \/><\/figure>\n\n\n\n<figure class=\"wp-block-image size-large\"><img decoding=\"async\" width=\"1024\" height=\"768\" data-id=\"4875\" src=\"https:\/\/www.iescarlessalvador.es\/wp-content\/uploads\/2024\/05\/IMG-20240420-WA0013-1024x768.jpg\" alt=\"\" class=\"wp-image-4875\" srcset=\"https:\/\/www.iescarlessalvador.es\/wp-content\/uploads\/2024\/05\/IMG-20240420-WA0013-1024x768.jpg 1024w, https:\/\/www.iescarlessalvador.es\/wp-content\/uploads\/2024\/05\/IMG-20240420-WA0013-300x225.jpg 300w, https:\/\/www.iescarlessalvador.es\/wp-content\/uploads\/2024\/05\/IMG-20240420-WA0013-768x576.jpg 768w, https:\/\/www.iescarlessalvador.es\/wp-content\/uploads\/2024\/05\/IMG-20240420-WA0013-1536x1152.jpg 1536w, https:\/\/www.iescarlessalvador.es\/wp-content\/uploads\/2024\/05\/IMG-20240420-WA0013.jpg 2048w\" sizes=\"(max-width: 1024px) 100vw, 1024px\" \/><\/figure>\n\n\n\n<figure class=\"wp-block-image size-large\"><img loading=\"lazy\" decoding=\"async\" width=\"1024\" height=\"768\" data-id=\"4877\" src=\"https:\/\/www.iescarlessalvador.es\/wp-content\/uploads\/2024\/05\/IMG-20240420-WA0014-1024x768.jpg\" alt=\"\" class=\"wp-image-4877\" srcset=\"https:\/\/www.iescarlessalvador.es\/wp-content\/uploads\/2024\/05\/IMG-20240420-WA0014-1024x768.jpg 1024w, https:\/\/www.iescarlessalvador.es\/wp-content\/uploads\/2024\/05\/IMG-20240420-WA0014-300x225.jpg 300w, https:\/\/www.iescarlessalvador.es\/wp-content\/uploads\/2024\/05\/IMG-20240420-WA0014-768x576.jpg 768w, https:\/\/www.iescarlessalvador.es\/wp-content\/uploads\/2024\/05\/IMG-20240420-WA0014-1536x1152.jpg 1536w, https:\/\/www.iescarlessalvador.es\/wp-content\/uploads\/2024\/05\/IMG-20240420-WA0014.jpg 2048w\" sizes=\"(max-width: 1024px) 100vw, 1024px\" \/><\/figure>\n<\/figure>\n","protected":false},"excerpt":{"rendered":"<p>El pasado s\u00e1bado 20 de abril nuestros embajador@s de los ODS , junto con los de otros 10 institutos y colegios de Valencia asistieron al 4\u00b0 Encuentro de Embajador@s que tuvo lugar en el Centro de Comunicaciones de la ONU de Quart de Poblet. En esta ocasi\u00f3n tambi\u00e9n participaron por primera vez los Embajador@s del&hellip;&nbsp;<a href=\"https:\/\/www.iescarlessalvador.es\/?p=4880&#038;lang=es\" class=\"\" rel=\"bookmark\">Leer m\u00e1s &raquo;<span class=\"screen-reader-text\">4\u00ba encuentro de embajador@s de los ods<\/span><\/a><\/p>\n","protected":false},"author":1,"featured_media":4877,"comment_status":"closed","ping_status":"closed","sticky":false,"template":"","format":"standard","meta":{"rop_custom_images_group":[],"rop_custom_messages_group":[],"rop_publish_now":"initial","rop_publish_now_accounts":[],"rop_publish_now_history":[],"rop_publish_now_status":"pending","neve_meta_sidebar":"","neve_meta_container":"","neve_meta_enable_content_width":"","neve_meta_content_width":0,"neve_meta_title_alignment":"","neve_meta_author_avatar":"","neve_post_elements_order":"","neve_meta_disable_header":"","neve_meta_disable_footer":"","neve_meta_disable_title":"","footnotes":""},"categories":[34],"tags":[],"class_list":["post-4880","post","type-post","status-publish","format-standard","has-post-thumbnail","hentry","category-noticias"],"_links":{"self":[{"href":"https:\/\/www.iescarlessalvador.es\/index.php?rest_route=\/wp\/v2\/posts\/4880","targetHints":{"allow":["GET"]}}],"collection":[{"href":"https:\/\/www.iescarlessalvador.es\/index.php?rest_route=\/wp\/v2\/posts"}],"about":[{"href":"https:\/\/www.iescarlessalvador.es\/index.php?rest_route=\/wp\/v2\/types\/post"}],"author":[{"embeddable":true,"href":"https:\/\/www.iescarlessalvador.es\/index.php?rest_route=\/wp\/v2\/users\/1"}],"replies":[{"embeddable":true,"href":"https:\/\/www.iescarlessalvador.es\/index.php?rest_route=%2Fwp%2Fv2%2Fcomments&post=4880"}],"version-history":[{"count":1,"href":"https:\/\/www.iescarlessalvador.es\/index.php?rest_route=\/wp\/v2\/posts\/4880\/revisions"}],"predecessor-version":[{"id":4881,"href":"https:\/\/www.iescarlessalvador.es\/index.php?rest_route=\/wp\/v2\/posts\/4880\/revisions\/4881"}],"wp:featuredmedia":[{"embeddable":true,"href":"https:\/\/www.iescarlessalvador.es\/index.php?rest_route=\/wp\/v2\/media\/4877"}],"wp:attachment":[{"href":"https:\/\/www.iescarlessalvador.es\/index.php?rest_route=%2Fwp%2Fv2%2Fmedia&parent=4880"}],"wp:term":[{"taxonomy":"category","embeddable":true,"href":"https:\/\/www.iescarlessalvador.es\/index.php?rest_route=%2Fwp%2Fv2%2Fcategories&post=4880"},{"taxonomy":"post_tag","embeddable":true,"href":"https:\/\/www.iescarlessalvador.es\/index.php?rest_route=%2Fwp%2Fv2%2Ftags&post=4880"}],"curies":[{"name":"wp","href":"https:\/\/api.w.org\/{rel}","templated":true}]}}