{"id":4891,"date":"2024-05-17T04:58:25","date_gmt":"2024-05-17T04:58:25","guid":{"rendered":"https:\/\/www.iescarlessalvador.es\/?p=4891"},"modified":"2024-05-17T04:58:27","modified_gmt":"2024-05-17T04:58:27","slug":"gala-de-las-escuelas-2024","status":"publish","type":"post","link":"https:\/\/www.iescarlessalvador.es\/?p=4891&lang=es","title":{"rendered":"Gala de las escuelas 2024"},"content":{"rendered":"\n<p>El mi\u00e9rcoles 15 de mayo se celebr\u00f3 en el TAMA la tradicional Gala de las Escuelas de la localidad. Los diferentes representantes de la comunidad educativa recibieron un reconocimiento a su fant\u00e1stico trabajo por la educaci\u00f3n. <\/p>\n\n\n\n<p>El alcalde de Aldaia Guillermo Lujan y la regidora de Educaci\u00f3n Laura Moruno fueron los m\u00e1ximos representantes de este acto que puso en valor la tarea realizada por todos los miembros de la Comunidad Educativa de Aldaia.<\/p>\n\n\n\n<figure class=\"wp-block-gallery has-nested-images columns-default is-cropped wp-block-gallery-1 is-layout-flex wp-block-gallery-is-layout-flex\">\n<figure class=\"wp-block-image size-large\"><img fetchpriority=\"high\" decoding=\"async\" width=\"1024\" height=\"1024\" data-id=\"4886\" src=\"https:\/\/www.iescarlessalvador.es\/wp-content\/uploads\/2024\/05\/1715921163476-1024x1024.jpg\" alt=\"\" class=\"wp-image-4886\" srcset=\"https:\/\/www.iescarlessalvador.es\/wp-content\/uploads\/2024\/05\/1715921163476-1024x1024.jpg 1024w, https:\/\/www.iescarlessalvador.es\/wp-content\/uploads\/2024\/05\/1715921163476-300x300.jpg 300w, https:\/\/www.iescarlessalvador.es\/wp-content\/uploads\/2024\/05\/1715921163476-150x150.jpg 150w, https:\/\/www.iescarlessalvador.es\/wp-content\/uploads\/2024\/05\/1715921163476-768x768.jpg 768w, https:\/\/www.iescarlessalvador.es\/wp-content\/uploads\/2024\/05\/1715921163476-1536x1536.jpg 1536w, https:\/\/www.iescarlessalvador.es\/wp-content\/uploads\/2024\/05\/1715921163476-2048x2048.jpg 2048w\" sizes=\"(max-width: 1024px) 100vw, 1024px\" \/><\/figure>\n\n\n\n<figure class=\"wp-block-image size-large\"><img decoding=\"async\" width=\"724\" height=\"1024\" data-id=\"4885\" src=\"https:\/\/www.iescarlessalvador.es\/wp-content\/uploads\/2024\/05\/CARTEL-Gala-Escoles-724x1024.png\" alt=\"\" class=\"wp-image-4885\" srcset=\"https:\/\/www.iescarlessalvador.es\/wp-content\/uploads\/2024\/05\/CARTEL-Gala-Escoles-724x1024.png 724w, https:\/\/www.iescarlessalvador.es\/wp-content\/uploads\/2024\/05\/CARTEL-Gala-Escoles-212x300.png 212w, https:\/\/www.iescarlessalvador.es\/wp-content\/uploads\/2024\/05\/CARTEL-Gala-Escoles-768x1086.png 768w, https:\/\/www.iescarlessalvador.es\/wp-content\/uploads\/2024\/05\/CARTEL-Gala-Escoles-1086x1536.png 1086w, https:\/\/www.iescarlessalvador.es\/wp-content\/uploads\/2024\/05\/CARTEL-Gala-Escoles.png 1414w\" sizes=\"(max-width: 724px) 100vw, 724px\" \/><\/figure>\n\n\n\n<figure class=\"wp-block-image size-large\"><img decoding=\"async\" width=\"1024\" height=\"768\" data-id=\"4887\" src=\"https:\/\/www.iescarlessalvador.es\/wp-content\/uploads\/2024\/05\/gala_escoles__foto_grup_final-1024x768.jpg\" alt=\"\" class=\"wp-image-4887\" srcset=\"https:\/\/www.iescarlessalvador.es\/wp-content\/uploads\/2024\/05\/gala_escoles__foto_grup_final-1024x768.jpg 1024w, https:\/\/www.iescarlessalvador.es\/wp-content\/uploads\/2024\/05\/gala_escoles__foto_grup_final-300x225.jpg 300w, https:\/\/www.iescarlessalvador.es\/wp-content\/uploads\/2024\/05\/gala_escoles__foto_grup_final-768x576.jpg 768w, https:\/\/www.iescarlessalvador.es\/wp-content\/uploads\/2024\/05\/gala_escoles__foto_grup_final.jpg 1440w\" sizes=\"(max-width: 1024px) 100vw, 1024px\" \/><\/figure>\n\n\n\n<figure class=\"wp-block-image size-large\"><img loading=\"lazy\" decoding=\"async\" width=\"1024\" height=\"576\" data-id=\"4883\" src=\"https:\/\/www.iescarlessalvador.es\/wp-content\/uploads\/2024\/05\/IMG-20240516-WA0019-1024x576.jpg\" alt=\"\" class=\"wp-image-4883\" srcset=\"https:\/\/www.iescarlessalvador.es\/wp-content\/uploads\/2024\/05\/IMG-20240516-WA0019-1024x576.jpg 1024w, https:\/\/www.iescarlessalvador.es\/wp-content\/uploads\/2024\/05\/IMG-20240516-WA0019-300x169.jpg 300w, https:\/\/www.iescarlessalvador.es\/wp-content\/uploads\/2024\/05\/IMG-20240516-WA0019-768x432.jpg 768w, https:\/\/www.iescarlessalvador.es\/wp-content\/uploads\/2024\/05\/IMG-20240516-WA0019-1536x864.jpg 1536w, https:\/\/www.iescarlessalvador.es\/wp-content\/uploads\/2024\/05\/IMG-20240516-WA0019.jpg 2000w\" sizes=\"(max-width: 1024px) 100vw, 1024px\" \/><\/figure>\n\n\n\n<figure class=\"wp-block-image size-large\"><img loading=\"lazy\" decoding=\"async\" width=\"1024\" height=\"576\" data-id=\"4884\" src=\"https:\/\/www.iescarlessalvador.es\/wp-content\/uploads\/2024\/05\/IMG-20240516-WA0029-1024x576.jpg\" alt=\"\" class=\"wp-image-4884\" srcset=\"https:\/\/www.iescarlessalvador.es\/wp-content\/uploads\/2024\/05\/IMG-20240516-WA0029-1024x576.jpg 1024w, https:\/\/www.iescarlessalvador.es\/wp-content\/uploads\/2024\/05\/IMG-20240516-WA0029-300x169.jpg 300w, https:\/\/www.iescarlessalvador.es\/wp-content\/uploads\/2024\/05\/IMG-20240516-WA0029-768x432.jpg 768w, https:\/\/www.iescarlessalvador.es\/wp-content\/uploads\/2024\/05\/IMG-20240516-WA0029-1536x864.jpg 1536w, https:\/\/www.iescarlessalvador.es\/wp-content\/uploads\/2024\/05\/IMG-20240516-WA0029.jpg 2000w\" sizes=\"(max-width: 1024px) 100vw, 1024px\" \/><\/figure>\n\n\n\n<figure class=\"wp-block-image size-large\"><img loading=\"lazy\" decoding=\"async\" width=\"1024\" height=\"576\" data-id=\"4888\" src=\"https:\/\/www.iescarlessalvador.es\/wp-content\/uploads\/2024\/05\/IMG-20240516-WA0030-1024x576.jpg\" alt=\"\" class=\"wp-image-4888\" srcset=\"https:\/\/www.iescarlessalvador.es\/wp-content\/uploads\/2024\/05\/IMG-20240516-WA0030-1024x576.jpg 1024w, https:\/\/www.iescarlessalvador.es\/wp-content\/uploads\/2024\/05\/IMG-20240516-WA0030-300x169.jpg 300w, https:\/\/www.iescarlessalvador.es\/wp-content\/uploads\/2024\/05\/IMG-20240516-WA0030-768x432.jpg 768w, https:\/\/www.iescarlessalvador.es\/wp-content\/uploads\/2024\/05\/IMG-20240516-WA0030-1536x864.jpg 1536w, https:\/\/www.iescarlessalvador.es\/wp-content\/uploads\/2024\/05\/IMG-20240516-WA0030.jpg 2000w\" sizes=\"(max-width: 1024px) 100vw, 1024px\" \/><\/figure>\n\n\n\n<figure class=\"wp-block-image size-large\"><img loading=\"lazy\" decoding=\"async\" width=\"576\" height=\"1024\" data-id=\"4889\" src=\"https:\/\/www.iescarlessalvador.es\/wp-content\/uploads\/2024\/05\/IMG-20240516-WA0047-576x1024.jpg\" alt=\"\" class=\"wp-image-4889\" srcset=\"https:\/\/www.iescarlessalvador.es\/wp-content\/uploads\/2024\/05\/IMG-20240516-WA0047-576x1024.jpg 576w, https:\/\/www.iescarlessalvador.es\/wp-content\/uploads\/2024\/05\/IMG-20240516-WA0047-169x300.jpg 169w, https:\/\/www.iescarlessalvador.es\/wp-content\/uploads\/2024\/05\/IMG-20240516-WA0047-768x1365.jpg 768w, https:\/\/www.iescarlessalvador.es\/wp-content\/uploads\/2024\/05\/IMG-20240516-WA0047-864x1536.jpg 864w, https:\/\/www.iescarlessalvador.es\/wp-content\/uploads\/2024\/05\/IMG-20240516-WA0047.jpg 1125w\" sizes=\"(max-width: 576px) 100vw, 576px\" \/><\/figure>\n<\/figure>\n\n\n\n<p>El alumnado del IES del Carles Salvador con mejor expediente acad\u00e9mico recibi\u00f3 su reconocimiento y el premio a su esfuerzo.<\/p>\n","protected":false},"excerpt":{"rendered":"<p>El mi\u00e9rcoles 15 de mayo se celebr\u00f3 en el TAMA la tradicional Gala de las Escuelas de la localidad. Los diferentes representantes de la comunidad educativa recibieron un reconocimiento a su fant\u00e1stico trabajo por la educaci\u00f3n. El alcalde de Aldaia Guillermo Lujan y la regidora de Educaci\u00f3n Laura Moruno fueron los m\u00e1ximos representantes de este&hellip;&nbsp;<a href=\"https:\/\/www.iescarlessalvador.es\/?p=4891&#038;lang=es\" class=\"\" rel=\"bookmark\">Leer m\u00e1s &raquo;<span class=\"screen-reader-text\">Gala de las escuelas 2024<\/span><\/a><\/p>\n","protected":false},"author":1,"featured_media":4883,"comment_status":"closed","ping_status":"closed","sticky":false,"template":"","format":"standard","meta":{"rop_custom_images_group":[],"rop_custom_messages_group":[],"rop_publish_now":"initial","rop_publish_now_accounts":[],"rop_publish_now_history":[],"rop_publish_now_status":"pending","neve_meta_sidebar":"","neve_meta_container":"","neve_meta_enable_content_width":"","neve_meta_content_width":0,"neve_meta_title_alignment":"","neve_meta_author_avatar":"","neve_post_elements_order":"","neve_meta_disable_header":"","neve_meta_disable_footer":"","neve_meta_disable_title":"","footnotes":""},"categories":[34],"tags":[],"class_list":["post-4891","post","type-post","status-publish","format-standard","has-post-thumbnail","hentry","category-noticias"],"_links":{"self":[{"href":"https:\/\/www.iescarlessalvador.es\/index.php?rest_route=\/wp\/v2\/posts\/4891","targetHints":{"allow":["GET"]}}],"collection":[{"href":"https:\/\/www.iescarlessalvador.es\/index.php?rest_route=\/wp\/v2\/posts"}],"about":[{"href":"https:\/\/www.iescarlessalvador.es\/index.php?rest_route=\/wp\/v2\/types\/post"}],"author":[{"embeddable":true,"href":"https:\/\/www.iescarlessalvador.es\/index.php?rest_route=\/wp\/v2\/users\/1"}],"replies":[{"embeddable":true,"href":"https:\/\/www.iescarlessalvador.es\/index.php?rest_route=%2Fwp%2Fv2%2Fcomments&post=4891"}],"version-history":[{"count":1,"href":"https:\/\/www.iescarlessalvador.es\/index.php?rest_route=\/wp\/v2\/posts\/4891\/revisions"}],"predecessor-version":[{"id":4892,"href":"https:\/\/www.iescarlessalvador.es\/index.php?rest_route=\/wp\/v2\/posts\/4891\/revisions\/4892"}],"wp:featuredmedia":[{"embeddable":true,"href":"https:\/\/www.iescarlessalvador.es\/index.php?rest_route=\/wp\/v2\/media\/4883"}],"wp:attachment":[{"href":"https:\/\/www.iescarlessalvador.es\/index.php?rest_route=%2Fwp%2Fv2%2Fmedia&parent=4891"}],"wp:term":[{"taxonomy":"category","embeddable":true,"href":"https:\/\/www.iescarlessalvador.es\/index.php?rest_route=%2Fwp%2Fv2%2Fcategories&post=4891"},{"taxonomy":"post_tag","embeddable":true,"href":"https:\/\/www.iescarlessalvador.es\/index.php?rest_route=%2Fwp%2Fv2%2Ftags&post=4891"}],"curies":[{"name":"wp","href":"https:\/\/api.w.org\/{rel}","templated":true}]}}