{"id":4893,"date":"2024-05-18T09:28:13","date_gmt":"2024-05-18T09:28:13","guid":{"rendered":"https:\/\/www.iescarlessalvador.es\/?p=4893"},"modified":"2024-05-18T12:39:51","modified_gmt":"2024-05-18T12:39:51","slug":"ii-congres-cientific-juvenil-daldaia","status":"publish","type":"post","link":"https:\/\/www.iescarlessalvador.es\/?p=4893","title":{"rendered":"II Congr\u00e9s cient\u00edfic juvenil d&#8217;Aldaia"},"content":{"rendered":"\n<p>El passat dijous 16 de maig de 9:00 a 14:00 h va tindre lloc el 2n Congr\u00e9s Cient\u00edfic Juvenil d&#8217;Aldaia, organitzat per la Biblioteca d&#8217;Aldaia amb els centres d&#8217;ensenyament Secundari del municipi.<\/p>\n\n\n\n<p>En este Congr\u00e9s, l&#8217;alumnat va presentar els treballs realitzats en diferents camps cient\u00edfics, dirigits pel seu professorat.<\/p>\n\n\n\n<p>Tamb\u00e9 va participar l&#8217;astrof\u00edsic Pere Blay, Rafa Ballester (vicerrector de la Facultat de Qu\u00edmica) i Isabel B\u00e9jar, directora de projectes del Centre Europeu per a la investigaci\u00f3 nuclear (CERN) a Su\u00efssa.<\/p>\n\n\n\n<p>L&#8217;acte va ser inaugurat per Guillermo Luj\u00e1n (alcalde d&#8217;Aldaia), Laura Moruno (Regidora d&#8217;Educaci\u00f3), i els directors del centres de secund\u00e0ria de la localitat: Mariano Serra, IES Salvador Gadea, IES Beatriu Civera i IES Carles Salvador.<\/p>\n\n\n\n<figure class=\"wp-block-gallery has-nested-images columns-default is-cropped wp-block-gallery-1 is-layout-flex wp-block-gallery-is-layout-flex\">\n<figure class=\"wp-block-image size-large\"><img fetchpriority=\"high\" decoding=\"async\" width=\"1024\" height=\"768\" data-id=\"4899\" src=\"https:\/\/www.iescarlessalvador.es\/wp-content\/uploads\/2024\/05\/foto_2nCongres_08-1024x768.jpg\" alt=\"\" class=\"wp-image-4899\" srcset=\"https:\/\/www.iescarlessalvador.es\/wp-content\/uploads\/2024\/05\/foto_2nCongres_08-1024x768.jpg 1024w, https:\/\/www.iescarlessalvador.es\/wp-content\/uploads\/2024\/05\/foto_2nCongres_08-300x225.jpg 300w, https:\/\/www.iescarlessalvador.es\/wp-content\/uploads\/2024\/05\/foto_2nCongres_08-768x576.jpg 768w, https:\/\/www.iescarlessalvador.es\/wp-content\/uploads\/2024\/05\/foto_2nCongres_08-1536x1152.jpg 1536w, https:\/\/www.iescarlessalvador.es\/wp-content\/uploads\/2024\/05\/foto_2nCongres_08-2048x1536.jpg 2048w\" sizes=\"(max-width: 1024px) 100vw, 1024px\" \/><\/figure>\n\n\n\n<figure class=\"wp-block-image size-large\"><img decoding=\"async\" width=\"1024\" height=\"771\" data-id=\"4901\" src=\"https:\/\/www.iescarlessalvador.es\/wp-content\/uploads\/2024\/05\/foto_2nCongres_10-1024x771.jpg\" alt=\"\" class=\"wp-image-4901\" srcset=\"https:\/\/www.iescarlessalvador.es\/wp-content\/uploads\/2024\/05\/foto_2nCongres_10-1024x771.jpg 1024w, https:\/\/www.iescarlessalvador.es\/wp-content\/uploads\/2024\/05\/foto_2nCongres_10-300x226.jpg 300w, https:\/\/www.iescarlessalvador.es\/wp-content\/uploads\/2024\/05\/foto_2nCongres_10-768x578.jpg 768w, https:\/\/www.iescarlessalvador.es\/wp-content\/uploads\/2024\/05\/foto_2nCongres_10-1536x1157.jpg 1536w, https:\/\/www.iescarlessalvador.es\/wp-content\/uploads\/2024\/05\/foto_2nCongres_10.jpg 2040w\" sizes=\"(max-width: 1024px) 100vw, 1024px\" \/><\/figure>\n\n\n\n<figure class=\"wp-block-image size-large\"><img decoding=\"async\" width=\"768\" height=\"1024\" data-id=\"4905\" src=\"https:\/\/www.iescarlessalvador.es\/wp-content\/uploads\/2024\/05\/foto_2nCongres_03-768x1024.jpg\" alt=\"\" class=\"wp-image-4905\" srcset=\"https:\/\/www.iescarlessalvador.es\/wp-content\/uploads\/2024\/05\/foto_2nCongres_03-768x1024.jpg 768w, https:\/\/www.iescarlessalvador.es\/wp-content\/uploads\/2024\/05\/foto_2nCongres_03-225x300.jpg 225w, https:\/\/www.iescarlessalvador.es\/wp-content\/uploads\/2024\/05\/foto_2nCongres_03-1152x1536.jpg 1152w, https:\/\/www.iescarlessalvador.es\/wp-content\/uploads\/2024\/05\/foto_2nCongres_03-1536x2048.jpg 1536w, https:\/\/www.iescarlessalvador.es\/wp-content\/uploads\/2024\/05\/foto_2nCongres_03.jpg 1920w\" sizes=\"(max-width: 768px) 100vw, 768px\" \/><\/figure>\n<\/figure>\n\n\n\n<p><\/p>\n\n\n\n<p>Va completar-se una jornada de congr\u00e9s molt profitosa i una oportunitat per a l&#8217;alumnat per compartir les experi\u00e8ncies. Aquesta iniciativa permet despertar en l&#8217;alumnat l&#8217;inter\u00e9s per la ci\u00e8ncia i el seu reconeixement com a element molt important en la nostra societat.<\/p>\n\n\n\n<figure class=\"wp-block-image size-large\"><img loading=\"lazy\" decoding=\"async\" width=\"1024\" height=\"771\" src=\"https:\/\/www.iescarlessalvador.es\/wp-content\/uploads\/2024\/05\/foto_2nCongres_09-1024x771.jpg\" alt=\"\" class=\"wp-image-4900\" srcset=\"https:\/\/www.iescarlessalvador.es\/wp-content\/uploads\/2024\/05\/foto_2nCongres_09-1024x771.jpg 1024w, https:\/\/www.iescarlessalvador.es\/wp-content\/uploads\/2024\/05\/foto_2nCongres_09-300x226.jpg 300w, https:\/\/www.iescarlessalvador.es\/wp-content\/uploads\/2024\/05\/foto_2nCongres_09-768x578.jpg 768w, https:\/\/www.iescarlessalvador.es\/wp-content\/uploads\/2024\/05\/foto_2nCongres_09-1536x1157.jpg 1536w, https:\/\/www.iescarlessalvador.es\/wp-content\/uploads\/2024\/05\/foto_2nCongres_09.jpg 2040w\" sizes=\"(max-width: 1024px) 100vw, 1024px\" \/><\/figure>\n\n\n\n<figure class=\"wp-block-image size-large\"><img loading=\"lazy\" decoding=\"async\" width=\"1024\" height=\"576\" src=\"https:\/\/www.iescarlessalvador.es\/wp-content\/uploads\/2024\/05\/foto_2nCongres_07-1024x576.jpg\" alt=\"\" class=\"wp-image-4898\" srcset=\"https:\/\/www.iescarlessalvador.es\/wp-content\/uploads\/2024\/05\/foto_2nCongres_07-1024x576.jpg 1024w, https:\/\/www.iescarlessalvador.es\/wp-content\/uploads\/2024\/05\/foto_2nCongres_07-300x169.jpg 300w, https:\/\/www.iescarlessalvador.es\/wp-content\/uploads\/2024\/05\/foto_2nCongres_07-768x432.jpg 768w, https:\/\/www.iescarlessalvador.es\/wp-content\/uploads\/2024\/05\/foto_2nCongres_07-1536x864.jpg 1536w, https:\/\/www.iescarlessalvador.es\/wp-content\/uploads\/2024\/05\/foto_2nCongres_07-2048x1152.jpg 2048w\" sizes=\"(max-width: 1024px) 100vw, 1024px\" \/><\/figure>\n\n\n\n<figure class=\"wp-block-image size-large\"><img loading=\"lazy\" decoding=\"async\" width=\"1024\" height=\"576\" src=\"https:\/\/www.iescarlessalvador.es\/wp-content\/uploads\/2024\/05\/foto_2nCongres_06-1024x576.jpg\" alt=\"\" class=\"wp-image-4897\" srcset=\"https:\/\/www.iescarlessalvador.es\/wp-content\/uploads\/2024\/05\/foto_2nCongres_06-1024x576.jpg 1024w, https:\/\/www.iescarlessalvador.es\/wp-content\/uploads\/2024\/05\/foto_2nCongres_06-300x169.jpg 300w, https:\/\/www.iescarlessalvador.es\/wp-content\/uploads\/2024\/05\/foto_2nCongres_06-768x432.jpg 768w, https:\/\/www.iescarlessalvador.es\/wp-content\/uploads\/2024\/05\/foto_2nCongres_06-1536x864.jpg 1536w, https:\/\/www.iescarlessalvador.es\/wp-content\/uploads\/2024\/05\/foto_2nCongres_06-2048x1152.jpg 2048w\" sizes=\"(max-width: 1024px) 100vw, 1024px\" \/><\/figure>\n\n\n\n<figure class=\"wp-block-image size-large\"><img loading=\"lazy\" decoding=\"async\" width=\"1024\" height=\"768\" src=\"https:\/\/www.iescarlessalvador.es\/wp-content\/uploads\/2024\/05\/foto_2nCongres_05-1024x768.jpg\" alt=\"\" class=\"wp-image-4896\" srcset=\"https:\/\/www.iescarlessalvador.es\/wp-content\/uploads\/2024\/05\/foto_2nCongres_05-1024x768.jpg 1024w, https:\/\/www.iescarlessalvador.es\/wp-content\/uploads\/2024\/05\/foto_2nCongres_05-300x225.jpg 300w, https:\/\/www.iescarlessalvador.es\/wp-content\/uploads\/2024\/05\/foto_2nCongres_05-768x576.jpg 768w, https:\/\/www.iescarlessalvador.es\/wp-content\/uploads\/2024\/05\/foto_2nCongres_05-1536x1152.jpg 1536w, https:\/\/www.iescarlessalvador.es\/wp-content\/uploads\/2024\/05\/foto_2nCongres_05-2048x1536.jpg 2048w\" sizes=\"(max-width: 1024px) 100vw, 1024px\" \/><\/figure>\n","protected":false},"excerpt":{"rendered":"<p>El passat dijous 16 de maig de 9:00 a 14:00 h va tindre lloc el 2n Congr\u00e9s Cient\u00edfic Juvenil d&#8217;Aldaia, organitzat per la Biblioteca d&#8217;Aldaia amb els centres d&#8217;ensenyament Secundari del municipi. En este Congr\u00e9s, l&#8217;alumnat va presentar els treballs realitzats en diferents camps cient\u00edfics, dirigits pel seu professorat. Tamb\u00e9 va participar l&#8217;astrof\u00edsic Pere Blay,&hellip;&nbsp;<a href=\"https:\/\/www.iescarlessalvador.es\/?p=4893\" class=\"\" rel=\"bookmark\">Leer m\u00e1s &raquo;<span class=\"screen-reader-text\">II Congr\u00e9s cient\u00edfic juvenil d&#8217;Aldaia<\/span><\/a><\/p>\n","protected":false},"author":1,"featured_media":4903,"comment_status":"closed","ping_status":"closed","sticky":false,"template":"","format":"standard","meta":{"rop_custom_images_group":[],"rop_custom_messages_group":[],"rop_publish_now":"initial","rop_publish_now_accounts":[],"rop_publish_now_history":[],"rop_publish_now_status":"pending","neve_meta_sidebar":"","neve_meta_container":"","neve_meta_enable_content_width":"","neve_meta_content_width":0,"neve_meta_title_alignment":"","neve_meta_author_avatar":"","neve_post_elements_order":"","neve_meta_disable_header":"","neve_meta_disable_footer":"","neve_meta_disable_title":"","footnotes":""},"categories":[238],"tags":[],"class_list":["post-4893","post","type-post","status-publish","format-standard","has-post-thumbnail","hentry","category-noticies-ca"],"_links":{"self":[{"href":"https:\/\/www.iescarlessalvador.es\/index.php?rest_route=\/wp\/v2\/posts\/4893","targetHints":{"allow":["GET"]}}],"collection":[{"href":"https:\/\/www.iescarlessalvador.es\/index.php?rest_route=\/wp\/v2\/posts"}],"about":[{"href":"https:\/\/www.iescarlessalvador.es\/index.php?rest_route=\/wp\/v2\/types\/post"}],"author":[{"embeddable":true,"href":"https:\/\/www.iescarlessalvador.es\/index.php?rest_route=\/wp\/v2\/users\/1"}],"replies":[{"embeddable":true,"href":"https:\/\/www.iescarlessalvador.es\/index.php?rest_route=%2Fwp%2Fv2%2Fcomments&post=4893"}],"version-history":[{"count":2,"href":"https:\/\/www.iescarlessalvador.es\/index.php?rest_route=\/wp\/v2\/posts\/4893\/revisions"}],"predecessor-version":[{"id":4907,"href":"https:\/\/www.iescarlessalvador.es\/index.php?rest_route=\/wp\/v2\/posts\/4893\/revisions\/4907"}],"wp:featuredmedia":[{"embeddable":true,"href":"https:\/\/www.iescarlessalvador.es\/index.php?rest_route=\/wp\/v2\/media\/4903"}],"wp:attachment":[{"href":"https:\/\/www.iescarlessalvador.es\/index.php?rest_route=%2Fwp%2Fv2%2Fmedia&parent=4893"}],"wp:term":[{"taxonomy":"category","embeddable":true,"href":"https:\/\/www.iescarlessalvador.es\/index.php?rest_route=%2Fwp%2Fv2%2Fcategories&post=4893"},{"taxonomy":"post_tag","embeddable":true,"href":"https:\/\/www.iescarlessalvador.es\/index.php?rest_route=%2Fwp%2Fv2%2Ftags&post=4893"}],"curies":[{"name":"wp","href":"https:\/\/api.w.org\/{rel}","templated":true}]}}