{"id":4908,"date":"2024-05-18T12:47:59","date_gmt":"2024-05-18T12:47:59","guid":{"rendered":"https:\/\/www.iescarlessalvador.es\/?p=4908"},"modified":"2024-05-18T12:48:00","modified_gmt":"2024-05-18T12:48:00","slug":"2o-congreso-cientifico-juvenil-de-aldaia","status":"publish","type":"post","link":"https:\/\/www.iescarlessalvador.es\/?p=4908&lang=es","title":{"rendered":"2\u00ba Congreso cient\u00edfico juvenil de Aldaia"},"content":{"rendered":"\n<p>El pasado jueves 16 de mayo de 9:00 a 14:00 h tuvo lugar el 2\u00ba Congreso Cient\u00edfico Juvenil de Aldaia, organizado por la biblioteca Municipal y los centros de secundaria del municipio.<\/p>\n\n\n\n<p>En este Congreso, el alumando present\u00f3 los trabajos realizados en diferentes campos cient\u00edficos, dirigidos por su profesorado.<\/p>\n\n\n\n<p>Tambi\u00e9n particip\u00f3 el astrof\u00edsico Pere Blay, Rafa Ballester (vicerrector de la Facultad de Qu\u00edmica) y Isabel B\u00e9jar, directora de proyectos del CERN (Centro Europeo para la investigaci\u00f3n nuclear) en Suiza.<\/p>\n\n\n\n<p>El acto fue inaugurado por Guillermo Luj\u00e1n (alcalde de Aldaia), Laura Moruno (Regidora de Educaci\u00f3n), y los directores\/as de los centros de secundaria de la localidad: Mariano Serra, IES Salvador Gadea, IES Beatriu Civera i IES Carles Salvador.<\/p>\n\n\n\n<figure class=\"wp-block-image\"><img fetchpriority=\"high\" decoding=\"async\" width=\"1024\" height=\"768\" src=\"https:\/\/www.iescarlessalvador.es\/wp-content\/uploads\/2024\/05\/foto_2nCongres_08-1024x768.jpg\" alt=\"\" class=\"wp-image-4899\" srcset=\"https:\/\/www.iescarlessalvador.es\/wp-content\/uploads\/2024\/05\/foto_2nCongres_08-1024x768.jpg 1024w, https:\/\/www.iescarlessalvador.es\/wp-content\/uploads\/2024\/05\/foto_2nCongres_08-300x225.jpg 300w, https:\/\/www.iescarlessalvador.es\/wp-content\/uploads\/2024\/05\/foto_2nCongres_08-768x576.jpg 768w, https:\/\/www.iescarlessalvador.es\/wp-content\/uploads\/2024\/05\/foto_2nCongres_08-1536x1152.jpg 1536w, https:\/\/www.iescarlessalvador.es\/wp-content\/uploads\/2024\/05\/foto_2nCongres_08-2048x1536.jpg 2048w\" sizes=\"(max-width: 1024px) 100vw, 1024px\" \/><\/figure>\n\n\n\n<p>La jornada result\u00f3 muy productiva y una gran oportunidad para el alumnado para compartir sus experimentos o experiencias. Este tipo de iniciativas favorecen y despiertan el inter\u00e9s del alumnado por la ciencia y el reconocimiento de \u00e9sta como un elemento muy importante en nuestra sociedad. <\/p>\n\n\n\n<figure class=\"wp-block-image\"><img decoding=\"async\" width=\"1024\" height=\"771\" src=\"https:\/\/www.iescarlessalvador.es\/wp-content\/uploads\/2024\/05\/foto_2nCongres_09-1024x771.jpg\" alt=\"\" class=\"wp-image-4900\" srcset=\"https:\/\/www.iescarlessalvador.es\/wp-content\/uploads\/2024\/05\/foto_2nCongres_09-1024x771.jpg 1024w, https:\/\/www.iescarlessalvador.es\/wp-content\/uploads\/2024\/05\/foto_2nCongres_09-300x226.jpg 300w, https:\/\/www.iescarlessalvador.es\/wp-content\/uploads\/2024\/05\/foto_2nCongres_09-768x578.jpg 768w, https:\/\/www.iescarlessalvador.es\/wp-content\/uploads\/2024\/05\/foto_2nCongres_09-1536x1157.jpg 1536w, https:\/\/www.iescarlessalvador.es\/wp-content\/uploads\/2024\/05\/foto_2nCongres_09.jpg 2040w\" sizes=\"(max-width: 1024px) 100vw, 1024px\" \/><\/figure>\n\n\n\n<figure class=\"wp-block-image\"><img decoding=\"async\" width=\"1024\" height=\"576\" src=\"https:\/\/www.iescarlessalvador.es\/wp-content\/uploads\/2024\/05\/foto_2nCongres_07-1024x576.jpg\" alt=\"\" class=\"wp-image-4898\" srcset=\"https:\/\/www.iescarlessalvador.es\/wp-content\/uploads\/2024\/05\/foto_2nCongres_07-1024x576.jpg 1024w, https:\/\/www.iescarlessalvador.es\/wp-content\/uploads\/2024\/05\/foto_2nCongres_07-300x169.jpg 300w, https:\/\/www.iescarlessalvador.es\/wp-content\/uploads\/2024\/05\/foto_2nCongres_07-768x432.jpg 768w, https:\/\/www.iescarlessalvador.es\/wp-content\/uploads\/2024\/05\/foto_2nCongres_07-1536x864.jpg 1536w, https:\/\/www.iescarlessalvador.es\/wp-content\/uploads\/2024\/05\/foto_2nCongres_07-2048x1152.jpg 2048w\" sizes=\"(max-width: 1024px) 100vw, 1024px\" \/><\/figure>\n\n\n\n<figure class=\"wp-block-image\"><img loading=\"lazy\" decoding=\"async\" width=\"1024\" height=\"576\" src=\"https:\/\/www.iescarlessalvador.es\/wp-content\/uploads\/2024\/05\/foto_2nCongres_06-1024x576.jpg\" alt=\"\" class=\"wp-image-4897\" srcset=\"https:\/\/www.iescarlessalvador.es\/wp-content\/uploads\/2024\/05\/foto_2nCongres_06-1024x576.jpg 1024w, https:\/\/www.iescarlessalvador.es\/wp-content\/uploads\/2024\/05\/foto_2nCongres_06-300x169.jpg 300w, https:\/\/www.iescarlessalvador.es\/wp-content\/uploads\/2024\/05\/foto_2nCongres_06-768x432.jpg 768w, https:\/\/www.iescarlessalvador.es\/wp-content\/uploads\/2024\/05\/foto_2nCongres_06-1536x864.jpg 1536w, https:\/\/www.iescarlessalvador.es\/wp-content\/uploads\/2024\/05\/foto_2nCongres_06-2048x1152.jpg 2048w\" sizes=\"(max-width: 1024px) 100vw, 1024px\" \/><\/figure>\n\n\n\n<figure class=\"wp-block-image\"><img loading=\"lazy\" decoding=\"async\" width=\"1024\" height=\"768\" src=\"https:\/\/www.iescarlessalvador.es\/wp-content\/uploads\/2024\/05\/foto_2nCongres_05-1024x768.jpg\" alt=\"\" class=\"wp-image-4896\" srcset=\"https:\/\/www.iescarlessalvador.es\/wp-content\/uploads\/2024\/05\/foto_2nCongres_05-1024x768.jpg 1024w, https:\/\/www.iescarlessalvador.es\/wp-content\/uploads\/2024\/05\/foto_2nCongres_05-300x225.jpg 300w, https:\/\/www.iescarlessalvador.es\/wp-content\/uploads\/2024\/05\/foto_2nCongres_05-768x576.jpg 768w, https:\/\/www.iescarlessalvador.es\/wp-content\/uploads\/2024\/05\/foto_2nCongres_05-1536x1152.jpg 1536w, https:\/\/www.iescarlessalvador.es\/wp-content\/uploads\/2024\/05\/foto_2nCongres_05-2048x1536.jpg 2048w\" sizes=\"(max-width: 1024px) 100vw, 1024px\" \/><\/figure>\n","protected":false},"excerpt":{"rendered":"<p>El pasado jueves 16 de mayo de 9:00 a 14:00 h tuvo lugar el 2\u00ba Congreso Cient\u00edfico Juvenil de Aldaia, organizado por la biblioteca Municipal y los centros de secundaria del municipio. En este Congreso, el alumando present\u00f3 los trabajos realizados en diferentes campos cient\u00edficos, dirigidos por su profesorado. Tambi\u00e9n particip\u00f3 el astrof\u00edsico Pere Blay,&hellip;&nbsp;<a href=\"https:\/\/www.iescarlessalvador.es\/?p=4908&#038;lang=es\" class=\"\" rel=\"bookmark\">Leer m\u00e1s &raquo;<span class=\"screen-reader-text\">2\u00ba Congreso cient\u00edfico juvenil de Aldaia<\/span><\/a><\/p>\n","protected":false},"author":1,"featured_media":4903,"comment_status":"closed","ping_status":"closed","sticky":false,"template":"","format":"standard","meta":{"rop_custom_images_group":[],"rop_custom_messages_group":[],"rop_publish_now":"initial","rop_publish_now_accounts":[],"rop_publish_now_history":[],"rop_publish_now_status":"pending","neve_meta_sidebar":"","neve_meta_container":"","neve_meta_enable_content_width":"","neve_meta_content_width":0,"neve_meta_title_alignment":"","neve_meta_author_avatar":"","neve_post_elements_order":"","neve_meta_disable_header":"","neve_meta_disable_footer":"","neve_meta_disable_title":"","footnotes":""},"categories":[34],"tags":[],"class_list":["post-4908","post","type-post","status-publish","format-standard","has-post-thumbnail","hentry","category-noticias"],"_links":{"self":[{"href":"https:\/\/www.iescarlessalvador.es\/index.php?rest_route=\/wp\/v2\/posts\/4908","targetHints":{"allow":["GET"]}}],"collection":[{"href":"https:\/\/www.iescarlessalvador.es\/index.php?rest_route=\/wp\/v2\/posts"}],"about":[{"href":"https:\/\/www.iescarlessalvador.es\/index.php?rest_route=\/wp\/v2\/types\/post"}],"author":[{"embeddable":true,"href":"https:\/\/www.iescarlessalvador.es\/index.php?rest_route=\/wp\/v2\/users\/1"}],"replies":[{"embeddable":true,"href":"https:\/\/www.iescarlessalvador.es\/index.php?rest_route=%2Fwp%2Fv2%2Fcomments&post=4908"}],"version-history":[{"count":1,"href":"https:\/\/www.iescarlessalvador.es\/index.php?rest_route=\/wp\/v2\/posts\/4908\/revisions"}],"predecessor-version":[{"id":4909,"href":"https:\/\/www.iescarlessalvador.es\/index.php?rest_route=\/wp\/v2\/posts\/4908\/revisions\/4909"}],"wp:featuredmedia":[{"embeddable":true,"href":"https:\/\/www.iescarlessalvador.es\/index.php?rest_route=\/wp\/v2\/media\/4903"}],"wp:attachment":[{"href":"https:\/\/www.iescarlessalvador.es\/index.php?rest_route=%2Fwp%2Fv2%2Fmedia&parent=4908"}],"wp:term":[{"taxonomy":"category","embeddable":true,"href":"https:\/\/www.iescarlessalvador.es\/index.php?rest_route=%2Fwp%2Fv2%2Fcategories&post=4908"},{"taxonomy":"post_tag","embeddable":true,"href":"https:\/\/www.iescarlessalvador.es\/index.php?rest_route=%2Fwp%2Fv2%2Ftags&post=4908"}],"curies":[{"name":"wp","href":"https:\/\/api.w.org\/{rel}","templated":true}]}}