{"id":4911,"date":"2024-05-19T16:11:25","date_gmt":"2024-05-19T16:11:25","guid":{"rendered":"https:\/\/www.iescarlessalvador.es\/?p=4911"},"modified":"2024-05-23T05:45:52","modified_gmt":"2024-05-23T05:45:52","slug":"jornades-de-portes-obertes","status":"publish","type":"post","link":"https:\/\/www.iescarlessalvador.es\/?p=4911","title":{"rendered":"Jornades de portes obertes"},"content":{"rendered":"\n<p>L&#8217;IES Carles Salvador realitzar\u00e0 les jornades de portes obertes en dues sessions:<\/p>\n\n\n\n<p>ALUMNAT DE <strong>CICLES FORMATIUS<\/strong> <strong>(FP)<\/strong> : dimecres <strong>22 de maig<\/strong> de 2024, a les<strong> 19:00<\/strong> hores.<\/p>\n\n\n\n<p>Aquesta jornada est\u00e0 adre\u00e7ada a l&#8217;alumnat i les fam\u00edlies que estan interessades en cursar estudis de Cicles Formatius al centre en el proper curs escolar 2024-25.<\/p>\n\n\n\n<p>ALUMNAT D&#8217;<strong>ESO I BATXILLERAT<\/strong>: dimecres<strong> 29 de maig<\/strong> de 2024, a les <strong>19:00<\/strong> hores.<\/p>\n\n\n\n<p>Aquesta jornada est\u00e0 adre\u00e7ada a l&#8217;alumnat i les fam\u00edlies que estan interessades en cursar estudis de Educaci\u00f3 Secund\u00e0ria Obligat\u00f2ria o Batxillerat al centre en el proper curs escolar 2024-25.<\/p>\n\n\n\n<p><a href=\"https:\/\/www.iescarlessalvador.es\/wp-content\/uploads\/2024\/05\/REUNION-INFORMATIVA_JORNADA_PORTES_OBERTES_CF_2024-25_CLL_.pdf\">Presentaci\u00f3 utilitzada en la reuni\u00f3<\/a><\/p>\n","protected":false},"excerpt":{"rendered":"<p>L&#8217;IES Carles Salvador realitzar\u00e0 les jornades de portes obertes en dues sessions: ALUMNAT DE CICLES FORMATIUS (FP) : dimecres 22 de maig de 2024, a les 19:00 hores. Aquesta jornada est\u00e0 adre\u00e7ada a l&#8217;alumnat i les fam\u00edlies que estan interessades en cursar estudis de Cicles Formatius al centre en el proper curs escolar 2024-25. ALUMNAT&hellip;&nbsp;<a href=\"https:\/\/www.iescarlessalvador.es\/?p=4911\" class=\"\" rel=\"bookmark\">Leer m\u00e1s &raquo;<span class=\"screen-reader-text\">Jornades de portes obertes<\/span><\/a><\/p>\n","protected":false},"author":1,"featured_media":0,"comment_status":"closed","ping_status":"closed","sticky":false,"template":"","format":"standard","meta":{"rop_custom_images_group":[],"rop_custom_messages_group":[],"rop_publish_now":"initial","rop_publish_now_accounts":[],"rop_publish_now_history":[],"rop_publish_now_status":"pending","neve_meta_sidebar":"","neve_meta_container":"","neve_meta_enable_content_width":"","neve_meta_content_width":0,"neve_meta_title_alignment":"","neve_meta_author_avatar":"","neve_post_elements_order":"","neve_meta_disable_header":"","neve_meta_disable_footer":"","neve_meta_disable_title":"","footnotes":""},"categories":[238],"tags":[],"class_list":["post-4911","post","type-post","status-publish","format-standard","hentry","category-noticies-ca"],"_links":{"self":[{"href":"https:\/\/www.iescarlessalvador.es\/index.php?rest_route=\/wp\/v2\/posts\/4911","targetHints":{"allow":["GET"]}}],"collection":[{"href":"https:\/\/www.iescarlessalvador.es\/index.php?rest_route=\/wp\/v2\/posts"}],"about":[{"href":"https:\/\/www.iescarlessalvador.es\/index.php?rest_route=\/wp\/v2\/types\/post"}],"author":[{"embeddable":true,"href":"https:\/\/www.iescarlessalvador.es\/index.php?rest_route=\/wp\/v2\/users\/1"}],"replies":[{"embeddable":true,"href":"https:\/\/www.iescarlessalvador.es\/index.php?rest_route=%2Fwp%2Fv2%2Fcomments&post=4911"}],"version-history":[{"count":3,"href":"https:\/\/www.iescarlessalvador.es\/index.php?rest_route=\/wp\/v2\/posts\/4911\/revisions"}],"predecessor-version":[{"id":4919,"href":"https:\/\/www.iescarlessalvador.es\/index.php?rest_route=\/wp\/v2\/posts\/4911\/revisions\/4919"}],"wp:attachment":[{"href":"https:\/\/www.iescarlessalvador.es\/index.php?rest_route=%2Fwp%2Fv2%2Fmedia&parent=4911"}],"wp:term":[{"taxonomy":"category","embeddable":true,"href":"https:\/\/www.iescarlessalvador.es\/index.php?rest_route=%2Fwp%2Fv2%2Fcategories&post=4911"},{"taxonomy":"post_tag","embeddable":true,"href":"https:\/\/www.iescarlessalvador.es\/index.php?rest_route=%2Fwp%2Fv2%2Ftags&post=4911"}],"curies":[{"name":"wp","href":"https:\/\/api.w.org\/{rel}","templated":true}]}}