{"id":4913,"date":"2024-05-19T16:12:44","date_gmt":"2024-05-19T16:12:44","guid":{"rendered":"https:\/\/www.iescarlessalvador.es\/?p=4913"},"modified":"2024-05-23T05:45:32","modified_gmt":"2024-05-23T05:45:32","slug":"jornada-de-puertas-abiertas","status":"publish","type":"post","link":"https:\/\/www.iescarlessalvador.es\/?p=4913&lang=es","title":{"rendered":"Jornada de puertas abiertas"},"content":{"rendered":"\n<p>El IES Carles Salvador realizar\u00e1 las jornadas de puertas abiertas en dos sesiones:<\/p>\n\n\n\n<p>ALUMNADO DE <strong>CICLOS FORMATIVOS (FP) <\/strong>: mi\u00e9rcoles <strong>22 de mayo<\/strong> de 2024, a las <strong>19:00<\/strong> horas.<\/p>\n\n\n\n<p>Esta jornada est\u00e1 dirigida al alumnado y las familias que est\u00e1n interesadas al cursar estudios de Ciclos Formativos al centro en el pr\u00f3ximo curso escolar 2024-25.<\/p>\n\n\n\n<p>ALUMNADO de <strong>ESO Y BACHILLERATO<\/strong>: mi\u00e9rcoles <strong>29 de mayo<\/strong> de 2024, a las <strong>19:00<\/strong> horas.<\/p>\n\n\n\n<p>Esta jornada est\u00e1 dirigida al alumnado y las familias que est\u00e1n interesadas al cursar estudios de Educaci\u00f3n Secundaria Obligatoria o Bachillerato al centro en el pr\u00f3ximo curso escolar 2024-25.<\/p>\n\n\n\n<p><a href=\"https:\/\/www.iescarlessalvador.es\/wp-content\/uploads\/2024\/05\/REUNION-INFORMATIVA_JORNADA_PORTES_OBERTES_CF_2024-25_CLL_.pdf\">Presentaci\u00f3n utilizada en la reuni\u00f3n<\/a><\/p>\n","protected":false},"excerpt":{"rendered":"<p>El IES Carles Salvador realizar\u00e1 las jornadas de puertas abiertas en dos sesiones: ALUMNADO DE CICLOS FORMATIVOS (FP) : mi\u00e9rcoles 22 de mayo de 2024, a las 19:00 horas. Esta jornada est\u00e1 dirigida al alumnado y las familias que est\u00e1n interesadas al cursar estudios de Ciclos Formativos al centro en el pr\u00f3ximo curso escolar 2024-25.&hellip;&nbsp;<a href=\"https:\/\/www.iescarlessalvador.es\/?p=4913&#038;lang=es\" class=\"\" rel=\"bookmark\">Leer m\u00e1s &raquo;<span class=\"screen-reader-text\">Jornada de puertas abiertas<\/span><\/a><\/p>\n","protected":false},"author":1,"featured_media":0,"comment_status":"closed","ping_status":"closed","sticky":false,"template":"","format":"standard","meta":{"rop_custom_images_group":[],"rop_custom_messages_group":[],"rop_publish_now":"initial","rop_publish_now_accounts":[],"rop_publish_now_history":[],"rop_publish_now_status":"pending","neve_meta_sidebar":"","neve_meta_container":"","neve_meta_enable_content_width":"","neve_meta_content_width":0,"neve_meta_title_alignment":"","neve_meta_author_avatar":"","neve_post_elements_order":"","neve_meta_disable_header":"","neve_meta_disable_footer":"","neve_meta_disable_title":"","footnotes":""},"categories":[34],"tags":[],"class_list":["post-4913","post","type-post","status-publish","format-standard","hentry","category-noticias"],"_links":{"self":[{"href":"https:\/\/www.iescarlessalvador.es\/index.php?rest_route=\/wp\/v2\/posts\/4913","targetHints":{"allow":["GET"]}}],"collection":[{"href":"https:\/\/www.iescarlessalvador.es\/index.php?rest_route=\/wp\/v2\/posts"}],"about":[{"href":"https:\/\/www.iescarlessalvador.es\/index.php?rest_route=\/wp\/v2\/types\/post"}],"author":[{"embeddable":true,"href":"https:\/\/www.iescarlessalvador.es\/index.php?rest_route=\/wp\/v2\/users\/1"}],"replies":[{"embeddable":true,"href":"https:\/\/www.iescarlessalvador.es\/index.php?rest_route=%2Fwp%2Fv2%2Fcomments&post=4913"}],"version-history":[{"count":2,"href":"https:\/\/www.iescarlessalvador.es\/index.php?rest_route=\/wp\/v2\/posts\/4913\/revisions"}],"predecessor-version":[{"id":4918,"href":"https:\/\/www.iescarlessalvador.es\/index.php?rest_route=\/wp\/v2\/posts\/4913\/revisions\/4918"}],"wp:attachment":[{"href":"https:\/\/www.iescarlessalvador.es\/index.php?rest_route=%2Fwp%2Fv2%2Fmedia&parent=4913"}],"wp:term":[{"taxonomy":"category","embeddable":true,"href":"https:\/\/www.iescarlessalvador.es\/index.php?rest_route=%2Fwp%2Fv2%2Fcategories&post=4913"},{"taxonomy":"post_tag","embeddable":true,"href":"https:\/\/www.iescarlessalvador.es\/index.php?rest_route=%2Fwp%2Fv2%2Ftags&post=4913"}],"curies":[{"name":"wp","href":"https:\/\/api.w.org\/{rel}","templated":true}]}}