{"id":4926,"date":"2024-05-27T20:04:18","date_gmt":"2024-05-27T20:04:18","guid":{"rendered":"https:\/\/www.iescarlessalvador.es\/?p=4926"},"modified":"2024-05-27T20:09:16","modified_gmt":"2024-05-27T20:09:16","slug":"gala-de-graduacio-2023-24","status":"publish","type":"post","link":"https:\/\/www.iescarlessalvador.es\/?p=4926","title":{"rendered":"Gala de Graduaci\u00f3 2023-24"},"content":{"rendered":"\n<p>Divendres 7 de juny de 2024, realitzarem a les instal\u00b7lacions del nostre centre l&#8217;Acte de Graduaci\u00f3 de l&#8217;alumnat que finalitza els seus estudis el curs 2023-24.<\/p>\n\n\n\n<p>Aquesta es la invitaci\u00f3 per a les fam\u00edlies:<\/p>\n\n\n<div class=\"wp-block-image\">\n<figure class=\"aligncenter size-full\"><img fetchpriority=\"high\" decoding=\"async\" width=\"716\" height=\"940\" src=\"https:\/\/www.iescarlessalvador.es\/wp-content\/uploads\/2024\/05\/invitacio_graduacio_families.jpg\" alt=\"\" class=\"wp-image-4927\" srcset=\"https:\/\/www.iescarlessalvador.es\/wp-content\/uploads\/2024\/05\/invitacio_graduacio_families.jpg 716w, https:\/\/www.iescarlessalvador.es\/wp-content\/uploads\/2024\/05\/invitacio_graduacio_families-229x300.jpg 229w\" sizes=\"(max-width: 716px) 100vw, 716px\" \/><\/figure><\/div>","protected":false},"excerpt":{"rendered":"<p>Divendres 7 de juny de 2024, realitzarem a les instal\u00b7lacions del nostre centre l&#8217;Acte de Graduaci\u00f3 de l&#8217;alumnat que finalitza els seus estudis el curs 2023-24. Aquesta es la invitaci\u00f3 per a les fam\u00edlies:<\/p>\n","protected":false},"author":1,"featured_media":4927,"comment_status":"closed","ping_status":"closed","sticky":false,"template":"","format":"standard","meta":{"rop_custom_images_group":[],"rop_custom_messages_group":[],"rop_publish_now":"initial","rop_publish_now_accounts":[],"rop_publish_now_history":[],"rop_publish_now_status":"pending","neve_meta_sidebar":"","neve_meta_container":"","neve_meta_enable_content_width":"","neve_meta_content_width":0,"neve_meta_title_alignment":"","neve_meta_author_avatar":"","neve_post_elements_order":"","neve_meta_disable_header":"","neve_meta_disable_footer":"","neve_meta_disable_title":"","footnotes":""},"categories":[238],"tags":[],"class_list":["post-4926","post","type-post","status-publish","format-standard","has-post-thumbnail","hentry","category-noticies-ca"],"_links":{"self":[{"href":"https:\/\/www.iescarlessalvador.es\/index.php?rest_route=\/wp\/v2\/posts\/4926","targetHints":{"allow":["GET"]}}],"collection":[{"href":"https:\/\/www.iescarlessalvador.es\/index.php?rest_route=\/wp\/v2\/posts"}],"about":[{"href":"https:\/\/www.iescarlessalvador.es\/index.php?rest_route=\/wp\/v2\/types\/post"}],"author":[{"embeddable":true,"href":"https:\/\/www.iescarlessalvador.es\/index.php?rest_route=\/wp\/v2\/users\/1"}],"replies":[{"embeddable":true,"href":"https:\/\/www.iescarlessalvador.es\/index.php?rest_route=%2Fwp%2Fv2%2Fcomments&post=4926"}],"version-history":[{"count":1,"href":"https:\/\/www.iescarlessalvador.es\/index.php?rest_route=\/wp\/v2\/posts\/4926\/revisions"}],"predecessor-version":[{"id":4928,"href":"https:\/\/www.iescarlessalvador.es\/index.php?rest_route=\/wp\/v2\/posts\/4926\/revisions\/4928"}],"wp:featuredmedia":[{"embeddable":true,"href":"https:\/\/www.iescarlessalvador.es\/index.php?rest_route=\/wp\/v2\/media\/4927"}],"wp:attachment":[{"href":"https:\/\/www.iescarlessalvador.es\/index.php?rest_route=%2Fwp%2Fv2%2Fmedia&parent=4926"}],"wp:term":[{"taxonomy":"category","embeddable":true,"href":"https:\/\/www.iescarlessalvador.es\/index.php?rest_route=%2Fwp%2Fv2%2Fcategories&post=4926"},{"taxonomy":"post_tag","embeddable":true,"href":"https:\/\/www.iescarlessalvador.es\/index.php?rest_route=%2Fwp%2Fv2%2Ftags&post=4926"}],"curies":[{"name":"wp","href":"https:\/\/api.w.org\/{rel}","templated":true}]}}