{"id":4931,"date":"2024-05-30T19:37:10","date_gmt":"2024-05-30T19:37:10","guid":{"rendered":"https:\/\/www.iescarlessalvador.es\/?p=4931"},"modified":"2024-05-30T19:53:51","modified_gmt":"2024-05-30T19:53:51","slug":"projecte-aps-de-lalumnat-de-2n-de-fp-basica","status":"publish","type":"post","link":"https:\/\/www.iescarlessalvador.es\/?p=4931","title":{"rendered":"ProJecte ApS de l&#8217;alumnat de 2n de FP B\u00e0SICA"},"content":{"rendered":"\n<p>L&#8217;alumnat de 2n d&#8217;FP B\u00e0sica ha realitzat al llarg del curs un projecte en col\u00b7laboraci\u00f3 amb Farmamundi i la Creu Roja. Ha consistit en el fet que l&#8217;alumnat ha ajudat persones majors a utilitzar els dispositius Alexa. <\/p>\n\n\n\n<p>A m\u00e9s a m\u00e9s, els van oferir uns tallers d&#8217;edici\u00f3 de v\u00eddeo digital per a difondre el projecte. El resultat pot veure&#8217;s en el seg\u00fcent v\u00eddeo.<\/p>\n\n\n\n<figure class=\"wp-block-embed is-type-video is-provider-youtube wp-block-embed-youtube wp-embed-aspect-16-9 wp-has-aspect-ratio\"><div class=\"wp-block-embed__wrapper\">\n<div class=\"nv-iframe-embed\"><iframe title=\"Derecho a la salud y Aprendizaje-Servicio Solidario\" width=\"1200\" height=\"675\" src=\"https:\/\/www.youtube.com\/embed\/zcCt9M6_uoM?feature=oembed\" frameborder=\"0\" allow=\"accelerometer; autoplay; clipboard-write; encrypted-media; gyroscope; picture-in-picture; web-share\" referrerpolicy=\"strict-origin-when-cross-origin\" allowfullscreen><\/iframe><\/div>\n<\/div><\/figure>\n\n\n\n<p>Tamb\u00e9 a l&#8217;enlla\u00e7: <a href=\"http:\/\/www.farmamundi.org\" data-type=\"link\" data-id=\"www.farmamundi.org\">www.farmamundi.org <\/a><\/p>\n\n\n\n<p>El proper curs escolar continuarem amb aquest projecte d&#8217;Aprenentatge Servei que tant ha agradat a l&#8217;alumnat, a les persones majors participants. i tamb\u00e9 a les organitzacions que han col\u00b7laborat. <\/p>\n\n\n\n<p><\/p>\n\n\n\n<p><\/p>\n","protected":false},"excerpt":{"rendered":"<p>L&#8217;alumnat de 2n d&#8217;FP B\u00e0sica ha realitzat al llarg del curs un projecte en col\u00b7laboraci\u00f3 amb Farmamundi i la Creu Roja. Ha consistit en el fet que l&#8217;alumnat ha ajudat persones majors a utilitzar els dispositius Alexa. A m\u00e9s a m\u00e9s, els van oferir uns tallers d&#8217;edici\u00f3 de v\u00eddeo digital per a difondre el projecte.&hellip;&nbsp;<a href=\"https:\/\/www.iescarlessalvador.es\/?p=4931\" class=\"\" rel=\"bookmark\">Leer m\u00e1s &raquo;<span class=\"screen-reader-text\">ProJecte ApS de l&#8217;alumnat de 2n de FP B\u00e0SICA<\/span><\/a><\/p>\n","protected":false},"author":1,"featured_media":4941,"comment_status":"closed","ping_status":"closed","sticky":false,"template":"","format":"standard","meta":{"rop_custom_images_group":[],"rop_custom_messages_group":[],"rop_publish_now":"initial","rop_publish_now_accounts":[],"rop_publish_now_history":[],"rop_publish_now_status":"pending","neve_meta_sidebar":"","neve_meta_container":"","neve_meta_enable_content_width":"","neve_meta_content_width":0,"neve_meta_title_alignment":"","neve_meta_author_avatar":"","neve_post_elements_order":"","neve_meta_disable_header":"","neve_meta_disable_footer":"","neve_meta_disable_title":"","footnotes":""},"categories":[238],"tags":[],"class_list":["post-4931","post","type-post","status-publish","format-standard","has-post-thumbnail","hentry","category-noticies-ca"],"_links":{"self":[{"href":"https:\/\/www.iescarlessalvador.es\/index.php?rest_route=\/wp\/v2\/posts\/4931","targetHints":{"allow":["GET"]}}],"collection":[{"href":"https:\/\/www.iescarlessalvador.es\/index.php?rest_route=\/wp\/v2\/posts"}],"about":[{"href":"https:\/\/www.iescarlessalvador.es\/index.php?rest_route=\/wp\/v2\/types\/post"}],"author":[{"embeddable":true,"href":"https:\/\/www.iescarlessalvador.es\/index.php?rest_route=\/wp\/v2\/users\/1"}],"replies":[{"embeddable":true,"href":"https:\/\/www.iescarlessalvador.es\/index.php?rest_route=%2Fwp%2Fv2%2Fcomments&post=4931"}],"version-history":[{"count":3,"href":"https:\/\/www.iescarlessalvador.es\/index.php?rest_route=\/wp\/v2\/posts\/4931\/revisions"}],"predecessor-version":[{"id":4939,"href":"https:\/\/www.iescarlessalvador.es\/index.php?rest_route=\/wp\/v2\/posts\/4931\/revisions\/4939"}],"wp:featuredmedia":[{"embeddable":true,"href":"https:\/\/www.iescarlessalvador.es\/index.php?rest_route=\/wp\/v2\/media\/4941"}],"wp:attachment":[{"href":"https:\/\/www.iescarlessalvador.es\/index.php?rest_route=%2Fwp%2Fv2%2Fmedia&parent=4931"}],"wp:term":[{"taxonomy":"category","embeddable":true,"href":"https:\/\/www.iescarlessalvador.es\/index.php?rest_route=%2Fwp%2Fv2%2Fcategories&post=4931"},{"taxonomy":"post_tag","embeddable":true,"href":"https:\/\/www.iescarlessalvador.es\/index.php?rest_route=%2Fwp%2Fv2%2Ftags&post=4931"}],"curies":[{"name":"wp","href":"https:\/\/api.w.org\/{rel}","templated":true}]}}