{"id":5010,"date":"2024-06-18T04:08:44","date_gmt":"2024-06-18T04:08:44","guid":{"rendered":"https:\/\/www.iescarlessalvador.es\/?p=5010"},"modified":"2024-06-18T13:13:03","modified_gmt":"2024-06-18T13:13:03","slug":"reconeixement-dor-en-la-xarxa-novigi","status":"publish","type":"post","link":"https:\/\/www.iescarlessalvador.es\/?p=5010","title":{"rendered":"Reconeixement d&#8217;or en la xarxa novigi"},"content":{"rendered":"\n<p>El passat dilluns 17 de juny de 2024, l&#8217;IES Carles Salvador d&#8217;Aldaia va rebre el seu reconeixement d&#8217;or en la Xarxa Novigi. Aquest premi s&#8217;atorga als centres educatius que participen en tres del quatre programes que integren la Xarxa Novigi. En el nostre cas: Innovatec, Qualitas i Empr\u00e9n.<\/p>\n\n\n\n<figure class=\"wp-block-gallery has-nested-images columns-default is-cropped wp-block-gallery-1 is-layout-flex wp-block-gallery-is-layout-flex\">\n<figure class=\"wp-block-image size-large\"><img fetchpriority=\"high\" decoding=\"async\" width=\"1024\" height=\"724\" data-id=\"5022\" src=\"https:\/\/www.iescarlessalvador.es\/wp-content\/uploads\/2024\/06\/img5-1024x724.jpg\" alt=\"\" class=\"wp-image-5022\" srcset=\"https:\/\/www.iescarlessalvador.es\/wp-content\/uploads\/2024\/06\/img5-1024x724.jpg 1024w, https:\/\/www.iescarlessalvador.es\/wp-content\/uploads\/2024\/06\/img5-300x212.jpg 300w, https:\/\/www.iescarlessalvador.es\/wp-content\/uploads\/2024\/06\/img5-768x543.jpg 768w, https:\/\/www.iescarlessalvador.es\/wp-content\/uploads\/2024\/06\/img5-1536x1086.jpg 1536w, https:\/\/www.iescarlessalvador.es\/wp-content\/uploads\/2024\/06\/img5-2048x1448.jpg 2048w\" sizes=\"(max-width: 1024px) 100vw, 1024px\" \/><\/figure>\n<\/figure>\n\n\n\n<p>L&#8217;Auditori de la Diputaci\u00f3 d&#8217;Alacant va ser l&#8217;escenari d&#8217;aquest event on el Conseller d&#8217;Educaci\u00f3, el Secretari Auton\u00f2mic i la Directora General de la FP lliuraren els diplomes acreditatius.<\/p>\n\n\n\n<figure class=\"wp-block-gallery has-nested-images columns-default is-cropped wp-block-gallery-2 is-layout-flex wp-block-gallery-is-layout-flex\">\n<figure class=\"wp-block-image size-large\"><img decoding=\"async\" width=\"1024\" height=\"768\" data-id=\"5014\" src=\"https:\/\/www.iescarlessalvador.es\/wp-content\/uploads\/2024\/06\/WhatsApp-Image-2024-06-17-at-13.57.11-1024x768.jpeg\" alt=\"\" class=\"wp-image-5014\" srcset=\"https:\/\/www.iescarlessalvador.es\/wp-content\/uploads\/2024\/06\/WhatsApp-Image-2024-06-17-at-13.57.11-1024x768.jpeg 1024w, https:\/\/www.iescarlessalvador.es\/wp-content\/uploads\/2024\/06\/WhatsApp-Image-2024-06-17-at-13.57.11-300x225.jpeg 300w, https:\/\/www.iescarlessalvador.es\/wp-content\/uploads\/2024\/06\/WhatsApp-Image-2024-06-17-at-13.57.11-768x576.jpeg 768w, https:\/\/www.iescarlessalvador.es\/wp-content\/uploads\/2024\/06\/WhatsApp-Image-2024-06-17-at-13.57.11-1536x1152.jpeg 1536w, https:\/\/www.iescarlessalvador.es\/wp-content\/uploads\/2024\/06\/WhatsApp-Image-2024-06-17-at-13.57.11.jpeg 1600w\" sizes=\"(max-width: 1024px) 100vw, 1024px\" \/><\/figure>\n\n\n\n<figure class=\"wp-block-image size-large\"><img decoding=\"async\" width=\"768\" height=\"1024\" data-id=\"5015\" src=\"https:\/\/www.iescarlessalvador.es\/wp-content\/uploads\/2024\/06\/WhatsApp-Image-2024-06-17-at-13.56.26-768x1024.jpeg\" alt=\"\" class=\"wp-image-5015\" srcset=\"https:\/\/www.iescarlessalvador.es\/wp-content\/uploads\/2024\/06\/WhatsApp-Image-2024-06-17-at-13.56.26-768x1024.jpeg 768w, https:\/\/www.iescarlessalvador.es\/wp-content\/uploads\/2024\/06\/WhatsApp-Image-2024-06-17-at-13.56.26-225x300.jpeg 225w, https:\/\/www.iescarlessalvador.es\/wp-content\/uploads\/2024\/06\/WhatsApp-Image-2024-06-17-at-13.56.26-1152x1536.jpeg 1152w, https:\/\/www.iescarlessalvador.es\/wp-content\/uploads\/2024\/06\/WhatsApp-Image-2024-06-17-at-13.56.26.jpeg 1200w\" sizes=\"(max-width: 768px) 100vw, 768px\" \/><\/figure>\n\n\n\n<figure class=\"wp-block-image size-large\"><img loading=\"lazy\" decoding=\"async\" width=\"768\" height=\"1024\" data-id=\"5012\" src=\"https:\/\/www.iescarlessalvador.es\/wp-content\/uploads\/2024\/06\/WhatsApp-Image-2024-06-17-at-13.55.52-768x1024.jpeg\" alt=\"\" class=\"wp-image-5012\" srcset=\"https:\/\/www.iescarlessalvador.es\/wp-content\/uploads\/2024\/06\/WhatsApp-Image-2024-06-17-at-13.55.52-768x1024.jpeg 768w, https:\/\/www.iescarlessalvador.es\/wp-content\/uploads\/2024\/06\/WhatsApp-Image-2024-06-17-at-13.55.52-225x300.jpeg 225w, https:\/\/www.iescarlessalvador.es\/wp-content\/uploads\/2024\/06\/WhatsApp-Image-2024-06-17-at-13.55.52-1152x1536.jpeg 1152w, https:\/\/www.iescarlessalvador.es\/wp-content\/uploads\/2024\/06\/WhatsApp-Image-2024-06-17-at-13.55.52.jpeg 1200w\" sizes=\"(max-width: 768px) 100vw, 768px\" \/><\/figure>\n\n\n\n<figure class=\"wp-block-image size-large\"><img loading=\"lazy\" decoding=\"async\" width=\"1024\" height=\"768\" data-id=\"5017\" src=\"https:\/\/www.iescarlessalvador.es\/wp-content\/uploads\/2024\/06\/WhatsApp-Image-2024-06-17-at-11.47.26-1024x768.jpeg\" alt=\"\" class=\"wp-image-5017\" srcset=\"https:\/\/www.iescarlessalvador.es\/wp-content\/uploads\/2024\/06\/WhatsApp-Image-2024-06-17-at-11.47.26-1024x768.jpeg 1024w, https:\/\/www.iescarlessalvador.es\/wp-content\/uploads\/2024\/06\/WhatsApp-Image-2024-06-17-at-11.47.26-300x225.jpeg 300w, https:\/\/www.iescarlessalvador.es\/wp-content\/uploads\/2024\/06\/WhatsApp-Image-2024-06-17-at-11.47.26-768x576.jpeg 768w, https:\/\/www.iescarlessalvador.es\/wp-content\/uploads\/2024\/06\/WhatsApp-Image-2024-06-17-at-11.47.26-1536x1152.jpeg 1536w, https:\/\/www.iescarlessalvador.es\/wp-content\/uploads\/2024\/06\/WhatsApp-Image-2024-06-17-at-11.47.26.jpeg 1600w\" sizes=\"(max-width: 1024px) 100vw, 1024px\" \/><\/figure>\n\n\n\n<figure class=\"wp-block-image size-large\"><img loading=\"lazy\" decoding=\"async\" width=\"1024\" height=\"768\" data-id=\"5016\" src=\"https:\/\/www.iescarlessalvador.es\/wp-content\/uploads\/2024\/06\/WhatsApp-Image-2024-06-17-at-11.47.25-1024x768.jpeg\" alt=\"\" class=\"wp-image-5016\" srcset=\"https:\/\/www.iescarlessalvador.es\/wp-content\/uploads\/2024\/06\/WhatsApp-Image-2024-06-17-at-11.47.25-1024x768.jpeg 1024w, https:\/\/www.iescarlessalvador.es\/wp-content\/uploads\/2024\/06\/WhatsApp-Image-2024-06-17-at-11.47.25-300x225.jpeg 300w, https:\/\/www.iescarlessalvador.es\/wp-content\/uploads\/2024\/06\/WhatsApp-Image-2024-06-17-at-11.47.25-768x576.jpeg 768w, https:\/\/www.iescarlessalvador.es\/wp-content\/uploads\/2024\/06\/WhatsApp-Image-2024-06-17-at-11.47.25-1536x1152.jpeg 1536w, https:\/\/www.iescarlessalvador.es\/wp-content\/uploads\/2024\/06\/WhatsApp-Image-2024-06-17-at-11.47.25.jpeg 1600w\" sizes=\"(max-width: 1024px) 100vw, 1024px\" \/><\/figure>\n<\/figure>\n","protected":false},"excerpt":{"rendered":"<p>El passat dilluns 17 de juny de 2024, l&#8217;IES Carles Salvador d&#8217;Aldaia va rebre el seu reconeixement d&#8217;or en la Xarxa Novigi. Aquest premi s&#8217;atorga als centres educatius que participen en tres del quatre programes que integren la Xarxa Novigi. En el nostre cas: Innovatec, Qualitas i Empr\u00e9n. L&#8217;Auditori de la Diputaci\u00f3 d&#8217;Alacant va ser&hellip;&nbsp;<a href=\"https:\/\/www.iescarlessalvador.es\/?p=5010\" class=\"\" rel=\"bookmark\">Leer m\u00e1s &raquo;<span class=\"screen-reader-text\">Reconeixement d&#8217;or en la xarxa novigi<\/span><\/a><\/p>\n","protected":false},"author":1,"featured_media":5017,"comment_status":"closed","ping_status":"closed","sticky":false,"template":"","format":"standard","meta":{"rop_custom_images_group":[],"rop_custom_messages_group":[],"rop_publish_now":"initial","rop_publish_now_accounts":[],"rop_publish_now_history":[],"rop_publish_now_status":"pending","neve_meta_sidebar":"","neve_meta_container":"","neve_meta_enable_content_width":"","neve_meta_content_width":0,"neve_meta_title_alignment":"","neve_meta_author_avatar":"","neve_post_elements_order":"","neve_meta_disable_header":"","neve_meta_disable_footer":"","neve_meta_disable_title":"","footnotes":""},"categories":[238],"tags":[],"class_list":["post-5010","post","type-post","status-publish","format-standard","has-post-thumbnail","hentry","category-noticies-ca"],"_links":{"self":[{"href":"https:\/\/www.iescarlessalvador.es\/index.php?rest_route=\/wp\/v2\/posts\/5010","targetHints":{"allow":["GET"]}}],"collection":[{"href":"https:\/\/www.iescarlessalvador.es\/index.php?rest_route=\/wp\/v2\/posts"}],"about":[{"href":"https:\/\/www.iescarlessalvador.es\/index.php?rest_route=\/wp\/v2\/types\/post"}],"author":[{"embeddable":true,"href":"https:\/\/www.iescarlessalvador.es\/index.php?rest_route=\/wp\/v2\/users\/1"}],"replies":[{"embeddable":true,"href":"https:\/\/www.iescarlessalvador.es\/index.php?rest_route=%2Fwp%2Fv2%2Fcomments&post=5010"}],"version-history":[{"count":2,"href":"https:\/\/www.iescarlessalvador.es\/index.php?rest_route=\/wp\/v2\/posts\/5010\/revisions"}],"predecessor-version":[{"id":5024,"href":"https:\/\/www.iescarlessalvador.es\/index.php?rest_route=\/wp\/v2\/posts\/5010\/revisions\/5024"}],"wp:featuredmedia":[{"embeddable":true,"href":"https:\/\/www.iescarlessalvador.es\/index.php?rest_route=\/wp\/v2\/media\/5017"}],"wp:attachment":[{"href":"https:\/\/www.iescarlessalvador.es\/index.php?rest_route=%2Fwp%2Fv2%2Fmedia&parent=5010"}],"wp:term":[{"taxonomy":"category","embeddable":true,"href":"https:\/\/www.iescarlessalvador.es\/index.php?rest_route=%2Fwp%2Fv2%2Fcategories&post=5010"},{"taxonomy":"post_tag","embeddable":true,"href":"https:\/\/www.iescarlessalvador.es\/index.php?rest_route=%2Fwp%2Fv2%2Ftags&post=5010"}],"curies":[{"name":"wp","href":"https:\/\/api.w.org\/{rel}","templated":true}]}}