{"id":5020,"date":"2024-06-18T04:13:34","date_gmt":"2024-06-18T04:13:34","guid":{"rendered":"https:\/\/www.iescarlessalvador.es\/?p=5020"},"modified":"2024-06-18T13:12:23","modified_gmt":"2024-06-18T13:12:23","slug":"reconocimiento-de-oro-en-la-red-novigi","status":"publish","type":"post","link":"https:\/\/www.iescarlessalvador.es\/?p=5020&lang=es","title":{"rendered":"Reconocimiento de oro en la Red NOVIGI"},"content":{"rendered":"\n<p>El pasado lunes 17 de junio de 2024, el IES Carles Salvador de Aldaia recibi\u00f3 su reconocimiento de Oro en la Red Novigi. Este premio se otorga a los centros educativos que participan en tres de los cuatro programas que integran la Red Novigi. En nuestro caso: Innovatec, Qualitas y Empr\u00e9n.<\/p>\n\n\n\n<figure class=\"wp-block-image size-large\"><img fetchpriority=\"high\" decoding=\"async\" width=\"1024\" height=\"724\" src=\"https:\/\/www.iescarlessalvador.es\/wp-content\/uploads\/2024\/06\/img5-1024x724.jpg\" alt=\"\" class=\"wp-image-5022\" srcset=\"https:\/\/www.iescarlessalvador.es\/wp-content\/uploads\/2024\/06\/img5-1024x724.jpg 1024w, https:\/\/www.iescarlessalvador.es\/wp-content\/uploads\/2024\/06\/img5-300x212.jpg 300w, https:\/\/www.iescarlessalvador.es\/wp-content\/uploads\/2024\/06\/img5-768x543.jpg 768w, https:\/\/www.iescarlessalvador.es\/wp-content\/uploads\/2024\/06\/img5-1536x1086.jpg 1536w, https:\/\/www.iescarlessalvador.es\/wp-content\/uploads\/2024\/06\/img5-2048x1448.jpg 2048w\" sizes=\"(max-width: 1024px) 100vw, 1024px\" \/><\/figure>\n\n\n\n<p>El Auditorio de Diputaci\u00f3n de Alicante fue el escenario de este evento donde el Conseller de Educaci\u00f3n, el Secretario Auton\u00f3mico y la Directora General de la FP entregaron los diplomas acreditativos.<\/p>\n\n\n\n<figure class=\"wp-block-image\"><img decoding=\"async\" width=\"1024\" height=\"768\" src=\"https:\/\/www.iescarlessalvador.es\/wp-content\/uploads\/2024\/06\/WhatsApp-Image-2024-06-17-at-13.57.11-1024x768.jpeg\" alt=\"\" class=\"wp-image-5014\" srcset=\"https:\/\/www.iescarlessalvador.es\/wp-content\/uploads\/2024\/06\/WhatsApp-Image-2024-06-17-at-13.57.11-1024x768.jpeg 1024w, https:\/\/www.iescarlessalvador.es\/wp-content\/uploads\/2024\/06\/WhatsApp-Image-2024-06-17-at-13.57.11-300x225.jpeg 300w, https:\/\/www.iescarlessalvador.es\/wp-content\/uploads\/2024\/06\/WhatsApp-Image-2024-06-17-at-13.57.11-768x576.jpeg 768w, https:\/\/www.iescarlessalvador.es\/wp-content\/uploads\/2024\/06\/WhatsApp-Image-2024-06-17-at-13.57.11-1536x1152.jpeg 1536w, https:\/\/www.iescarlessalvador.es\/wp-content\/uploads\/2024\/06\/WhatsApp-Image-2024-06-17-at-13.57.11.jpeg 1600w\" sizes=\"(max-width: 1024px) 100vw, 1024px\" \/><\/figure>\n","protected":false},"excerpt":{"rendered":"<p>El pasado lunes 17 de junio de 2024, el IES Carles Salvador de Aldaia recibi\u00f3 su reconocimiento de Oro en la Red Novigi. Este premio se otorga a los centros educativos que participan en tres de los cuatro programas que integran la Red Novigi. En nuestro caso: Innovatec, Qualitas y Empr\u00e9n. El Auditorio de Diputaci\u00f3n&hellip;&nbsp;<a href=\"https:\/\/www.iescarlessalvador.es\/?p=5020&#038;lang=es\" class=\"\" rel=\"bookmark\">Leer m\u00e1s &raquo;<span class=\"screen-reader-text\">Reconocimiento de oro en la Red NOVIGI<\/span><\/a><\/p>\n","protected":false},"author":1,"featured_media":5017,"comment_status":"closed","ping_status":"closed","sticky":false,"template":"","format":"standard","meta":{"rop_custom_images_group":[],"rop_custom_messages_group":[],"rop_publish_now":"initial","rop_publish_now_accounts":[],"rop_publish_now_history":[],"rop_publish_now_status":"pending","neve_meta_sidebar":"","neve_meta_container":"","neve_meta_enable_content_width":"","neve_meta_content_width":0,"neve_meta_title_alignment":"","neve_meta_author_avatar":"","neve_post_elements_order":"","neve_meta_disable_header":"","neve_meta_disable_footer":"","neve_meta_disable_title":"","footnotes":""},"categories":[34],"tags":[],"class_list":["post-5020","post","type-post","status-publish","format-standard","has-post-thumbnail","hentry","category-noticias"],"_links":{"self":[{"href":"https:\/\/www.iescarlessalvador.es\/index.php?rest_route=\/wp\/v2\/posts\/5020","targetHints":{"allow":["GET"]}}],"collection":[{"href":"https:\/\/www.iescarlessalvador.es\/index.php?rest_route=\/wp\/v2\/posts"}],"about":[{"href":"https:\/\/www.iescarlessalvador.es\/index.php?rest_route=\/wp\/v2\/types\/post"}],"author":[{"embeddable":true,"href":"https:\/\/www.iescarlessalvador.es\/index.php?rest_route=\/wp\/v2\/users\/1"}],"replies":[{"embeddable":true,"href":"https:\/\/www.iescarlessalvador.es\/index.php?rest_route=%2Fwp%2Fv2%2Fcomments&post=5020"}],"version-history":[{"count":2,"href":"https:\/\/www.iescarlessalvador.es\/index.php?rest_route=\/wp\/v2\/posts\/5020\/revisions"}],"predecessor-version":[{"id":5023,"href":"https:\/\/www.iescarlessalvador.es\/index.php?rest_route=\/wp\/v2\/posts\/5020\/revisions\/5023"}],"wp:featuredmedia":[{"embeddable":true,"href":"https:\/\/www.iescarlessalvador.es\/index.php?rest_route=\/wp\/v2\/media\/5017"}],"wp:attachment":[{"href":"https:\/\/www.iescarlessalvador.es\/index.php?rest_route=%2Fwp%2Fv2%2Fmedia&parent=5020"}],"wp:term":[{"taxonomy":"category","embeddable":true,"href":"https:\/\/www.iescarlessalvador.es\/index.php?rest_route=%2Fwp%2Fv2%2Fcategories&post=5020"},{"taxonomy":"post_tag","embeddable":true,"href":"https:\/\/www.iescarlessalvador.es\/index.php?rest_route=%2Fwp%2Fv2%2Ftags&post=5020"}],"curies":[{"name":"wp","href":"https:\/\/api.w.org\/{rel}","templated":true}]}}