{"id":5029,"date":"2025-06-20T12:03:33","date_gmt":"2025-06-20T12:03:33","guid":{"rendered":"https:\/\/www.iescarlessalvador.es\/?p=5029"},"modified":"2025-06-20T13:12:26","modified_gmt":"2025-06-20T13:12:26","slug":"video-de-la-graduacion-2023-24","status":"publish","type":"post","link":"https:\/\/www.iescarlessalvador.es\/?p=5029&lang=es","title":{"rendered":"V\u00eddeo de la graduaci\u00f3n 2024-25"},"content":{"rendered":"\n<p>Aqu\u00ed tenemos disponible el v\u00eddeo del Acto de graduaci\u00f3n del curso escolar 2024-25, que realizamos en el IES Carles Salvador.<\/p>\n\n\n\n<p><a href=\"https:\/\/drive.google.com\/file\/d\/1izhT4XwFHwmaZLaJPbcHMmllBGgbXG7h\/view?usp=sharing\">https:\/\/drive.google.com\/file\/d\/1izhT4XwFHwmaZLaJPbcHMmllBGgbXG7h\/view?usp=sharing<\/a><\/p>\n\n\n\n<p><a href=\"https:\/\/youtu.be\/DnWHHye1TPs\">https:\/\/youtu.be\/DnWHHye1TPs<\/a><\/p>\n\n\n\n<p><\/p>\n","protected":false},"excerpt":{"rendered":"<p>Aqu\u00ed tenemos disponible el v\u00eddeo del Acto de graduaci\u00f3n del curso escolar 2024-25, que realizamos en el IES Carles Salvador. https:\/\/drive.google.com\/file\/d\/1izhT4XwFHwmaZLaJPbcHMmllBGgbXG7h\/view?usp=sharing https:\/\/youtu.be\/DnWHHye1TPs<\/p>\n","protected":false},"author":1,"featured_media":5874,"comment_status":"closed","ping_status":"closed","sticky":false,"template":"","format":"standard","meta":{"rop_custom_images_group":[],"rop_custom_messages_group":[],"rop_publish_now":"initial","rop_publish_now_accounts":[],"rop_publish_now_history":[],"rop_publish_now_status":"pending","neve_meta_sidebar":"","neve_meta_container":"","neve_meta_enable_content_width":"","neve_meta_content_width":0,"neve_meta_title_alignment":"","neve_meta_author_avatar":"","neve_post_elements_order":"","neve_meta_disable_header":"","neve_meta_disable_footer":"","neve_meta_disable_title":"","footnotes":""},"categories":[34],"tags":[],"class_list":["post-5029","post","type-post","status-publish","format-standard","has-post-thumbnail","hentry","category-noticias"],"_links":{"self":[{"href":"https:\/\/www.iescarlessalvador.es\/index.php?rest_route=\/wp\/v2\/posts\/5029","targetHints":{"allow":["GET"]}}],"collection":[{"href":"https:\/\/www.iescarlessalvador.es\/index.php?rest_route=\/wp\/v2\/posts"}],"about":[{"href":"https:\/\/www.iescarlessalvador.es\/index.php?rest_route=\/wp\/v2\/types\/post"}],"author":[{"embeddable":true,"href":"https:\/\/www.iescarlessalvador.es\/index.php?rest_route=\/wp\/v2\/users\/1"}],"replies":[{"embeddable":true,"href":"https:\/\/www.iescarlessalvador.es\/index.php?rest_route=%2Fwp%2Fv2%2Fcomments&post=5029"}],"version-history":[{"count":8,"href":"https:\/\/www.iescarlessalvador.es\/index.php?rest_route=\/wp\/v2\/posts\/5029\/revisions"}],"predecessor-version":[{"id":5990,"href":"https:\/\/www.iescarlessalvador.es\/index.php?rest_route=\/wp\/v2\/posts\/5029\/revisions\/5990"}],"wp:featuredmedia":[{"embeddable":true,"href":"https:\/\/www.iescarlessalvador.es\/index.php?rest_route=\/wp\/v2\/media\/5874"}],"wp:attachment":[{"href":"https:\/\/www.iescarlessalvador.es\/index.php?rest_route=%2Fwp%2Fv2%2Fmedia&parent=5029"}],"wp:term":[{"taxonomy":"category","embeddable":true,"href":"https:\/\/www.iescarlessalvador.es\/index.php?rest_route=%2Fwp%2Fv2%2Fcategories&post=5029"},{"taxonomy":"post_tag","embeddable":true,"href":"https:\/\/www.iescarlessalvador.es\/index.php?rest_route=%2Fwp%2Fv2%2Ftags&post=5029"}],"curies":[{"name":"wp","href":"https:\/\/api.w.org\/{rel}","templated":true}]}}