{"id":5034,"date":"2024-07-06T05:48:34","date_gmt":"2024-07-06T05:48:34","guid":{"rendered":"https:\/\/www.iescarlessalvador.es\/?p=5034"},"modified":"2024-07-06T05:48:35","modified_gmt":"2024-07-06T05:48:35","slug":"donacio-ies-carles-salvador-a-aldaia-inclusio","status":"publish","type":"post","link":"https:\/\/www.iescarlessalvador.es\/?p=5034","title":{"rendered":"Donaci\u00f3 IES Carles Salvador a Aldaia Inclusi\u00f3"},"content":{"rendered":"\n<p>Des de l&#8217;IES Carles Salvador, i concretament des del Departament d&#8217;Educaci\u00f3 Pl\u00e0stica i Visual, volem fer-los coneixedors de la bonica iniciativa realitzada en este curs escolar 23\/24. Esta iniciativa ha consistit en l&#8217;adquisici\u00f3\u00a0de les obres art\u00edstiques de l&#8217;alumnat de 2n, 3r i 4t ESO, realitzades al llarg del curs,\u00a0per part del professorat i\/o fam\u00edlies. <\/p>\n\n\n\n<figure class=\"wp-block-image size-large\"><img fetchpriority=\"high\" decoding=\"async\" width=\"768\" height=\"1024\" src=\"https:\/\/www.iescarlessalvador.es\/wp-content\/uploads\/2024\/07\/c1a7c2c4-1cdc-4761-9f78-1ff69dd49954-768x1024.jpeg\" alt=\"\" class=\"wp-image-5035\" srcset=\"https:\/\/www.iescarlessalvador.es\/wp-content\/uploads\/2024\/07\/c1a7c2c4-1cdc-4761-9f78-1ff69dd49954-768x1024.jpeg 768w, https:\/\/www.iescarlessalvador.es\/wp-content\/uploads\/2024\/07\/c1a7c2c4-1cdc-4761-9f78-1ff69dd49954-225x300.jpeg 225w, https:\/\/www.iescarlessalvador.es\/wp-content\/uploads\/2024\/07\/c1a7c2c4-1cdc-4761-9f78-1ff69dd49954-1152x1536.jpeg 1152w, https:\/\/www.iescarlessalvador.es\/wp-content\/uploads\/2024\/07\/c1a7c2c4-1cdc-4761-9f78-1ff69dd49954.jpeg 1200w\" sizes=\"(max-width: 768px) 100vw, 768px\" \/><\/figure>\n\n\n\n<p>Els diners recaptats ha sigut donat a l&#8217;associaci\u00f3 Aldaia <em>Inclusi\u00f3, la fi de la qual \u00e9s representar, defendre, secundar i visibilitzar els drets de les persones amb trastorn de l&#8217;espectre autista (<\/em>TEA) i les seues fam\u00edlies, contribuint al fet que cada persona amb TEA i les seues fam\u00edlies puguen realitzar el seu projecte de vida amb tot el dret en la societat.\u00a0<\/p>\n\n\n\n<p>Volem fer sobretot recalcament en la generositat de l&#8217;alumnat&nbsp;que ha participat en la iniciativa, per la seua dedicaci\u00f3 i per mostrar una sensibilitat especial cap a les persones amb diversitat funcional.&nbsp;<\/p>\n\n\n\n<p>El context educatiu \u00e9s un context ideal per a fomentar una societat m\u00e9s justa, inclusiva i respectuosa.<\/p>\n","protected":false},"excerpt":{"rendered":"<p>Des de l&#8217;IES Carles Salvador, i concretament des del Departament d&#8217;Educaci\u00f3 Pl\u00e0stica i Visual, volem fer-los coneixedors de la bonica iniciativa realitzada en este curs escolar 23\/24. Esta iniciativa ha consistit en l&#8217;adquisici\u00f3\u00a0de les obres art\u00edstiques de l&#8217;alumnat de 2n, 3r i 4t ESO, realitzades al llarg del curs,\u00a0per part del professorat i\/o fam\u00edlies. Els&hellip;&nbsp;<a href=\"https:\/\/www.iescarlessalvador.es\/?p=5034\" class=\"\" rel=\"bookmark\">Leer m\u00e1s &raquo;<span class=\"screen-reader-text\">Donaci\u00f3 IES Carles Salvador a Aldaia Inclusi\u00f3<\/span><\/a><\/p>\n","protected":false},"author":1,"featured_media":5036,"comment_status":"closed","ping_status":"closed","sticky":false,"template":"","format":"standard","meta":{"rop_custom_images_group":[],"rop_custom_messages_group":[],"rop_publish_now":"initial","rop_publish_now_accounts":[],"rop_publish_now_history":[],"rop_publish_now_status":"pending","neve_meta_sidebar":"","neve_meta_container":"","neve_meta_enable_content_width":"","neve_meta_content_width":0,"neve_meta_title_alignment":"","neve_meta_author_avatar":"","neve_post_elements_order":"","neve_meta_disable_header":"","neve_meta_disable_footer":"","neve_meta_disable_title":"","footnotes":""},"categories":[238],"tags":[],"class_list":["post-5034","post","type-post","status-publish","format-standard","has-post-thumbnail","hentry","category-noticies-ca"],"_links":{"self":[{"href":"https:\/\/www.iescarlessalvador.es\/index.php?rest_route=\/wp\/v2\/posts\/5034","targetHints":{"allow":["GET"]}}],"collection":[{"href":"https:\/\/www.iescarlessalvador.es\/index.php?rest_route=\/wp\/v2\/posts"}],"about":[{"href":"https:\/\/www.iescarlessalvador.es\/index.php?rest_route=\/wp\/v2\/types\/post"}],"author":[{"embeddable":true,"href":"https:\/\/www.iescarlessalvador.es\/index.php?rest_route=\/wp\/v2\/users\/1"}],"replies":[{"embeddable":true,"href":"https:\/\/www.iescarlessalvador.es\/index.php?rest_route=%2Fwp%2Fv2%2Fcomments&post=5034"}],"version-history":[{"count":1,"href":"https:\/\/www.iescarlessalvador.es\/index.php?rest_route=\/wp\/v2\/posts\/5034\/revisions"}],"predecessor-version":[{"id":5037,"href":"https:\/\/www.iescarlessalvador.es\/index.php?rest_route=\/wp\/v2\/posts\/5034\/revisions\/5037"}],"wp:featuredmedia":[{"embeddable":true,"href":"https:\/\/www.iescarlessalvador.es\/index.php?rest_route=\/wp\/v2\/media\/5036"}],"wp:attachment":[{"href":"https:\/\/www.iescarlessalvador.es\/index.php?rest_route=%2Fwp%2Fv2%2Fmedia&parent=5034"}],"wp:term":[{"taxonomy":"category","embeddable":true,"href":"https:\/\/www.iescarlessalvador.es\/index.php?rest_route=%2Fwp%2Fv2%2Fcategories&post=5034"},{"taxonomy":"post_tag","embeddable":true,"href":"https:\/\/www.iescarlessalvador.es\/index.php?rest_route=%2Fwp%2Fv2%2Ftags&post=5034"}],"curies":[{"name":"wp","href":"https:\/\/api.w.org\/{rel}","templated":true}]}}