{"id":5041,"date":"2024-08-29T12:55:50","date_gmt":"2024-08-29T12:55:50","guid":{"rendered":"https:\/\/www.iescarlessalvador.es\/?p=5041"},"modified":"2025-08-28T16:22:44","modified_gmt":"2025-08-28T16:22:44","slug":"inici-curs-escolar-2023-24","status":"publish","type":"post","link":"https:\/\/www.iescarlessalvador.es\/?p=5041","title":{"rendered":"inici curs escolar 2024-25"},"content":{"rendered":"<p>\n\n\n<\/p>\n<p><strong><em>&nbsp;<\/em><\/strong><strong style=\"background-color: var(--nv-site-bg); color: var(--nv-text-color); font-family: var(--bodyfontfamily),var(--nv-fallback-ff); font-size: var(--bodyfontsize); letter-spacing: var(--bodyletterspacing); text-transform: var(--bodytexttransform);\"><em><a style=\"--linkdeco: underline;\" href=\"https:\/\/www.iescarlessalvador.es\/wp-content\/uploads\/2024\/08\/INICI-DE-CURS_24_25_calendari_DEF_ALUMNAT.pdf\">Aquest es el calendari d&#8217;inici del curs escolar 2024-25 de l&#8217;IES Carles Salvador<\/a><\/em><\/strong><\/p>\n<p style=\"margin-right: 70.85pt; text-align: justify;\"><b><i>DIJOUS&nbsp; 5&nbsp;DE SETEMBRE<\/i><\/b><\/p>\n<p style=\"text-align: justify;\">19:00 h Reuni\u00f3 informativa al sal\u00f3 d&#8217;actes del centre, dirigida a les fam\u00edlies de l&#8217;alumnat de 1r ESO o l&#8217;alumnat que s&#8217;incorpora per primera vegada al centre, per donar les darreres&nbsp; indicacions i resoldre els dubtes.<b><i><\/i><\/b><\/p>\n<p style=\"margin-right: 266.45pt; text-align: justify;\"><b><i>&nbsp;<\/i><\/b><\/p>\n<p style=\"margin-right: 266.45pt; text-align: justify;\"><b><i>DILLUNS&nbsp;9&nbsp;&nbsp;DE&nbsp; SETEMBRE<\/i><\/b><\/p>\n<p>L&#8217;alumnat acudir\u00e0 al centre en l&#8217;horari indicat en la graella adjunta per realitzar la sessi\u00f3 d&#8217;acollida amb els tutors. Han de portar material escolar per prendre nota (llibreta o quadern, material per escriure i una motxilla per poder emportar-se els llibres del banc de llibres).<\/p>\n<p><strong>AULES JORNADA D&#8217;ACOLLIDA<\/strong><\/p>\n<table border=\"1\" width=\"0\" cellspacing=\"2\" cellpadding=\"2\">\n<tbody>\n<tr>\n<td width=\"177\">\n<p>GRUP<\/p>\n<\/td>\n<td width=\"107\">\n<p>HORA<\/p>\n<\/td>\n<td width=\"151\">\n<p>AULA<\/p>\n<\/td>\n<\/tr>\n<tr>\n<td width=\"177\">\n<p>1r ESO A<\/p>\n<\/td>\n<td width=\"107\">\n<p>09:00<\/p>\n<\/td>\n<td width=\"151\">\n<p>0.1<\/p>\n<\/td>\n<\/tr>\n<tr>\n<td width=\"177\">\n<p>1r ESO B<\/p>\n<\/td>\n<td width=\"107\">\n<p>09:00<\/p>\n<\/td>\n<td width=\"151\">\n<p>Sala Multiusos<\/p>\n<\/td>\n<\/tr>\n<tr>\n<td width=\"177\">\n<p>1r ESO C<\/p>\n<\/td>\n<td width=\"107\">\n<p>09:15<\/p>\n<\/td>\n<td width=\"151\">\n<p>1.1<\/p>\n<\/td>\n<\/tr>\n<tr>\n<td width=\"177\">\n<p>1r ESO D<\/p>\n<\/td>\n<td width=\"107\">\n<p>09:15<\/p>\n<\/td>\n<td width=\"151\">\n<p>2.5<\/p>\n<\/td>\n<\/tr>\n<tr>\n<td width=\"177\">\n<p>2n ESO A<\/p>\n<\/td>\n<td width=\"107\">\n<p>12:15<\/p>\n<\/td>\n<td width=\"151\">\n<p>1.3<\/p>\n<\/td>\n<\/tr>\n<tr>\n<td width=\"177\">\n<p>2n ESO B<\/p>\n<\/td>\n<td width=\"107\">\n<p>12:15<\/p>\n<\/td>\n<td width=\"151\">\n<p>1.6<\/p>\n<\/td>\n<\/tr>\n<tr>\n<td width=\"177\">\n<p>2n ESO C<\/p>\n<\/td>\n<td width=\"107\">\n<p>12:30<\/p>\n<\/td>\n<td width=\"151\">\n<p>1.8<\/p>\n<\/td>\n<\/tr>\n<tr>\n<td width=\"177\">\n<p>2n ESO D<\/p>\n<\/td>\n<td width=\"107\">\n<p>12:30<\/p>\n<\/td>\n<td width=\"151\">\n<p>1.11<\/p>\n<\/td>\n<\/tr>\n<tr>\n<td width=\"177\">\n<p>PAC<\/p>\n<\/td>\n<td width=\"107\">\n<p>13:00<\/p>\n<\/td>\n<td width=\"151\">\n<p>1.12<\/p>\n<\/td>\n<\/tr>\n<tr>\n<td width=\"177\">\n<p>3r ESO A<\/p>\n<\/td>\n<td width=\"107\">\n<p>11:00<\/p>\n<\/td>\n<td width=\"151\">\n<p>1.13<\/p>\n<\/td>\n<\/tr>\n<tr>\n<td width=\"177\">\n<p>3r ESO B<\/p>\n<\/td>\n<td width=\"107\">\n<p>11:00<\/p>\n<\/td>\n<td width=\"151\">\n<p>2.2<\/p>\n<\/td>\n<\/tr>\n<tr>\n<td width=\"177\">\n<p>3r ESO C<\/p>\n<\/td>\n<td width=\"107\">\n<p>11:15<\/p>\n<\/td>\n<td width=\"151\">\n<p>2.3<\/p>\n<\/td>\n<\/tr>\n<tr>\n<td width=\"177\">\n<p>3r ESO D<\/p>\n<\/td>\n<td width=\"107\">\n<p>11:15<\/p>\n<\/td>\n<td width=\"151\">\n<p>2.4<\/p>\n<\/td>\n<\/tr>\n<tr>\n<td width=\"177\">\n<p>3r PDC<\/p>\n<\/td>\n<td width=\"107\">\n<p>11:15<\/p>\n<\/td>\n<td width=\"151\">\n<p>1.10<\/p>\n<\/td>\n<\/tr>\n<tr>\n<td width=\"177\">\n<p>4t ESO A<\/p>\n<\/td>\n<td width=\"107\">\n<p>12:00<\/p>\n<\/td>\n<td width=\"151\">\n<p>0.2<\/p>\n<\/td>\n<\/tr>\n<tr>\n<td width=\"177\">\n<p>4t ESO B<\/p>\n<\/td>\n<td width=\"107\">\n<p>12:00<\/p>\n<\/td>\n<td width=\"151\">\n<p>0.3<\/p>\n<\/td>\n<\/tr>\n<tr>\n<td width=\"177\">\n<p>4PDC<\/p>\n<\/td>\n<td width=\"107\">\n<p>12:15<\/p>\n<\/td>\n<td width=\"151\">\n<p>1.2<\/p>\n<\/td>\n<\/tr>\n<tr>\n<td width=\"177\">\n<p>1r BATX \u2013 C<\/p>\n<\/td>\n<td width=\"107\">\n<p>09:45<\/p>\n<\/td>\n<td width=\"151\">\n<p>2.6<\/p>\n<\/td>\n<\/tr>\n<tr>\n<td width=\"177\">\n<p>1r BATX \u2013 H<\/p>\n<\/td>\n<td width=\"107\">\n<p>09:45<\/p>\n<\/td>\n<td width=\"151\">\n<p>2.7<\/p>\n<\/td>\n<\/tr>\n<tr>\n<td width=\"177\">\n<p>2n BATX \u2013 C<\/p>\n<\/td>\n<td width=\"107\">\n<p>10:15<\/p>\n<\/td>\n<td width=\"151\">\n<p>Sala d&#8217;Actes<\/p>\n<\/td>\n<\/tr>\n<tr>\n<td width=\"177\">\n<p>2n BATX \u2013 H<\/p>\n<\/td>\n<td width=\"107\">\n<p>10:15<\/p>\n<\/td>\n<td width=\"151\">\n<p>2.8<\/p>\n<\/td>\n<\/tr>\n<tr>\n<td width=\"177\">\n<p>1r FPB<\/p>\n<\/td>\n<td width=\"107\">\n<p>13:00<\/p>\n<\/td>\n<td width=\"151\">\n<p>2.1 (INFO)<\/p>\n<\/td>\n<\/tr>\n<tr>\n<td width=\"177\">\n<p>2n FPB<\/p>\n<\/td>\n<td width=\"107\">\n<p>13:00<\/p>\n<\/td>\n<td width=\"151\">\n<p>1.4 (INFO)<\/p>\n<\/td>\n<\/tr>\n<tr>\n<td width=\"177\">\n<p>1r GM Gesti\u00f3 Administrativa<\/p>\n<\/td>\n<td width=\"107\">\n<p>17:00<\/p>\n<\/td>\n<td width=\"151\">\n<p>1.1<\/p>\n<\/td>\n<\/tr>\n<tr>\n<td width=\"177\">\n<p>1r GM Farmacia<\/p>\n<\/td>\n<td width=\"107\">\n<p>17:00<\/p>\n<\/td>\n<td width=\"151\">\n<p>1.6<\/p>\n<\/td>\n<\/tr>\n<tr>\n<td width=\"177\">\n<p>1r GS Adm. i Financ<\/p>\n<\/td>\n<td width=\"107\">\n<p>17:00<\/p>\n<\/td>\n<td width=\"151\">\n<p>1.3<\/p>\n<\/td>\n<\/tr>\n<tr>\n<td width=\"177\">\n<p>2n GM Gesti\u00f3 Administrativa<\/p>\n<\/td>\n<td width=\"107\">\n<p>17:00<\/p>\n<\/td>\n<td width=\"151\">\n<p>1.13<\/p>\n<\/td>\n<\/tr>\n<tr>\n<td width=\"177\">\n<p>2n GM Farmacia<\/p>\n<\/td>\n<td width=\"107\">\n<p>17:00<\/p>\n<\/td>\n<td width=\"151\">\n<p>1.8<\/p>\n<\/td>\n<\/tr>\n<tr>\n<td width=\"177\">\n<p>2n GS Adm. i Financ<\/p>\n<\/td>\n<td width=\"107\">\n<p>17:00<\/p>\n<\/td>\n<td width=\"151\">\n<p>1.11<\/p>\n<\/td>\n<\/tr>\n<\/tbody>\n<\/table>\n","protected":false},"excerpt":{"rendered":"<p>&nbsp;Aquest es el calendari d&#8217;inici del curs escolar 2024-25 de l&#8217;IES Carles Salvador DIJOUS&nbsp; 5&nbsp;DE SETEMBRE 19:00 h Reuni\u00f3 informativa al sal\u00f3 d&#8217;actes del centre, dirigida a les fam\u00edlies de l&#8217;alumnat de 1r ESO o l&#8217;alumnat que s&#8217;incorpora per primera vegada al centre, per donar les darreres&nbsp; indicacions i resoldre els dubtes. &nbsp; DILLUNS&nbsp;9&nbsp;&nbsp;DE&nbsp; SETEMBRE&hellip;&nbsp;<a href=\"https:\/\/www.iescarlessalvador.es\/?p=5041\" class=\"\" rel=\"bookmark\">Leer m\u00e1s &raquo;<span class=\"screen-reader-text\">inici curs escolar 2024-25<\/span><\/a><\/p>\n","protected":false},"author":1,"featured_media":0,"comment_status":"closed","ping_status":"closed","sticky":false,"template":"","format":"standard","meta":{"rop_custom_images_group":[],"rop_custom_messages_group":[],"rop_publish_now":"initial","rop_publish_now_accounts":[],"rop_publish_now_history":[],"rop_publish_now_status":"pending","neve_meta_sidebar":"","neve_meta_container":"","neve_meta_enable_content_width":"off","neve_meta_content_width":0,"neve_meta_title_alignment":"","neve_meta_author_avatar":"","neve_post_elements_order":"","neve_meta_disable_header":"","neve_meta_disable_footer":"","neve_meta_disable_title":"","footnotes":""},"categories":[238],"tags":[],"class_list":["post-5041","post","type-post","status-publish","format-standard","hentry","category-noticies-ca"],"_links":{"self":[{"href":"https:\/\/www.iescarlessalvador.es\/index.php?rest_route=\/wp\/v2\/posts\/5041","targetHints":{"allow":["GET"]}}],"collection":[{"href":"https:\/\/www.iescarlessalvador.es\/index.php?rest_route=\/wp\/v2\/posts"}],"about":[{"href":"https:\/\/www.iescarlessalvador.es\/index.php?rest_route=\/wp\/v2\/types\/post"}],"author":[{"embeddable":true,"href":"https:\/\/www.iescarlessalvador.es\/index.php?rest_route=\/wp\/v2\/users\/1"}],"replies":[{"embeddable":true,"href":"https:\/\/www.iescarlessalvador.es\/index.php?rest_route=%2Fwp%2Fv2%2Fcomments&post=5041"}],"version-history":[{"count":15,"href":"https:\/\/www.iescarlessalvador.es\/index.php?rest_route=\/wp\/v2\/posts\/5041\/revisions"}],"predecessor-version":[{"id":5093,"href":"https:\/\/www.iescarlessalvador.es\/index.php?rest_route=\/wp\/v2\/posts\/5041\/revisions\/5093"}],"wp:attachment":[{"href":"https:\/\/www.iescarlessalvador.es\/index.php?rest_route=%2Fwp%2Fv2%2Fmedia&parent=5041"}],"wp:term":[{"taxonomy":"category","embeddable":true,"href":"https:\/\/www.iescarlessalvador.es\/index.php?rest_route=%2Fwp%2Fv2%2Fcategories&post=5041"},{"taxonomy":"post_tag","embeddable":true,"href":"https:\/\/www.iescarlessalvador.es\/index.php?rest_route=%2Fwp%2Fv2%2Ftags&post=5041"}],"curies":[{"name":"wp","href":"https:\/\/api.w.org\/{rel}","templated":true}]}}