{"id":5187,"date":"2024-09-25T20:45:09","date_gmt":"2024-09-25T20:45:09","guid":{"rendered":"https:\/\/www.iescarlessalvador.es\/?p=5187"},"modified":"2024-09-25T20:45:11","modified_gmt":"2024-09-25T20:45:11","slug":"centre-educatiu-promotor-de-salut","status":"publish","type":"post","link":"https:\/\/www.iescarlessalvador.es\/?p=5187","title":{"rendered":"Centre educatiu promotor de salut"},"content":{"rendered":"\n<p>L\u2019 IES Carles Salvador participa en aquest programa adre\u00e7at a centres educatius que reforcen el seu comprom\u00eds per a constituir-se com entorn saludable per a viure, aprendre i treballar (OMS)<\/p>\n\n\n\n<p>Podeu ampliar informaci\u00f3 a aquest enlla\u00e7: <a href=\"https:\/\/www.iescarlessalvador.es\/?page_id=5168\">https:\/\/www.iescarlessalvador.es\/?page_id=5168<\/a><\/p>\n","protected":false},"excerpt":{"rendered":"<p>L\u2019 IES Carles Salvador participa en aquest programa adre\u00e7at a centres educatius que reforcen el seu comprom\u00eds per a constituir-se com entorn saludable per a viure, aprendre i treballar (OMS) Podeu ampliar informaci\u00f3 a aquest enlla\u00e7: https:\/\/www.iescarlessalvador.es\/?page_id=5168<\/p>\n","protected":false},"author":1,"featured_media":5174,"comment_status":"closed","ping_status":"closed","sticky":false,"template":"","format":"standard","meta":{"rop_custom_images_group":[],"rop_custom_messages_group":[],"rop_publish_now":"initial","rop_publish_now_accounts":[],"rop_publish_now_history":[],"rop_publish_now_status":"pending","neve_meta_sidebar":"","neve_meta_container":"","neve_meta_enable_content_width":"","neve_meta_content_width":0,"neve_meta_title_alignment":"","neve_meta_author_avatar":"","neve_post_elements_order":"","neve_meta_disable_header":"","neve_meta_disable_footer":"","neve_meta_disable_title":"","footnotes":""},"categories":[238],"tags":[],"class_list":["post-5187","post","type-post","status-publish","format-standard","has-post-thumbnail","hentry","category-noticies-ca"],"_links":{"self":[{"href":"https:\/\/www.iescarlessalvador.es\/index.php?rest_route=\/wp\/v2\/posts\/5187","targetHints":{"allow":["GET"]}}],"collection":[{"href":"https:\/\/www.iescarlessalvador.es\/index.php?rest_route=\/wp\/v2\/posts"}],"about":[{"href":"https:\/\/www.iescarlessalvador.es\/index.php?rest_route=\/wp\/v2\/types\/post"}],"author":[{"embeddable":true,"href":"https:\/\/www.iescarlessalvador.es\/index.php?rest_route=\/wp\/v2\/users\/1"}],"replies":[{"embeddable":true,"href":"https:\/\/www.iescarlessalvador.es\/index.php?rest_route=%2Fwp%2Fv2%2Fcomments&post=5187"}],"version-history":[{"count":1,"href":"https:\/\/www.iescarlessalvador.es\/index.php?rest_route=\/wp\/v2\/posts\/5187\/revisions"}],"predecessor-version":[{"id":5188,"href":"https:\/\/www.iescarlessalvador.es\/index.php?rest_route=\/wp\/v2\/posts\/5187\/revisions\/5188"}],"wp:featuredmedia":[{"embeddable":true,"href":"https:\/\/www.iescarlessalvador.es\/index.php?rest_route=\/wp\/v2\/media\/5174"}],"wp:attachment":[{"href":"https:\/\/www.iescarlessalvador.es\/index.php?rest_route=%2Fwp%2Fv2%2Fmedia&parent=5187"}],"wp:term":[{"taxonomy":"category","embeddable":true,"href":"https:\/\/www.iescarlessalvador.es\/index.php?rest_route=%2Fwp%2Fv2%2Fcategories&post=5187"},{"taxonomy":"post_tag","embeddable":true,"href":"https:\/\/www.iescarlessalvador.es\/index.php?rest_route=%2Fwp%2Fv2%2Ftags&post=5187"}],"curies":[{"name":"wp","href":"https:\/\/api.w.org\/{rel}","templated":true}]}}