{"id":5203,"date":"2024-10-01T05:48:33","date_gmt":"2024-10-01T05:48:33","guid":{"rendered":"https:\/\/www.iescarlessalvador.es\/?p=5203"},"modified":"2024-10-01T05:51:03","modified_gmt":"2024-10-01T05:51:03","slug":"convivencia-i-igualtat","status":"publish","type":"post","link":"https:\/\/www.iescarlessalvador.es\/?p=5203","title":{"rendered":"Conviv\u00e8ncia i Igualtat"},"content":{"rendered":"\n<p>Com ja sabeu, l&#8217;IES Carles Salvador t\u00e9 un grup de professors i professores encarregat de la conviv\u00e8ncia i la igualtat. El nostre objectiu \u00e9s que el nostre centre siga un lloc SEGUR, on la CONVIV\u00c8NCIA i la IGUALTAT estiguen presents cada dia.<\/p>\n\n\n\n<p>Estem ja treballant amb molta for\u00e7a per a crear activitats i perqu\u00e8 tot funcione! Si t&#8217;agradaria ser un OBSERVADOR DE LA CONVIV\u00c8NCIA, apunta&#8217;t. Parla amb l&#8217;equip i t&#8217;informarem.<\/p>\n\n\n\n<p>Ac\u00ed vos deixem algunes de les activitats de formaci\u00f3 que vam fer el passat 15 de juny: l&#8217;alumnat i el professorat s&#8217;ho van passar genial fent din\u00e0miques de grup.<\/p>\n\n\n\n<figure class=\"wp-block-image size-large\"><img fetchpriority=\"high\" decoding=\"async\" width=\"768\" height=\"1024\" src=\"https:\/\/www.iescarlessalvador.es\/wp-content\/uploads\/2024\/09\/FBAA18F0-30BB-4DAE-816B-8F4782198E96-768x1024.jpg\" alt=\"\" class=\"wp-image-5196\" srcset=\"https:\/\/www.iescarlessalvador.es\/wp-content\/uploads\/2024\/09\/FBAA18F0-30BB-4DAE-816B-8F4782198E96-768x1024.jpg 768w, https:\/\/www.iescarlessalvador.es\/wp-content\/uploads\/2024\/09\/FBAA18F0-30BB-4DAE-816B-8F4782198E96-225x300.jpg 225w, https:\/\/www.iescarlessalvador.es\/wp-content\/uploads\/2024\/09\/FBAA18F0-30BB-4DAE-816B-8F4782198E96-1152x1536.jpg 1152w, https:\/\/www.iescarlessalvador.es\/wp-content\/uploads\/2024\/09\/FBAA18F0-30BB-4DAE-816B-8F4782198E96-1536x2048.jpg 1536w, https:\/\/www.iescarlessalvador.es\/wp-content\/uploads\/2024\/09\/FBAA18F0-30BB-4DAE-816B-8F4782198E96-scaled.jpg 1920w\" sizes=\"(max-width: 768px) 100vw, 768px\" \/><\/figure>\n\n\n\n<p>ANIMA&#8217;T!<\/p>\n\n\n\n<p>L&#8217;IES Carles Salvador est\u00e0 per la conviv\u00e8ncia i la igualtat. I tu?<\/p>\n\n\n\n<p><a href=\"https:\/\/www.iescarlessalvador.es\/?page_id=5193\">Mes informaci\u00f3<\/a><\/p>\n","protected":false},"excerpt":{"rendered":"<p>Com ja sabeu, l&#8217;IES Carles Salvador t\u00e9 un grup de professors i professores encarregat de la conviv\u00e8ncia i la igualtat. El nostre objectiu \u00e9s que el nostre centre siga un lloc SEGUR, on la CONVIV\u00c8NCIA i la IGUALTAT estiguen presents cada dia. Estem ja treballant amb molta for\u00e7a per a crear activitats i perqu\u00e8 tot&hellip;&nbsp;<a href=\"https:\/\/www.iescarlessalvador.es\/?p=5203\" class=\"\" rel=\"bookmark\">Leer m\u00e1s &raquo;<span class=\"screen-reader-text\">Conviv\u00e8ncia i Igualtat<\/span><\/a><\/p>\n","protected":false},"author":1,"featured_media":5195,"comment_status":"closed","ping_status":"closed","sticky":false,"template":"","format":"standard","meta":{"rop_custom_images_group":[],"rop_custom_messages_group":[],"rop_publish_now":"initial","rop_publish_now_accounts":[],"rop_publish_now_history":[],"rop_publish_now_status":"pending","neve_meta_sidebar":"","neve_meta_container":"","neve_meta_enable_content_width":"","neve_meta_content_width":0,"neve_meta_title_alignment":"","neve_meta_author_avatar":"","neve_post_elements_order":"","neve_meta_disable_header":"","neve_meta_disable_footer":"","neve_meta_disable_title":"","footnotes":""},"categories":[238],"tags":[],"class_list":["post-5203","post","type-post","status-publish","format-standard","has-post-thumbnail","hentry","category-noticies-ca"],"_links":{"self":[{"href":"https:\/\/www.iescarlessalvador.es\/index.php?rest_route=\/wp\/v2\/posts\/5203","targetHints":{"allow":["GET"]}}],"collection":[{"href":"https:\/\/www.iescarlessalvador.es\/index.php?rest_route=\/wp\/v2\/posts"}],"about":[{"href":"https:\/\/www.iescarlessalvador.es\/index.php?rest_route=\/wp\/v2\/types\/post"}],"author":[{"embeddable":true,"href":"https:\/\/www.iescarlessalvador.es\/index.php?rest_route=\/wp\/v2\/users\/1"}],"replies":[{"embeddable":true,"href":"https:\/\/www.iescarlessalvador.es\/index.php?rest_route=%2Fwp%2Fv2%2Fcomments&post=5203"}],"version-history":[{"count":2,"href":"https:\/\/www.iescarlessalvador.es\/index.php?rest_route=\/wp\/v2\/posts\/5203\/revisions"}],"predecessor-version":[{"id":5208,"href":"https:\/\/www.iescarlessalvador.es\/index.php?rest_route=\/wp\/v2\/posts\/5203\/revisions\/5208"}],"wp:featuredmedia":[{"embeddable":true,"href":"https:\/\/www.iescarlessalvador.es\/index.php?rest_route=\/wp\/v2\/media\/5195"}],"wp:attachment":[{"href":"https:\/\/www.iescarlessalvador.es\/index.php?rest_route=%2Fwp%2Fv2%2Fmedia&parent=5203"}],"wp:term":[{"taxonomy":"category","embeddable":true,"href":"https:\/\/www.iescarlessalvador.es\/index.php?rest_route=%2Fwp%2Fv2%2Fcategories&post=5203"},{"taxonomy":"post_tag","embeddable":true,"href":"https:\/\/www.iescarlessalvador.es\/index.php?rest_route=%2Fwp%2Fv2%2Ftags&post=5203"}],"curies":[{"name":"wp","href":"https:\/\/api.w.org\/{rel}","templated":true}]}}