{"id":5205,"date":"2024-10-01T05:49:55","date_gmt":"2024-10-01T05:49:55","guid":{"rendered":"https:\/\/www.iescarlessalvador.es\/?p=5205"},"modified":"2024-10-01T05:50:31","modified_gmt":"2024-10-01T05:50:31","slug":"convivencia-e-igualdad","status":"publish","type":"post","link":"https:\/\/www.iescarlessalvador.es\/?p=5205&lang=es","title":{"rendered":"Convivencia e Igualdad"},"content":{"rendered":"\n<p>Como ya sab\u00e9is, el IES Carles Salvador tiene un grupo de profesoras y profesores encargado de la convivencia y la igualdad. Nuestro objetivo es que nuestro centro sea un lugar SEGURO, donde la CONVIVENCIA y la IGUALDAD est\u00e9n presentes cada d\u00eda.<\/p>\n\n\n\n<p>Estamos ya trabajando con mucha fuerza para crear actividades y para que todo funcione!! Si quieres ser un OBSERVADOR DE LA CONVIVENCIA, ap\u00fantate. Habla con el equipo y te informaremos.<\/p>\n\n\n\n<p>Aqu\u00ed os dejamos algunas de las actividades de formaci\u00f3n que hicimos el pasado  15 de junio: el alumnado y el profesorado se lo pas\u00f3 genial haciendo din\u00e1micas de grupo.<\/p>\n\n\n\n<figure class=\"wp-block-image size-large\"><img fetchpriority=\"high\" decoding=\"async\" width=\"768\" height=\"1024\" src=\"https:\/\/www.iescarlessalvador.es\/wp-content\/uploads\/2024\/09\/FBAA18F0-30BB-4DAE-816B-8F4782198E96-768x1024.jpg\" alt=\"\" class=\"wp-image-5196\" srcset=\"https:\/\/www.iescarlessalvador.es\/wp-content\/uploads\/2024\/09\/FBAA18F0-30BB-4DAE-816B-8F4782198E96-768x1024.jpg 768w, https:\/\/www.iescarlessalvador.es\/wp-content\/uploads\/2024\/09\/FBAA18F0-30BB-4DAE-816B-8F4782198E96-225x300.jpg 225w, https:\/\/www.iescarlessalvador.es\/wp-content\/uploads\/2024\/09\/FBAA18F0-30BB-4DAE-816B-8F4782198E96-1152x1536.jpg 1152w, https:\/\/www.iescarlessalvador.es\/wp-content\/uploads\/2024\/09\/FBAA18F0-30BB-4DAE-816B-8F4782198E96-1536x2048.jpg 1536w, https:\/\/www.iescarlessalvador.es\/wp-content\/uploads\/2024\/09\/FBAA18F0-30BB-4DAE-816B-8F4782198E96-scaled.jpg 1920w\" sizes=\"(max-width: 768px) 100vw, 768px\" \/><\/figure>\n\n\n\n<p>\u00a1AN\u00cdMATE!<\/p>\n\n\n\n<p>El IES Carles Salvador est\u00e1 por la convivencia y la igualdad. \u00bfY tu?<\/p>\n\n\n\n<p><a href=\"https:\/\/www.iescarlessalvador.es\/?page_id=5199&amp;lang=es\">M\u00e1s informaci\u00f3n<\/a><\/p>\n","protected":false},"excerpt":{"rendered":"<p>Como ya sab\u00e9is, el IES Carles Salvador tiene un grupo de profesoras y profesores encargado de la convivencia y la igualdad. Nuestro objetivo es que nuestro centro sea un lugar SEGURO, donde la CONVIVENCIA y la IGUALDAD est\u00e9n presentes cada d\u00eda. Estamos ya trabajando con mucha fuerza para crear actividades y para que todo funcione!!&hellip;&nbsp;<a href=\"https:\/\/www.iescarlessalvador.es\/?p=5205&#038;lang=es\" class=\"\" rel=\"bookmark\">Leer m\u00e1s &raquo;<span class=\"screen-reader-text\">Convivencia e Igualdad<\/span><\/a><\/p>\n","protected":false},"author":1,"featured_media":5195,"comment_status":"closed","ping_status":"closed","sticky":false,"template":"","format":"standard","meta":{"rop_custom_images_group":[],"rop_custom_messages_group":[],"rop_publish_now":"initial","rop_publish_now_accounts":[],"rop_publish_now_history":[],"rop_publish_now_status":"pending","neve_meta_sidebar":"","neve_meta_container":"","neve_meta_enable_content_width":"","neve_meta_content_width":0,"neve_meta_title_alignment":"","neve_meta_author_avatar":"","neve_post_elements_order":"","neve_meta_disable_header":"","neve_meta_disable_footer":"","neve_meta_disable_title":"","footnotes":""},"categories":[34],"tags":[],"class_list":["post-5205","post","type-post","status-publish","format-standard","has-post-thumbnail","hentry","category-noticias"],"_links":{"self":[{"href":"https:\/\/www.iescarlessalvador.es\/index.php?rest_route=\/wp\/v2\/posts\/5205","targetHints":{"allow":["GET"]}}],"collection":[{"href":"https:\/\/www.iescarlessalvador.es\/index.php?rest_route=\/wp\/v2\/posts"}],"about":[{"href":"https:\/\/www.iescarlessalvador.es\/index.php?rest_route=\/wp\/v2\/types\/post"}],"author":[{"embeddable":true,"href":"https:\/\/www.iescarlessalvador.es\/index.php?rest_route=\/wp\/v2\/users\/1"}],"replies":[{"embeddable":true,"href":"https:\/\/www.iescarlessalvador.es\/index.php?rest_route=%2Fwp%2Fv2%2Fcomments&post=5205"}],"version-history":[{"count":2,"href":"https:\/\/www.iescarlessalvador.es\/index.php?rest_route=\/wp\/v2\/posts\/5205\/revisions"}],"predecessor-version":[{"id":5207,"href":"https:\/\/www.iescarlessalvador.es\/index.php?rest_route=\/wp\/v2\/posts\/5205\/revisions\/5207"}],"wp:featuredmedia":[{"embeddable":true,"href":"https:\/\/www.iescarlessalvador.es\/index.php?rest_route=\/wp\/v2\/media\/5195"}],"wp:attachment":[{"href":"https:\/\/www.iescarlessalvador.es\/index.php?rest_route=%2Fwp%2Fv2%2Fmedia&parent=5205"}],"wp:term":[{"taxonomy":"category","embeddable":true,"href":"https:\/\/www.iescarlessalvador.es\/index.php?rest_route=%2Fwp%2Fv2%2Fcategories&post=5205"},{"taxonomy":"post_tag","embeddable":true,"href":"https:\/\/www.iescarlessalvador.es\/index.php?rest_route=%2Fwp%2Fv2%2Ftags&post=5205"}],"curies":[{"name":"wp","href":"https:\/\/api.w.org\/{rel}","templated":true}]}}