{"id":5238,"date":"2024-10-28T09:28:03","date_gmt":"2024-10-28T09:28:03","guid":{"rendered":"https:\/\/www.iescarlessalvador.es\/?p=5238"},"modified":"2024-10-28T09:28:05","modified_gmt":"2024-10-28T09:28:05","slug":"treball-de-lequip-digualtat-i-convivencia","status":"publish","type":"post","link":"https:\/\/www.iescarlessalvador.es\/?p=5238","title":{"rendered":"Treball de L&#8217;equip d&#8217;Igualtat i Conviv\u00e8ncia"},"content":{"rendered":"\n<p>L&#8217;equip d&#8217;Igualtat i Conviv\u00e8ncia est\u00e0 treballant per a dur a terme unes activitats molt enriquidores. Sabeu quins professors formen part? Ac\u00ed en teniu a alguns.<\/p>\n\n\n\n<p>Av\u00eds important: pr\u00f2ximament, els Observadors de la conviv\u00e8ncia tindreu sorpreses! Recordeu que el nostre centre \u00e9s un lloc SEGUR i treballem per a que aix\u00ed continue.&nbsp;<\/p>\n\n\n\n<h6 class=\"wp-block-heading\"><strong>L&#8217;IES Carles Salvador, un lloc segur, de conviv\u00e8ncia i d&#8217;igualtat.\u00a0<\/strong><\/h6>\n\n\n\n<figure class=\"wp-block-image size-large\"><img fetchpriority=\"high\" decoding=\"async\" width=\"768\" height=\"1024\" src=\"https:\/\/www.iescarlessalvador.es\/wp-content\/uploads\/2024\/10\/IMG_4319-768x1024.jpg\" alt=\"\" class=\"wp-image-5239\" srcset=\"https:\/\/www.iescarlessalvador.es\/wp-content\/uploads\/2024\/10\/IMG_4319-768x1024.jpg 768w, https:\/\/www.iescarlessalvador.es\/wp-content\/uploads\/2024\/10\/IMG_4319-225x300.jpg 225w, https:\/\/www.iescarlessalvador.es\/wp-content\/uploads\/2024\/10\/IMG_4319-1152x1536.jpg 1152w, https:\/\/www.iescarlessalvador.es\/wp-content\/uploads\/2024\/10\/IMG_4319-1536x2048.jpg 1536w, https:\/\/www.iescarlessalvador.es\/wp-content\/uploads\/2024\/10\/IMG_4319-scaled.jpg 1920w\" sizes=\"(max-width: 768px) 100vw, 768px\" \/><\/figure>\n","protected":false},"excerpt":{"rendered":"<p>L&#8217;equip d&#8217;Igualtat i Conviv\u00e8ncia est\u00e0 treballant per a dur a terme unes activitats molt enriquidores. Sabeu quins professors formen part? Ac\u00ed en teniu a alguns. Av\u00eds important: pr\u00f2ximament, els Observadors de la conviv\u00e8ncia tindreu sorpreses! Recordeu que el nostre centre \u00e9s un lloc SEGUR i treballem per a que aix\u00ed continue.&nbsp; L&#8217;IES Carles Salvador, un&hellip;&nbsp;<a href=\"https:\/\/www.iescarlessalvador.es\/?p=5238\" class=\"\" rel=\"bookmark\">Leer m\u00e1s &raquo;<span class=\"screen-reader-text\">Treball de L&#8217;equip d&#8217;Igualtat i Conviv\u00e8ncia<\/span><\/a><\/p>\n","protected":false},"author":1,"featured_media":5239,"comment_status":"closed","ping_status":"closed","sticky":false,"template":"","format":"standard","meta":{"rop_custom_images_group":[],"rop_custom_messages_group":[],"rop_publish_now":"initial","rop_publish_now_accounts":[],"rop_publish_now_history":[],"rop_publish_now_status":"pending","neve_meta_sidebar":"","neve_meta_container":"","neve_meta_enable_content_width":"","neve_meta_content_width":0,"neve_meta_title_alignment":"","neve_meta_author_avatar":"","neve_post_elements_order":"","neve_meta_disable_header":"","neve_meta_disable_footer":"","neve_meta_disable_title":"","footnotes":""},"categories":[238],"tags":[],"class_list":["post-5238","post","type-post","status-publish","format-standard","has-post-thumbnail","hentry","category-noticies-ca"],"_links":{"self":[{"href":"https:\/\/www.iescarlessalvador.es\/index.php?rest_route=\/wp\/v2\/posts\/5238","targetHints":{"allow":["GET"]}}],"collection":[{"href":"https:\/\/www.iescarlessalvador.es\/index.php?rest_route=\/wp\/v2\/posts"}],"about":[{"href":"https:\/\/www.iescarlessalvador.es\/index.php?rest_route=\/wp\/v2\/types\/post"}],"author":[{"embeddable":true,"href":"https:\/\/www.iescarlessalvador.es\/index.php?rest_route=\/wp\/v2\/users\/1"}],"replies":[{"embeddable":true,"href":"https:\/\/www.iescarlessalvador.es\/index.php?rest_route=%2Fwp%2Fv2%2Fcomments&post=5238"}],"version-history":[{"count":1,"href":"https:\/\/www.iescarlessalvador.es\/index.php?rest_route=\/wp\/v2\/posts\/5238\/revisions"}],"predecessor-version":[{"id":5240,"href":"https:\/\/www.iescarlessalvador.es\/index.php?rest_route=\/wp\/v2\/posts\/5238\/revisions\/5240"}],"wp:featuredmedia":[{"embeddable":true,"href":"https:\/\/www.iescarlessalvador.es\/index.php?rest_route=\/wp\/v2\/media\/5239"}],"wp:attachment":[{"href":"https:\/\/www.iescarlessalvador.es\/index.php?rest_route=%2Fwp%2Fv2%2Fmedia&parent=5238"}],"wp:term":[{"taxonomy":"category","embeddable":true,"href":"https:\/\/www.iescarlessalvador.es\/index.php?rest_route=%2Fwp%2Fv2%2Fcategories&post=5238"},{"taxonomy":"post_tag","embeddable":true,"href":"https:\/\/www.iescarlessalvador.es\/index.php?rest_route=%2Fwp%2Fv2%2Ftags&post=5238"}],"curies":[{"name":"wp","href":"https:\/\/api.w.org\/{rel}","templated":true}]}}