{"id":5244,"date":"2024-11-12T15:07:25","date_gmt":"2024-11-12T15:07:25","guid":{"rendered":"https:\/\/www.iescarlessalvador.es\/?p=5244"},"modified":"2024-11-12T15:07:48","modified_gmt":"2024-11-12T15:07:48","slug":"tancament-del-centre-13-de-novembre-de-2024","status":"publish","type":"post","link":"https:\/\/www.iescarlessalvador.es\/?p=5244","title":{"rendered":"Tancament del centre 13 de novembre de 2024"},"content":{"rendered":"\n<p>Dimecres 13 de novembre, el centre IES Carles Salvador estar\u00e0 tancat, atenent a l&#8217;AV\u00cdS rebut de l&#8217;Ajuntament.<\/p>\n\n\n\n<figure class=\"wp-block-image size-large is-resized\"><img fetchpriority=\"high\" decoding=\"async\" width=\"576\" height=\"1024\" src=\"https:\/\/www.iescarlessalvador.es\/wp-content\/uploads\/2024\/11\/nota_Ajuntament_12_11_2024-576x1024.jpg\" alt=\"\" class=\"wp-image-5245\" style=\"aspect-ratio:0.5625;width:665px;height:auto\" srcset=\"https:\/\/www.iescarlessalvador.es\/wp-content\/uploads\/2024\/11\/nota_Ajuntament_12_11_2024-576x1024.jpg 576w, https:\/\/www.iescarlessalvador.es\/wp-content\/uploads\/2024\/11\/nota_Ajuntament_12_11_2024-169x300.jpg 169w, https:\/\/www.iescarlessalvador.es\/wp-content\/uploads\/2024\/11\/nota_Ajuntament_12_11_2024-768x1365.jpg 768w, https:\/\/www.iescarlessalvador.es\/wp-content\/uploads\/2024\/11\/nota_Ajuntament_12_11_2024-864x1536.jpg 864w, https:\/\/www.iescarlessalvador.es\/wp-content\/uploads\/2024\/11\/nota_Ajuntament_12_11_2024.jpg 1080w\" sizes=\"(max-width: 576px) 100vw, 576px\" \/><\/figure>\n\n\n\n<p>Mantenim les convocat\u00f2ries de Claustre i Consell Escolar per videoconfer\u00e8ncia TEAMS.\u00a0<\/p>\n","protected":false},"excerpt":{"rendered":"<p>Dimecres 13 de novembre, el centre IES Carles Salvador estar\u00e0 tancat, atenent a l&#8217;AV\u00cdS rebut de l&#8217;Ajuntament. Mantenim les convocat\u00f2ries de Claustre i Consell Escolar per videoconfer\u00e8ncia TEAMS.\u00a0<\/p>\n","protected":false},"author":1,"featured_media":5245,"comment_status":"closed","ping_status":"closed","sticky":false,"template":"","format":"standard","meta":{"rop_custom_images_group":[],"rop_custom_messages_group":[],"rop_publish_now":"initial","rop_publish_now_accounts":[],"rop_publish_now_history":[],"rop_publish_now_status":"pending","neve_meta_sidebar":"","neve_meta_container":"","neve_meta_enable_content_width":"","neve_meta_content_width":0,"neve_meta_title_alignment":"","neve_meta_author_avatar":"","neve_post_elements_order":"","neve_meta_disable_header":"","neve_meta_disable_footer":"","neve_meta_disable_title":"","footnotes":""},"categories":[238],"tags":[],"class_list":["post-5244","post","type-post","status-publish","format-standard","has-post-thumbnail","hentry","category-noticies-ca"],"_links":{"self":[{"href":"https:\/\/www.iescarlessalvador.es\/index.php?rest_route=\/wp\/v2\/posts\/5244","targetHints":{"allow":["GET"]}}],"collection":[{"href":"https:\/\/www.iescarlessalvador.es\/index.php?rest_route=\/wp\/v2\/posts"}],"about":[{"href":"https:\/\/www.iescarlessalvador.es\/index.php?rest_route=\/wp\/v2\/types\/post"}],"author":[{"embeddable":true,"href":"https:\/\/www.iescarlessalvador.es\/index.php?rest_route=\/wp\/v2\/users\/1"}],"replies":[{"embeddable":true,"href":"https:\/\/www.iescarlessalvador.es\/index.php?rest_route=%2Fwp%2Fv2%2Fcomments&post=5244"}],"version-history":[{"count":1,"href":"https:\/\/www.iescarlessalvador.es\/index.php?rest_route=\/wp\/v2\/posts\/5244\/revisions"}],"predecessor-version":[{"id":5246,"href":"https:\/\/www.iescarlessalvador.es\/index.php?rest_route=\/wp\/v2\/posts\/5244\/revisions\/5246"}],"wp:featuredmedia":[{"embeddable":true,"href":"https:\/\/www.iescarlessalvador.es\/index.php?rest_route=\/wp\/v2\/media\/5245"}],"wp:attachment":[{"href":"https:\/\/www.iescarlessalvador.es\/index.php?rest_route=%2Fwp%2Fv2%2Fmedia&parent=5244"}],"wp:term":[{"taxonomy":"category","embeddable":true,"href":"https:\/\/www.iescarlessalvador.es\/index.php?rest_route=%2Fwp%2Fv2%2Fcategories&post=5244"},{"taxonomy":"post_tag","embeddable":true,"href":"https:\/\/www.iescarlessalvador.es\/index.php?rest_route=%2Fwp%2Fv2%2Ftags&post=5244"}],"curies":[{"name":"wp","href":"https:\/\/api.w.org\/{rel}","templated":true}]}}