{"id":5259,"date":"2024-12-06T07:54:33","date_gmt":"2024-12-06T07:54:33","guid":{"rendered":"https:\/\/www.iescarlessalvador.es\/?p=5259"},"modified":"2024-12-06T08:10:35","modified_gmt":"2024-12-06T08:10:35","slug":"25n-dia-internacional-per-a-leliminacio-de-la-violencia-contra-les-dones","status":"publish","type":"post","link":"https:\/\/www.iescarlessalvador.es\/?p=5259","title":{"rendered":"25N Dia internacional per a l\u2019eliminaci\u00f3 de la viol\u00e8ncia contra les dones"},"content":{"rendered":"\n<p>El passat 25N, a l\u2019IES Carles Salvador hem treballat la prevenci\u00f3 de la viol\u00e8ncia de g\u00e8nere de diverses formes:<br>\u270f\ufe0fA les tutories, hem reflexionat i hem creat el material que podeu veure a les fotos.<br>\ud83c\udfad A l\u2019entrada del centre, hem fet una xicoteta representaci\u00f3.<br>\ud83d\udcdcLectura del manifest i el nom de les dones assassinades durant l\u2019\u00faltim any.<\/p>\n\n\n\n<figure class=\"wp-block-image size-large\"><img fetchpriority=\"high\" decoding=\"async\" width=\"768\" height=\"1024\" src=\"https:\/\/www.iescarlessalvador.es\/wp-content\/uploads\/2024\/12\/a577d6bd-0bf3-42d9-84f9-5d2900194233-768x1024.jpg\" alt=\"\" class=\"wp-image-5262\" srcset=\"https:\/\/www.iescarlessalvador.es\/wp-content\/uploads\/2024\/12\/a577d6bd-0bf3-42d9-84f9-5d2900194233-768x1024.jpg 768w, https:\/\/www.iescarlessalvador.es\/wp-content\/uploads\/2024\/12\/a577d6bd-0bf3-42d9-84f9-5d2900194233-225x300.jpg 225w, https:\/\/www.iescarlessalvador.es\/wp-content\/uploads\/2024\/12\/a577d6bd-0bf3-42d9-84f9-5d2900194233-1152x1536.jpg 1152w, https:\/\/www.iescarlessalvador.es\/wp-content\/uploads\/2024\/12\/a577d6bd-0bf3-42d9-84f9-5d2900194233.jpg 1200w\" sizes=\"(max-width: 768px) 100vw, 768px\" \/><\/figure>\n\n\n\n<figure class=\"wp-block-image size-large\"><img decoding=\"async\" width=\"768\" height=\"1024\" src=\"https:\/\/www.iescarlessalvador.es\/wp-content\/uploads\/2024\/12\/94ee3ef5-dca6-41e9-8ed7-8d32c097c85b-768x1024.jpg\" alt=\"\" class=\"wp-image-5260\" srcset=\"https:\/\/www.iescarlessalvador.es\/wp-content\/uploads\/2024\/12\/94ee3ef5-dca6-41e9-8ed7-8d32c097c85b-768x1024.jpg 768w, https:\/\/www.iescarlessalvador.es\/wp-content\/uploads\/2024\/12\/94ee3ef5-dca6-41e9-8ed7-8d32c097c85b-225x300.jpg 225w, https:\/\/www.iescarlessalvador.es\/wp-content\/uploads\/2024\/12\/94ee3ef5-dca6-41e9-8ed7-8d32c097c85b-1152x1536.jpg 1152w, https:\/\/www.iescarlessalvador.es\/wp-content\/uploads\/2024\/12\/94ee3ef5-dca6-41e9-8ed7-8d32c097c85b.jpg 1200w\" sizes=\"(max-width: 768px) 100vw, 768px\" \/><\/figure>\n\n\n\n<figure class=\"wp-block-image size-large is-resized\"><img decoding=\"async\" width=\"1024\" height=\"498\" src=\"https:\/\/www.iescarlessalvador.es\/wp-content\/uploads\/2024\/12\/540b0d08-82b2-4cd7-9c79-72952576f30a-1024x498.jpg\" alt=\"\" class=\"wp-image-5261\" style=\"aspect-ratio:2.0562248995983934;width:771px;height:auto\" srcset=\"https:\/\/www.iescarlessalvador.es\/wp-content\/uploads\/2024\/12\/540b0d08-82b2-4cd7-9c79-72952576f30a-1024x498.jpg 1024w, https:\/\/www.iescarlessalvador.es\/wp-content\/uploads\/2024\/12\/540b0d08-82b2-4cd7-9c79-72952576f30a-300x146.jpg 300w, https:\/\/www.iescarlessalvador.es\/wp-content\/uploads\/2024\/12\/540b0d08-82b2-4cd7-9c79-72952576f30a-768x373.jpg 768w, https:\/\/www.iescarlessalvador.es\/wp-content\/uploads\/2024\/12\/540b0d08-82b2-4cd7-9c79-72952576f30a-1536x747.jpg 1536w, https:\/\/www.iescarlessalvador.es\/wp-content\/uploads\/2024\/12\/540b0d08-82b2-4cd7-9c79-72952576f30a.jpg 1600w\" sizes=\"(max-width: 1024px) 100vw, 1024px\" \/><\/figure>\n\n\n\n<figure class=\"wp-block-video\"><video controls src=\"https:\/\/www.iescarlessalvador.es\/wp-content\/uploads\/2024\/12\/WhatsApp-Video-2024-12-05-at-07.54.10.mp4\"><\/video><\/figure>\n","protected":false},"excerpt":{"rendered":"<p>El passat 25N, a l\u2019IES Carles Salvador hem treballat la prevenci\u00f3 de la viol\u00e8ncia de g\u00e8nere de diverses formes:\u270f\ufe0fA les tutories, hem reflexionat i hem creat el material que podeu veure a les fotos.\ud83c\udfad A l\u2019entrada del centre, hem fet una xicoteta representaci\u00f3.\ud83d\udcdcLectura del manifest i el nom de les dones assassinades durant l\u2019\u00faltim any.<\/p>\n","protected":false},"author":1,"featured_media":5262,"comment_status":"closed","ping_status":"closed","sticky":false,"template":"","format":"standard","meta":{"rop_custom_images_group":[],"rop_custom_messages_group":[],"rop_publish_now":"initial","rop_publish_now_accounts":[],"rop_publish_now_history":[],"rop_publish_now_status":"pending","neve_meta_sidebar":"","neve_meta_container":"","neve_meta_enable_content_width":"","neve_meta_content_width":0,"neve_meta_title_alignment":"","neve_meta_author_avatar":"","neve_post_elements_order":"","neve_meta_disable_header":"","neve_meta_disable_footer":"","neve_meta_disable_title":"","footnotes":""},"categories":[238],"tags":[],"class_list":["post-5259","post","type-post","status-publish","format-standard","has-post-thumbnail","hentry","category-noticies-ca"],"_links":{"self":[{"href":"https:\/\/www.iescarlessalvador.es\/index.php?rest_route=\/wp\/v2\/posts\/5259","targetHints":{"allow":["GET"]}}],"collection":[{"href":"https:\/\/www.iescarlessalvador.es\/index.php?rest_route=\/wp\/v2\/posts"}],"about":[{"href":"https:\/\/www.iescarlessalvador.es\/index.php?rest_route=\/wp\/v2\/types\/post"}],"author":[{"embeddable":true,"href":"https:\/\/www.iescarlessalvador.es\/index.php?rest_route=\/wp\/v2\/users\/1"}],"replies":[{"embeddable":true,"href":"https:\/\/www.iescarlessalvador.es\/index.php?rest_route=%2Fwp%2Fv2%2Fcomments&post=5259"}],"version-history":[{"count":2,"href":"https:\/\/www.iescarlessalvador.es\/index.php?rest_route=\/wp\/v2\/posts\/5259\/revisions"}],"predecessor-version":[{"id":5268,"href":"https:\/\/www.iescarlessalvador.es\/index.php?rest_route=\/wp\/v2\/posts\/5259\/revisions\/5268"}],"wp:featuredmedia":[{"embeddable":true,"href":"https:\/\/www.iescarlessalvador.es\/index.php?rest_route=\/wp\/v2\/media\/5262"}],"wp:attachment":[{"href":"https:\/\/www.iescarlessalvador.es\/index.php?rest_route=%2Fwp%2Fv2%2Fmedia&parent=5259"}],"wp:term":[{"taxonomy":"category","embeddable":true,"href":"https:\/\/www.iescarlessalvador.es\/index.php?rest_route=%2Fwp%2Fv2%2Fcategories&post=5259"},{"taxonomy":"post_tag","embeddable":true,"href":"https:\/\/www.iescarlessalvador.es\/index.php?rest_route=%2Fwp%2Fv2%2Ftags&post=5259"}],"curies":[{"name":"wp","href":"https:\/\/api.w.org\/{rel}","templated":true}]}}