{"id":5302,"date":"2024-12-18T14:40:27","date_gmt":"2024-12-18T14:40:27","guid":{"rendered":"https:\/\/www.iescarlessalvador.es\/?p=5302"},"modified":"2024-12-19T16:00:52","modified_gmt":"2024-12-19T16:00:52","slug":"concurs-postals-nadal-2024","status":"publish","type":"post","link":"https:\/\/www.iescarlessalvador.es\/?p=5302","title":{"rendered":"Concurs postals nadal 2024"},"content":{"rendered":"\n<p>L\u2019IES Carles Salvador ha realitzat el tradicional concurs de postals de Nadal. Hem guadit de l\u2019exposici\u00f3 de les postals seleccionades.<\/p>\n\n\n\n<p>Aquest mat\u00ed hem lliurat el premi a l&#8217;alumna guanyadora del concurs <strong>Lyanna G\u00f3mez Esteban <\/strong>de 1r d&#8217;ESO A, i l&#8217;acc\u00e8ssit a <strong>Noa Ben\u00edtez Hontangas <\/strong>de 3r d&#8217;ESO C:<\/p>\n\n\n\n<p><\/p>\n\n\n\n<figure class=\"wp-block-image size-large\"><img fetchpriority=\"high\" decoding=\"async\" width=\"683\" height=\"1024\" src=\"https:\/\/www.iescarlessalvador.es\/wp-content\/uploads\/2024\/12\/IMG-20241218-WA0002-683x1024.jpg\" alt=\"\" class=\"wp-image-5303\" srcset=\"https:\/\/www.iescarlessalvador.es\/wp-content\/uploads\/2024\/12\/IMG-20241218-WA0002-683x1024.jpg 683w, https:\/\/www.iescarlessalvador.es\/wp-content\/uploads\/2024\/12\/IMG-20241218-WA0002-200x300.jpg 200w, https:\/\/www.iescarlessalvador.es\/wp-content\/uploads\/2024\/12\/IMG-20241218-WA0002-768x1152.jpg 768w, https:\/\/www.iescarlessalvador.es\/wp-content\/uploads\/2024\/12\/IMG-20241218-WA0002-1024x1536.jpg 1024w, https:\/\/www.iescarlessalvador.es\/wp-content\/uploads\/2024\/12\/IMG-20241218-WA0002.jpg 1067w\" sizes=\"(max-width: 683px) 100vw, 683px\" \/><\/figure>\n\n\n\n<figure class=\"wp-block-image size-large\"><img decoding=\"async\" width=\"1024\" height=\"785\" src=\"https:\/\/www.iescarlessalvador.es\/wp-content\/uploads\/2024\/12\/IMG-20241218-WA0003-1024x785.jpg\" alt=\"\" class=\"wp-image-5304\" srcset=\"https:\/\/www.iescarlessalvador.es\/wp-content\/uploads\/2024\/12\/IMG-20241218-WA0003-1024x785.jpg 1024w, https:\/\/www.iescarlessalvador.es\/wp-content\/uploads\/2024\/12\/IMG-20241218-WA0003-300x230.jpg 300w, https:\/\/www.iescarlessalvador.es\/wp-content\/uploads\/2024\/12\/IMG-20241218-WA0003-768x589.jpg 768w, https:\/\/www.iescarlessalvador.es\/wp-content\/uploads\/2024\/12\/IMG-20241218-WA0003-1536x1178.jpg 1536w, https:\/\/www.iescarlessalvador.es\/wp-content\/uploads\/2024\/12\/IMG-20241218-WA0003.jpg 2048w\" sizes=\"(max-width: 1024px) 100vw, 1024px\" \/><\/figure>\n\n\n\n<p>Alumna guanyadora <strong>Lyanna G\u00f3mez Esteban <\/strong>de 1r d&#8217;ESO A, junt al professorat del departament de dibuix.<\/p>\n\n\n\n<figure class=\"wp-block-image size-large\"><img decoding=\"async\" width=\"811\" height=\"1024\" src=\"https:\/\/www.iescarlessalvador.es\/wp-content\/uploads\/2024\/12\/IMG-20241218-WA0004-811x1024.jpg\" alt=\"\" class=\"wp-image-5305\" srcset=\"https:\/\/www.iescarlessalvador.es\/wp-content\/uploads\/2024\/12\/IMG-20241218-WA0004-811x1024.jpg 811w, https:\/\/www.iescarlessalvador.es\/wp-content\/uploads\/2024\/12\/IMG-20241218-WA0004-238x300.jpg 238w, https:\/\/www.iescarlessalvador.es\/wp-content\/uploads\/2024\/12\/IMG-20241218-WA0004-768x970.jpg 768w, https:\/\/www.iescarlessalvador.es\/wp-content\/uploads\/2024\/12\/IMG-20241218-WA0004-1217x1536.jpg 1217w, https:\/\/www.iescarlessalvador.es\/wp-content\/uploads\/2024\/12\/IMG-20241218-WA0004.jpg 1622w\" sizes=\"(max-width: 811px) 100vw, 811px\" \/><\/figure>\n\n\n\n<figure class=\"wp-block-image size-large\"><img loading=\"lazy\" decoding=\"async\" width=\"1024\" height=\"768\" src=\"https:\/\/www.iescarlessalvador.es\/wp-content\/uploads\/2024\/12\/IMG_4168-1024x768.jpg\" alt=\"\" class=\"wp-image-5310\" srcset=\"https:\/\/www.iescarlessalvador.es\/wp-content\/uploads\/2024\/12\/IMG_4168-1024x768.jpg 1024w, https:\/\/www.iescarlessalvador.es\/wp-content\/uploads\/2024\/12\/IMG_4168-300x225.jpg 300w, https:\/\/www.iescarlessalvador.es\/wp-content\/uploads\/2024\/12\/IMG_4168-768x576.jpg 768w, https:\/\/www.iescarlessalvador.es\/wp-content\/uploads\/2024\/12\/IMG_4168-1536x1152.jpg 1536w, https:\/\/www.iescarlessalvador.es\/wp-content\/uploads\/2024\/12\/IMG_4168-2048x1536.jpg 2048w\" sizes=\"(max-width: 1024px) 100vw, 1024px\" \/><\/figure>\n\n\n\n<p class=\"has-text-align-center\">Acc\u00e9sit para <strong>Noa Ben\u00edtez Hontangas <\/strong>de 3\u00ba de ESO C<br><\/p>\n","protected":false},"excerpt":{"rendered":"<p>L\u2019IES Carles Salvador ha realitzat el tradicional concurs de postals de Nadal. Hem guadit de l\u2019exposici\u00f3 de les postals seleccionades. Aquest mat\u00ed hem lliurat el premi a l&#8217;alumna guanyadora del concurs Lyanna G\u00f3mez Esteban de 1r d&#8217;ESO A, i l&#8217;acc\u00e8ssit a Noa Ben\u00edtez Hontangas de 3r d&#8217;ESO C: Alumna guanyadora Lyanna G\u00f3mez Esteban de 1r&hellip;&nbsp;<a href=\"https:\/\/www.iescarlessalvador.es\/?p=5302\" class=\"\" rel=\"bookmark\">Leer m\u00e1s &raquo;<span class=\"screen-reader-text\">Concurs postals nadal 2024<\/span><\/a><\/p>\n","protected":false},"author":1,"featured_media":5303,"comment_status":"closed","ping_status":"closed","sticky":false,"template":"","format":"standard","meta":{"rop_custom_images_group":[],"rop_custom_messages_group":[],"rop_publish_now":"initial","rop_publish_now_accounts":[],"rop_publish_now_history":[],"rop_publish_now_status":"pending","neve_meta_sidebar":"","neve_meta_container":"","neve_meta_enable_content_width":"","neve_meta_content_width":0,"neve_meta_title_alignment":"","neve_meta_author_avatar":"","neve_post_elements_order":"","neve_meta_disable_header":"","neve_meta_disable_footer":"","neve_meta_disable_title":"","footnotes":""},"categories":[238],"tags":[],"class_list":["post-5302","post","type-post","status-publish","format-standard","has-post-thumbnail","hentry","category-noticies-ca"],"_links":{"self":[{"href":"https:\/\/www.iescarlessalvador.es\/index.php?rest_route=\/wp\/v2\/posts\/5302","targetHints":{"allow":["GET"]}}],"collection":[{"href":"https:\/\/www.iescarlessalvador.es\/index.php?rest_route=\/wp\/v2\/posts"}],"about":[{"href":"https:\/\/www.iescarlessalvador.es\/index.php?rest_route=\/wp\/v2\/types\/post"}],"author":[{"embeddable":true,"href":"https:\/\/www.iescarlessalvador.es\/index.php?rest_route=\/wp\/v2\/users\/1"}],"replies":[{"embeddable":true,"href":"https:\/\/www.iescarlessalvador.es\/index.php?rest_route=%2Fwp%2Fv2%2Fcomments&post=5302"}],"version-history":[{"count":2,"href":"https:\/\/www.iescarlessalvador.es\/index.php?rest_route=\/wp\/v2\/posts\/5302\/revisions"}],"predecessor-version":[{"id":5313,"href":"https:\/\/www.iescarlessalvador.es\/index.php?rest_route=\/wp\/v2\/posts\/5302\/revisions\/5313"}],"wp:featuredmedia":[{"embeddable":true,"href":"https:\/\/www.iescarlessalvador.es\/index.php?rest_route=\/wp\/v2\/media\/5303"}],"wp:attachment":[{"href":"https:\/\/www.iescarlessalvador.es\/index.php?rest_route=%2Fwp%2Fv2%2Fmedia&parent=5302"}],"wp:term":[{"taxonomy":"category","embeddable":true,"href":"https:\/\/www.iescarlessalvador.es\/index.php?rest_route=%2Fwp%2Fv2%2Fcategories&post=5302"},{"taxonomy":"post_tag","embeddable":true,"href":"https:\/\/www.iescarlessalvador.es\/index.php?rest_route=%2Fwp%2Fv2%2Ftags&post=5302"}],"curies":[{"name":"wp","href":"https:\/\/api.w.org\/{rel}","templated":true}]}}