{"id":5330,"date":"2025-01-09T16:35:19","date_gmt":"2025-01-09T16:35:19","guid":{"rendered":"https:\/\/www.iescarlessalvador.es\/?p=5330"},"modified":"2025-01-09T16:35:21","modified_gmt":"2025-01-09T16:35:21","slug":"premis-sapiencia-2024","status":"publish","type":"post","link":"https:\/\/www.iescarlessalvador.es\/?p=5330","title":{"rendered":"Premis sapi\u00e8ncia 2024"},"content":{"rendered":"\n<p>L&#8217;alumna del centre Irene Gasparri Gonz\u00e1lvez y la seua tutora Mar\u00eda Comes Navarro, han rebut el <a href=\"https:\/\/youtu.be\/iljwMCETStA\" target=\"_blank\" rel=\"noreferrer noopener\">PREMI ESPECIAL DEL JURAT institucional  al projecte que millor contribueix a la resoluci\u00f3 dels reptes socials marcats pels ODS<\/a> amb aquesta <a href=\"https:\/\/drive.google.com\/file\/d\/1bw0ntazuWxeTyrolFgQwzNAsL9UaWPf2\/view\">Mem\u00f2ria<\/a> del treball \u00abAlginatoCO2 esferificaciones h\u00edbridas de Alginato: qu\u00edmica verde para la fijaci\u00f3n del CO2\u00bb. Aquest treball tamb\u00e9 ha rebut el primer premi en la categoria de F\u00edsica, Qu\u00edmica i Matem\u00e0tiques.<\/p>\n\n\n\n<figure class=\"wp-block-image size-large\"><img fetchpriority=\"high\" decoding=\"async\" width=\"1024\" height=\"683\" src=\"https:\/\/www.iescarlessalvador.es\/wp-content\/uploads\/2025\/01\/CongresoSapiencia_Web-274-1024x683.jpg\" alt=\"\" class=\"wp-image-5334\" srcset=\"https:\/\/www.iescarlessalvador.es\/wp-content\/uploads\/2025\/01\/CongresoSapiencia_Web-274-1024x683.jpg 1024w, https:\/\/www.iescarlessalvador.es\/wp-content\/uploads\/2025\/01\/CongresoSapiencia_Web-274-300x200.jpg 300w, https:\/\/www.iescarlessalvador.es\/wp-content\/uploads\/2025\/01\/CongresoSapiencia_Web-274-768x512.jpg 768w, https:\/\/www.iescarlessalvador.es\/wp-content\/uploads\/2025\/01\/CongresoSapiencia_Web-274-1536x1024.jpg 1536w, https:\/\/www.iescarlessalvador.es\/wp-content\/uploads\/2025\/01\/CongresoSapiencia_Web-274-2048x1366.jpg 2048w, https:\/\/www.iescarlessalvador.es\/wp-content\/uploads\/2025\/01\/CongresoSapiencia_Web-274-930x620.jpg 930w\" sizes=\"(max-width: 1024px) 100vw, 1024px\" \/><\/figure>\n\n\n\n<figure class=\"wp-block-image size-large\"><img decoding=\"async\" width=\"1024\" height=\"683\" src=\"https:\/\/www.iescarlessalvador.es\/wp-content\/uploads\/2025\/01\/CongresoSapiencia_Web-279-1024x683.jpg\" alt=\"\" class=\"wp-image-5333\" srcset=\"https:\/\/www.iescarlessalvador.es\/wp-content\/uploads\/2025\/01\/CongresoSapiencia_Web-279-1024x683.jpg 1024w, https:\/\/www.iescarlessalvador.es\/wp-content\/uploads\/2025\/01\/CongresoSapiencia_Web-279-300x200.jpg 300w, https:\/\/www.iescarlessalvador.es\/wp-content\/uploads\/2025\/01\/CongresoSapiencia_Web-279-768x512.jpg 768w, https:\/\/www.iescarlessalvador.es\/wp-content\/uploads\/2025\/01\/CongresoSapiencia_Web-279-1536x1024.jpg 1536w, https:\/\/www.iescarlessalvador.es\/wp-content\/uploads\/2025\/01\/CongresoSapiencia_Web-279-2048x1366.jpg 2048w, https:\/\/www.iescarlessalvador.es\/wp-content\/uploads\/2025\/01\/CongresoSapiencia_Web-279-930x620.jpg 930w\" sizes=\"(max-width: 1024px) 100vw, 1024px\" \/><\/figure>\n\n\n\n<figure class=\"wp-block-image size-large\"><img decoding=\"async\" width=\"1024\" height=\"683\" src=\"https:\/\/www.iescarlessalvador.es\/wp-content\/uploads\/2025\/01\/CongresoSapiencia_Web-259-1024x683.jpg\" alt=\"\" class=\"wp-image-5332\" srcset=\"https:\/\/www.iescarlessalvador.es\/wp-content\/uploads\/2025\/01\/CongresoSapiencia_Web-259-1024x683.jpg 1024w, https:\/\/www.iescarlessalvador.es\/wp-content\/uploads\/2025\/01\/CongresoSapiencia_Web-259-300x200.jpg 300w, https:\/\/www.iescarlessalvador.es\/wp-content\/uploads\/2025\/01\/CongresoSapiencia_Web-259-768x512.jpg 768w, https:\/\/www.iescarlessalvador.es\/wp-content\/uploads\/2025\/01\/CongresoSapiencia_Web-259-1536x1024.jpg 1536w, https:\/\/www.iescarlessalvador.es\/wp-content\/uploads\/2025\/01\/CongresoSapiencia_Web-259-2048x1366.jpg 2048w, https:\/\/www.iescarlessalvador.es\/wp-content\/uploads\/2025\/01\/CongresoSapiencia_Web-259-930x620.jpg 930w\" sizes=\"(max-width: 1024px) 100vw, 1024px\" \/><\/figure>\n\n\n\n<p>Ac\u00ed podeu veure tots els v\u00eddeos de l&#8217;acte realitzat el passat mes de desembre de 2024.<\/p>\n\n\n\n<p class=\"has-text-align-center\"><a href=\"https:\/\/sapienciapremis.es\/edicio-2024\/\">Enlla\u00e7 al web oficial dels Premis Sapi\u00e8ncia 2024<\/a><\/p>\n\n\n\n<figure class=\"wp-block-image size-large\"><img loading=\"lazy\" decoding=\"async\" width=\"683\" height=\"1024\" src=\"https:\/\/www.iescarlessalvador.es\/wp-content\/uploads\/2025\/01\/CongresoSapiencia_Web-3-scaled-1-683x1024.jpg\" alt=\"\" class=\"wp-image-5331\" srcset=\"https:\/\/www.iescarlessalvador.es\/wp-content\/uploads\/2025\/01\/CongresoSapiencia_Web-3-scaled-1-683x1024.jpg 683w, https:\/\/www.iescarlessalvador.es\/wp-content\/uploads\/2025\/01\/CongresoSapiencia_Web-3-scaled-1-200x300.jpg 200w, https:\/\/www.iescarlessalvador.es\/wp-content\/uploads\/2025\/01\/CongresoSapiencia_Web-3-scaled-1-768x1152.jpg 768w, https:\/\/www.iescarlessalvador.es\/wp-content\/uploads\/2025\/01\/CongresoSapiencia_Web-3-scaled-1-1024x1536.jpg 1024w, https:\/\/www.iescarlessalvador.es\/wp-content\/uploads\/2025\/01\/CongresoSapiencia_Web-3-scaled-1-1366x2048.jpg 1366w, https:\/\/www.iescarlessalvador.es\/wp-content\/uploads\/2025\/01\/CongresoSapiencia_Web-3-scaled-1.jpg 1707w\" sizes=\"(max-width: 683px) 100vw, 683px\" \/><\/figure>\n","protected":false},"excerpt":{"rendered":"<p>L&#8217;alumna del centre Irene Gasparri Gonz\u00e1lvez y la seua tutora Mar\u00eda Comes Navarro, han rebut el PREMI ESPECIAL DEL JURAT institucional al projecte que millor contribueix a la resoluci\u00f3 dels reptes socials marcats pels ODS amb aquesta Mem\u00f2ria del treball \u00abAlginatoCO2 esferificaciones h\u00edbridas de Alginato: qu\u00edmica verde para la fijaci\u00f3n del CO2\u00bb. Aquest treball tamb\u00e9&hellip;&nbsp;<a href=\"https:\/\/www.iescarlessalvador.es\/?p=5330\" class=\"\" rel=\"bookmark\">Leer m\u00e1s &raquo;<span class=\"screen-reader-text\">Premis sapi\u00e8ncia 2024<\/span><\/a><\/p>\n","protected":false},"author":1,"featured_media":5334,"comment_status":"closed","ping_status":"closed","sticky":false,"template":"","format":"standard","meta":{"rop_custom_images_group":[],"rop_custom_messages_group":[],"rop_publish_now":"initial","rop_publish_now_accounts":[],"rop_publish_now_history":[],"rop_publish_now_status":"pending","neve_meta_sidebar":"","neve_meta_container":"","neve_meta_enable_content_width":"","neve_meta_content_width":0,"neve_meta_title_alignment":"","neve_meta_author_avatar":"","neve_post_elements_order":"","neve_meta_disable_header":"","neve_meta_disable_footer":"","neve_meta_disable_title":"","footnotes":""},"categories":[238],"tags":[],"class_list":["post-5330","post","type-post","status-publish","format-standard","has-post-thumbnail","hentry","category-noticies-ca"],"_links":{"self":[{"href":"https:\/\/www.iescarlessalvador.es\/index.php?rest_route=\/wp\/v2\/posts\/5330","targetHints":{"allow":["GET"]}}],"collection":[{"href":"https:\/\/www.iescarlessalvador.es\/index.php?rest_route=\/wp\/v2\/posts"}],"about":[{"href":"https:\/\/www.iescarlessalvador.es\/index.php?rest_route=\/wp\/v2\/types\/post"}],"author":[{"embeddable":true,"href":"https:\/\/www.iescarlessalvador.es\/index.php?rest_route=\/wp\/v2\/users\/1"}],"replies":[{"embeddable":true,"href":"https:\/\/www.iescarlessalvador.es\/index.php?rest_route=%2Fwp%2Fv2%2Fcomments&post=5330"}],"version-history":[{"count":1,"href":"https:\/\/www.iescarlessalvador.es\/index.php?rest_route=\/wp\/v2\/posts\/5330\/revisions"}],"predecessor-version":[{"id":5335,"href":"https:\/\/www.iescarlessalvador.es\/index.php?rest_route=\/wp\/v2\/posts\/5330\/revisions\/5335"}],"wp:featuredmedia":[{"embeddable":true,"href":"https:\/\/www.iescarlessalvador.es\/index.php?rest_route=\/wp\/v2\/media\/5334"}],"wp:attachment":[{"href":"https:\/\/www.iescarlessalvador.es\/index.php?rest_route=%2Fwp%2Fv2%2Fmedia&parent=5330"}],"wp:term":[{"taxonomy":"category","embeddable":true,"href":"https:\/\/www.iescarlessalvador.es\/index.php?rest_route=%2Fwp%2Fv2%2Fcategories&post=5330"},{"taxonomy":"post_tag","embeddable":true,"href":"https:\/\/www.iescarlessalvador.es\/index.php?rest_route=%2Fwp%2Fv2%2Ftags&post=5330"}],"curies":[{"name":"wp","href":"https:\/\/api.w.org\/{rel}","templated":true}]}}