{"id":5339,"date":"2025-01-08T20:18:00","date_gmt":"2025-01-08T20:18:00","guid":{"rendered":"https:\/\/www.iescarlessalvador.es\/?p=5339"},"modified":"2025-01-09T20:24:54","modified_gmt":"2025-01-09T20:24:54","slug":"fira-orientat-2025","status":"publish","type":"post","link":"https:\/\/www.iescarlessalvador.es\/?p=5339","title":{"rendered":"Fira Orienta&#8217;t 2025"},"content":{"rendered":"\n<p>Del 13 al 15 de gener al hall del TAMA es realitzar\u00e0 la fira educativa Orienta&#8217;t.<br>On universitats, centres educatius i de formaci\u00f3 i orientadors donaran informaci\u00f3 i assessorament personalitzat sobre estudis, formaci\u00f3 i eixides professionals a l&#8217;alumnat dels instituts d&#8217;Aldaia.<\/p>\n\n\n\n<p>Us esperem a l&#8217;espai de l&#8217;IES Carles Salvador, on podreu con\u00e8ixer la nostra oferta educativa.<\/p>\n\n\n\n<p>El p\u00fablic en general tamb\u00e9 tindr\u00e0 l&#8217;oportunitat de rebre els serveis d&#8217;aquesta fira. Les portes obertes seran el dimarts 14 de gener de 17:00 a 19:00 h.<\/p>\n\n\n\n<figure class=\"wp-block-image size-large\"><img fetchpriority=\"high\" decoding=\"async\" width=\"724\" height=\"1024\" src=\"https:\/\/www.iescarlessalvador.es\/wp-content\/uploads\/2025\/01\/CARTELL-FIRA-ORIENTAT-ALDAIA-2025_01-724x1024.jpg\" alt=\"\" class=\"wp-image-5340\" srcset=\"https:\/\/www.iescarlessalvador.es\/wp-content\/uploads\/2025\/01\/CARTELL-FIRA-ORIENTAT-ALDAIA-2025_01-724x1024.jpg 724w, https:\/\/www.iescarlessalvador.es\/wp-content\/uploads\/2025\/01\/CARTELL-FIRA-ORIENTAT-ALDAIA-2025_01-212x300.jpg 212w, https:\/\/www.iescarlessalvador.es\/wp-content\/uploads\/2025\/01\/CARTELL-FIRA-ORIENTAT-ALDAIA-2025_01-768x1086.jpg 768w, https:\/\/www.iescarlessalvador.es\/wp-content\/uploads\/2025\/01\/CARTELL-FIRA-ORIENTAT-ALDAIA-2025_01-1086x1536.jpg 1086w, https:\/\/www.iescarlessalvador.es\/wp-content\/uploads\/2025\/01\/CARTELL-FIRA-ORIENTAT-ALDAIA-2025_01-1448x2048.jpg 1448w, https:\/\/www.iescarlessalvador.es\/wp-content\/uploads\/2025\/01\/CARTELL-FIRA-ORIENTAT-ALDAIA-2025_01-scaled.jpg 1810w\" sizes=\"(max-width: 724px) 100vw, 724px\" \/><\/figure>\n\n\n\n<p><\/p>\n","protected":false},"excerpt":{"rendered":"<p>Del 13 al 15 de gener al hall del TAMA es realitzar\u00e0 la fira educativa Orienta&#8217;t.On universitats, centres educatius i de formaci\u00f3 i orientadors donaran informaci\u00f3 i assessorament personalitzat sobre estudis, formaci\u00f3 i eixides professionals a l&#8217;alumnat dels instituts d&#8217;Aldaia. Us esperem a l&#8217;espai de l&#8217;IES Carles Salvador, on podreu con\u00e8ixer la nostra oferta educativa.&hellip;&nbsp;<a href=\"https:\/\/www.iescarlessalvador.es\/?p=5339\" class=\"\" rel=\"bookmark\">Leer m\u00e1s &raquo;<span class=\"screen-reader-text\">Fira Orienta&#8217;t 2025<\/span><\/a><\/p>\n","protected":false},"author":1,"featured_media":5340,"comment_status":"closed","ping_status":"closed","sticky":false,"template":"","format":"standard","meta":{"rop_custom_images_group":[],"rop_custom_messages_group":[],"rop_publish_now":"initial","rop_publish_now_accounts":[],"rop_publish_now_history":[],"rop_publish_now_status":"pending","neve_meta_sidebar":"","neve_meta_container":"","neve_meta_enable_content_width":"","neve_meta_content_width":0,"neve_meta_title_alignment":"","neve_meta_author_avatar":"","neve_post_elements_order":"","neve_meta_disable_header":"","neve_meta_disable_footer":"","neve_meta_disable_title":"","footnotes":""},"categories":[238],"tags":[],"class_list":["post-5339","post","type-post","status-publish","format-standard","has-post-thumbnail","hentry","category-noticies-ca"],"_links":{"self":[{"href":"https:\/\/www.iescarlessalvador.es\/index.php?rest_route=\/wp\/v2\/posts\/5339","targetHints":{"allow":["GET"]}}],"collection":[{"href":"https:\/\/www.iescarlessalvador.es\/index.php?rest_route=\/wp\/v2\/posts"}],"about":[{"href":"https:\/\/www.iescarlessalvador.es\/index.php?rest_route=\/wp\/v2\/types\/post"}],"author":[{"embeddable":true,"href":"https:\/\/www.iescarlessalvador.es\/index.php?rest_route=\/wp\/v2\/users\/1"}],"replies":[{"embeddable":true,"href":"https:\/\/www.iescarlessalvador.es\/index.php?rest_route=%2Fwp%2Fv2%2Fcomments&post=5339"}],"version-history":[{"count":1,"href":"https:\/\/www.iescarlessalvador.es\/index.php?rest_route=\/wp\/v2\/posts\/5339\/revisions"}],"predecessor-version":[{"id":5341,"href":"https:\/\/www.iescarlessalvador.es\/index.php?rest_route=\/wp\/v2\/posts\/5339\/revisions\/5341"}],"wp:featuredmedia":[{"embeddable":true,"href":"https:\/\/www.iescarlessalvador.es\/index.php?rest_route=\/wp\/v2\/media\/5340"}],"wp:attachment":[{"href":"https:\/\/www.iescarlessalvador.es\/index.php?rest_route=%2Fwp%2Fv2%2Fmedia&parent=5339"}],"wp:term":[{"taxonomy":"category","embeddable":true,"href":"https:\/\/www.iescarlessalvador.es\/index.php?rest_route=%2Fwp%2Fv2%2Fcategories&post=5339"},{"taxonomy":"post_tag","embeddable":true,"href":"https:\/\/www.iescarlessalvador.es\/index.php?rest_route=%2Fwp%2Fv2%2Ftags&post=5339"}],"curies":[{"name":"wp","href":"https:\/\/api.w.org\/{rel}","templated":true}]}}