{"id":5342,"date":"2025-01-08T20:25:04","date_gmt":"2025-01-08T20:25:04","guid":{"rendered":"https:\/\/www.iescarlessalvador.es\/?p=5342"},"modified":"2025-01-09T20:31:07","modified_gmt":"2025-01-09T20:31:07","slug":"feria-orientat-2025","status":"publish","type":"post","link":"https:\/\/www.iescarlessalvador.es\/?p=5342&lang=es","title":{"rendered":"FERIA \u00abORIENTA&#8217;T &#8211; 2025\u00bb"},"content":{"rendered":"\n<p>Del 13 al 15 de enero en el hall del TAMA se realizar\u00e1 la feria educativa \u00abOrienta&#8217;t\u00bb.<br>Donde Universidades, centros educativos y de formaci\u00f3n y orientadores dar\u00e1n informaci\u00f3n y asesoramiento personalizado sobre los estudios, formaci\u00f3n y salidas profesionales al alumnado de los institutos de Aldaia.<\/p>\n\n\n\n<p>Os esperamos en el espacio del IES Carles Salvador, donde podr\u00e9is conocer nuestra oferta educativa.<\/p>\n\n\n\n<p>El p\u00fablico en general tambi\u00e9n tindr\u00e1n la oportunidad de recibir los servicios de esta feria. Las puertas abiertas se realizar\u00e1n el martes 14 de enero de 17:00 a 19:00 h.<\/p>\n\n\n\n<figure class=\"wp-block-image size-large\"><img fetchpriority=\"high\" decoding=\"async\" width=\"724\" height=\"1024\" src=\"https:\/\/www.iescarlessalvador.es\/wp-content\/uploads\/2025\/01\/CARTELL-FIRA-ORIENTAT-ALDAIA-2025_01-724x1024.jpg\" alt=\"\" class=\"wp-image-5340\" srcset=\"https:\/\/www.iescarlessalvador.es\/wp-content\/uploads\/2025\/01\/CARTELL-FIRA-ORIENTAT-ALDAIA-2025_01-724x1024.jpg 724w, https:\/\/www.iescarlessalvador.es\/wp-content\/uploads\/2025\/01\/CARTELL-FIRA-ORIENTAT-ALDAIA-2025_01-212x300.jpg 212w, https:\/\/www.iescarlessalvador.es\/wp-content\/uploads\/2025\/01\/CARTELL-FIRA-ORIENTAT-ALDAIA-2025_01-768x1086.jpg 768w, https:\/\/www.iescarlessalvador.es\/wp-content\/uploads\/2025\/01\/CARTELL-FIRA-ORIENTAT-ALDAIA-2025_01-1086x1536.jpg 1086w, https:\/\/www.iescarlessalvador.es\/wp-content\/uploads\/2025\/01\/CARTELL-FIRA-ORIENTAT-ALDAIA-2025_01-1448x2048.jpg 1448w, https:\/\/www.iescarlessalvador.es\/wp-content\/uploads\/2025\/01\/CARTELL-FIRA-ORIENTAT-ALDAIA-2025_01-scaled.jpg 1810w\" sizes=\"(max-width: 724px) 100vw, 724px\" \/><\/figure>\n","protected":false},"excerpt":{"rendered":"<p>Del 13 al 15 de enero en el hall del TAMA se realizar\u00e1 la feria educativa \u00abOrienta&#8217;t\u00bb.Donde Universidades, centros educativos y de formaci\u00f3n y orientadores dar\u00e1n informaci\u00f3n y asesoramiento personalizado sobre los estudios, formaci\u00f3n y salidas profesionales al alumnado de los institutos de Aldaia. Os esperamos en el espacio del IES Carles Salvador, donde podr\u00e9is&hellip;&nbsp;<a href=\"https:\/\/www.iescarlessalvador.es\/?p=5342&#038;lang=es\" class=\"\" rel=\"bookmark\">Leer m\u00e1s &raquo;<span class=\"screen-reader-text\">FERIA \u00abORIENTA&#8217;T &#8211; 2025\u00bb<\/span><\/a><\/p>\n","protected":false},"author":1,"featured_media":5340,"comment_status":"closed","ping_status":"closed","sticky":false,"template":"","format":"standard","meta":{"rop_custom_images_group":[],"rop_custom_messages_group":[],"rop_publish_now":"initial","rop_publish_now_accounts":[],"rop_publish_now_history":[],"rop_publish_now_status":"pending","neve_meta_sidebar":"","neve_meta_container":"","neve_meta_enable_content_width":"","neve_meta_content_width":0,"neve_meta_title_alignment":"","neve_meta_author_avatar":"","neve_post_elements_order":"","neve_meta_disable_header":"","neve_meta_disable_footer":"","neve_meta_disable_title":"","footnotes":""},"categories":[34],"tags":[],"class_list":["post-5342","post","type-post","status-publish","format-standard","has-post-thumbnail","hentry","category-noticias"],"_links":{"self":[{"href":"https:\/\/www.iescarlessalvador.es\/index.php?rest_route=\/wp\/v2\/posts\/5342","targetHints":{"allow":["GET"]}}],"collection":[{"href":"https:\/\/www.iescarlessalvador.es\/index.php?rest_route=\/wp\/v2\/posts"}],"about":[{"href":"https:\/\/www.iescarlessalvador.es\/index.php?rest_route=\/wp\/v2\/types\/post"}],"author":[{"embeddable":true,"href":"https:\/\/www.iescarlessalvador.es\/index.php?rest_route=\/wp\/v2\/users\/1"}],"replies":[{"embeddable":true,"href":"https:\/\/www.iescarlessalvador.es\/index.php?rest_route=%2Fwp%2Fv2%2Fcomments&post=5342"}],"version-history":[{"count":1,"href":"https:\/\/www.iescarlessalvador.es\/index.php?rest_route=\/wp\/v2\/posts\/5342\/revisions"}],"predecessor-version":[{"id":5343,"href":"https:\/\/www.iescarlessalvador.es\/index.php?rest_route=\/wp\/v2\/posts\/5342\/revisions\/5343"}],"wp:featuredmedia":[{"embeddable":true,"href":"https:\/\/www.iescarlessalvador.es\/index.php?rest_route=\/wp\/v2\/media\/5340"}],"wp:attachment":[{"href":"https:\/\/www.iescarlessalvador.es\/index.php?rest_route=%2Fwp%2Fv2%2Fmedia&parent=5342"}],"wp:term":[{"taxonomy":"category","embeddable":true,"href":"https:\/\/www.iescarlessalvador.es\/index.php?rest_route=%2Fwp%2Fv2%2Fcategories&post=5342"},{"taxonomy":"post_tag","embeddable":true,"href":"https:\/\/www.iescarlessalvador.es\/index.php?rest_route=%2Fwp%2Fv2%2Ftags&post=5342"}],"curies":[{"name":"wp","href":"https:\/\/api.w.org\/{rel}","templated":true}]}}