{"id":5358,"date":"2026-02-25T19:08:48","date_gmt":"2026-02-25T19:08:48","guid":{"rendered":"https:\/\/www.iescarlessalvador.es\/?p=5358"},"modified":"2026-02-25T19:24:31","modified_gmt":"2026-02-25T19:24:31","slug":"proves-acces-a-cicles-formatius-2025","status":"publish","type":"post","link":"https:\/\/www.iescarlessalvador.es\/?p=5358","title":{"rendered":"PROVES ACC\u00c9S A CICLES FORMATIUS 2026"},"content":{"rendered":"\n<p>S&#8217;han convocat les proves d&#8217;acc\u00e9s a Cicles Formatius de Grau Mitj\u00e0 i Superior 2025. Podeu ampliar la informaci\u00f3 a aquest enlla\u00e7 del nostre web.<\/p>\n\n\n\n<p><a href=\"https:\/\/www.iescarlessalvador.es\/?page_id=6331\">https:\/\/www.iescarlessalvador.es\/?page_id=6331<\/a><\/p>\n\n\n\n<figure class=\"wp-block-embed is-type-wp-embed is-provider-ies-carles-salvador wp-block-embed-ies-carles-salvador\"><div class=\"wp-block-embed__wrapper\">\n<blockquote class=\"wp-embedded-content\" data-secret=\"H3x24axPh9\"><a href=\"https:\/\/www.iescarlessalvador.es\/?page_id=6331\">Proves d&#8217;acc\u00e9s a cicles formatius 2026<\/a><\/blockquote><iframe class=\"wp-embedded-content\" sandbox=\"allow-scripts\" security=\"restricted\" style=\"position: absolute; visibility: hidden;\" title=\"\u00abProves d&#8217;acc\u00e9s a cicles formatius 2026\u00bb \u2014 IES Carles Salvador\" src=\"https:\/\/www.iescarlessalvador.es\/?page_id=6331&#038;embed=true#?secret=aQGnBlDtvS#?secret=H3x24axPh9\" data-secret=\"H3x24axPh9\" width=\"600\" height=\"338\" frameborder=\"0\" marginwidth=\"0\" marginheight=\"0\" scrolling=\"no\"><\/iframe>\n<\/div><\/figure>\n","protected":false},"excerpt":{"rendered":"<p>S&#8217;han convocat les proves d&#8217;acc\u00e9s a Cicles Formatius de Grau Mitj\u00e0 i Superior 2025. Podeu ampliar la informaci\u00f3 a aquest enlla\u00e7 del nostre web. https:\/\/www.iescarlessalvador.es\/?page_id=6331<\/p>\n","protected":false},"author":1,"featured_media":0,"comment_status":"closed","ping_status":"closed","sticky":false,"template":"","format":"standard","meta":{"rop_custom_images_group":[],"rop_custom_messages_group":[],"rop_publish_now":"yes","rop_publish_now_accounts":[],"rop_publish_now_history":[],"rop_publish_now_status":"pending","neve_meta_sidebar":"","neve_meta_container":"","neve_meta_enable_content_width":"","neve_meta_content_width":0,"neve_meta_title_alignment":"","neve_meta_author_avatar":"","neve_post_elements_order":"","neve_meta_disable_header":"","neve_meta_disable_footer":"","neve_meta_disable_title":"","footnotes":""},"categories":[238],"tags":[284,282],"class_list":["post-5358","post","type-post","status-publish","format-standard","hentry","category-noticies-ca","tag-cicles-formatius","tag-proves-acces-fp"],"_links":{"self":[{"href":"https:\/\/www.iescarlessalvador.es\/index.php?rest_route=\/wp\/v2\/posts\/5358","targetHints":{"allow":["GET"]}}],"collection":[{"href":"https:\/\/www.iescarlessalvador.es\/index.php?rest_route=\/wp\/v2\/posts"}],"about":[{"href":"https:\/\/www.iescarlessalvador.es\/index.php?rest_route=\/wp\/v2\/types\/post"}],"author":[{"embeddable":true,"href":"https:\/\/www.iescarlessalvador.es\/index.php?rest_route=\/wp\/v2\/users\/1"}],"replies":[{"embeddable":true,"href":"https:\/\/www.iescarlessalvador.es\/index.php?rest_route=%2Fwp%2Fv2%2Fcomments&post=5358"}],"version-history":[{"count":8,"href":"https:\/\/www.iescarlessalvador.es\/index.php?rest_route=\/wp\/v2\/posts\/5358\/revisions"}],"predecessor-version":[{"id":6361,"href":"https:\/\/www.iescarlessalvador.es\/index.php?rest_route=\/wp\/v2\/posts\/5358\/revisions\/6361"}],"wp:attachment":[{"href":"https:\/\/www.iescarlessalvador.es\/index.php?rest_route=%2Fwp%2Fv2%2Fmedia&parent=5358"}],"wp:term":[{"taxonomy":"category","embeddable":true,"href":"https:\/\/www.iescarlessalvador.es\/index.php?rest_route=%2Fwp%2Fv2%2Fcategories&post=5358"},{"taxonomy":"post_tag","embeddable":true,"href":"https:\/\/www.iescarlessalvador.es\/index.php?rest_route=%2Fwp%2Fv2%2Ftags&post=5358"}],"curies":[{"name":"wp","href":"https:\/\/api.w.org\/{rel}","templated":true}]}}