{"id":5362,"date":"2025-02-12T21:00:03","date_gmt":"2025-02-12T21:00:03","guid":{"rendered":"https:\/\/www.iescarlessalvador.es\/?p=5362"},"modified":"2025-02-12T21:00:06","modified_gmt":"2025-02-12T21:00:06","slug":"dia-de-la-dona-i-la-nena-en-la-ciencia","status":"publish","type":"post","link":"https:\/\/www.iescarlessalvador.es\/?p=5362","title":{"rendered":"dia de la dona i la nena en la ci\u00e8ncia"},"content":{"rendered":"\n<p>El passat dimarts 11 de febrer va ser el \u00abdia de la dona i la nena en la ci\u00e8ncia\u00bb. Les professores de mat\u00e8ries ci\u00e8nt\u00edfiques del centre van celebrar-ho.<\/p>\n\n\n\n<figure class=\"wp-block-image size-large\"><img fetchpriority=\"high\" decoding=\"async\" width=\"1024\" height=\"553\" src=\"https:\/\/www.iescarlessalvador.es\/wp-content\/uploads\/2025\/02\/foto_01-1024x553.jpeg\" alt=\"\" class=\"wp-image-5364\" srcset=\"https:\/\/www.iescarlessalvador.es\/wp-content\/uploads\/2025\/02\/foto_01-1024x553.jpeg 1024w, https:\/\/www.iescarlessalvador.es\/wp-content\/uploads\/2025\/02\/foto_01-300x162.jpeg 300w, https:\/\/www.iescarlessalvador.es\/wp-content\/uploads\/2025\/02\/foto_01-768x415.jpeg 768w, https:\/\/www.iescarlessalvador.es\/wp-content\/uploads\/2025\/02\/foto_01-1536x829.jpeg 1536w, https:\/\/www.iescarlessalvador.es\/wp-content\/uploads\/2025\/02\/foto_01.jpeg 1600w\" sizes=\"(max-width: 1024px) 100vw, 1024px\" \/><\/figure>\n\n\n\n<figure class=\"wp-block-image size-large\"><img decoding=\"async\" width=\"1024\" height=\"977\" src=\"https:\/\/www.iescarlessalvador.es\/wp-content\/uploads\/2025\/02\/foto_03-1024x977.jpg\" alt=\"\" class=\"wp-image-5365\" srcset=\"https:\/\/www.iescarlessalvador.es\/wp-content\/uploads\/2025\/02\/foto_03-1024x977.jpg 1024w, https:\/\/www.iescarlessalvador.es\/wp-content\/uploads\/2025\/02\/foto_03-300x286.jpg 300w, https:\/\/www.iescarlessalvador.es\/wp-content\/uploads\/2025\/02\/foto_03-768x732.jpg 768w, https:\/\/www.iescarlessalvador.es\/wp-content\/uploads\/2025\/02\/foto_03-1536x1465.jpg 1536w, https:\/\/www.iescarlessalvador.es\/wp-content\/uploads\/2025\/02\/foto_03.jpg 1600w\" sizes=\"(max-width: 1024px) 100vw, 1024px\" \/><\/figure>\n\n\n\n<figure class=\"wp-block-image size-large\"><img decoding=\"async\" width=\"1024\" height=\"732\" src=\"https:\/\/www.iescarlessalvador.es\/wp-content\/uploads\/2025\/02\/foto_02-1024x732.jpeg\" alt=\"\" class=\"wp-image-5366\" srcset=\"https:\/\/www.iescarlessalvador.es\/wp-content\/uploads\/2025\/02\/foto_02-1024x732.jpeg 1024w, https:\/\/www.iescarlessalvador.es\/wp-content\/uploads\/2025\/02\/foto_02-300x215.jpeg 300w, https:\/\/www.iescarlessalvador.es\/wp-content\/uploads\/2025\/02\/foto_02-768x549.jpeg 768w, https:\/\/www.iescarlessalvador.es\/wp-content\/uploads\/2025\/02\/foto_02-1536x1098.jpeg 1536w, https:\/\/www.iescarlessalvador.es\/wp-content\/uploads\/2025\/02\/foto_02.jpeg 1600w\" sizes=\"(max-width: 1024px) 100vw, 1024px\" \/><\/figure>\n","protected":false},"excerpt":{"rendered":"<p>El passat dimarts 11 de febrer va ser el \u00abdia de la dona i la nena en la ci\u00e8ncia\u00bb. Les professores de mat\u00e8ries ci\u00e8nt\u00edfiques del centre van celebrar-ho.<\/p>\n","protected":false},"author":1,"featured_media":5363,"comment_status":"closed","ping_status":"closed","sticky":false,"template":"","format":"standard","meta":{"rop_custom_images_group":[],"rop_custom_messages_group":[],"rop_publish_now":"initial","rop_publish_now_accounts":[],"rop_publish_now_history":[],"rop_publish_now_status":"pending","neve_meta_sidebar":"","neve_meta_container":"","neve_meta_enable_content_width":"","neve_meta_content_width":0,"neve_meta_title_alignment":"","neve_meta_author_avatar":"","neve_post_elements_order":"","neve_meta_disable_header":"","neve_meta_disable_footer":"","neve_meta_disable_title":"","footnotes":""},"categories":[238],"tags":[],"class_list":["post-5362","post","type-post","status-publish","format-standard","has-post-thumbnail","hentry","category-noticies-ca"],"_links":{"self":[{"href":"https:\/\/www.iescarlessalvador.es\/index.php?rest_route=\/wp\/v2\/posts\/5362","targetHints":{"allow":["GET"]}}],"collection":[{"href":"https:\/\/www.iescarlessalvador.es\/index.php?rest_route=\/wp\/v2\/posts"}],"about":[{"href":"https:\/\/www.iescarlessalvador.es\/index.php?rest_route=\/wp\/v2\/types\/post"}],"author":[{"embeddable":true,"href":"https:\/\/www.iescarlessalvador.es\/index.php?rest_route=\/wp\/v2\/users\/1"}],"replies":[{"embeddable":true,"href":"https:\/\/www.iescarlessalvador.es\/index.php?rest_route=%2Fwp%2Fv2%2Fcomments&post=5362"}],"version-history":[{"count":1,"href":"https:\/\/www.iescarlessalvador.es\/index.php?rest_route=\/wp\/v2\/posts\/5362\/revisions"}],"predecessor-version":[{"id":5367,"href":"https:\/\/www.iescarlessalvador.es\/index.php?rest_route=\/wp\/v2\/posts\/5362\/revisions\/5367"}],"wp:featuredmedia":[{"embeddable":true,"href":"https:\/\/www.iescarlessalvador.es\/index.php?rest_route=\/wp\/v2\/media\/5363"}],"wp:attachment":[{"href":"https:\/\/www.iescarlessalvador.es\/index.php?rest_route=%2Fwp%2Fv2%2Fmedia&parent=5362"}],"wp:term":[{"taxonomy":"category","embeddable":true,"href":"https:\/\/www.iescarlessalvador.es\/index.php?rest_route=%2Fwp%2Fv2%2Fcategories&post=5362"},{"taxonomy":"post_tag","embeddable":true,"href":"https:\/\/www.iescarlessalvador.es\/index.php?rest_route=%2Fwp%2Fv2%2Ftags&post=5362"}],"curies":[{"name":"wp","href":"https:\/\/api.w.org\/{rel}","templated":true}]}}