{"id":5370,"date":"2025-02-13T09:42:52","date_gmt":"2025-02-13T09:42:52","guid":{"rendered":"https:\/\/www.iescarlessalvador.es\/?p=5370"},"modified":"2025-02-13T10:04:24","modified_gmt":"2025-02-13T10:04:24","slug":"consulta-sobre-eleccio-de-llengua-base","status":"publish","type":"post","link":"https:\/\/www.iescarlessalvador.es\/?p=5370","title":{"rendered":"consulta sobre elecci\u00f3 de llengua base"},"content":{"rendered":"\n<p>Informaci\u00f3 per a les fam\u00edlies sobre l\u2019elecci\u00f3 de llengua base<\/p>\n\n\n\n<p><strong>Des del dia 25 de febrer de 2025<\/strong>, a les 9:00 hores, <strong>fins al dia 4 de mar\u00e7 de 2025<\/strong>, a les 14:00<br>hores, vost\u00e9 podr\u00e0 participar en la <strong>consulta per a triar la llengua base, valenci\u00e0 o castell\u00e0,<\/strong><br>per a cada un dels seus fills\/es matriculats en el centre. Ser\u00e0 suficient amb la <strong>votaci\u00f3 d\u2019un<br>representant legal per cada fill\/a.<\/strong> La llengua base ser\u00e0 la llengua que tindr\u00e0 un major pes i una<br>major pres\u00e8ncia en l\u2019ensenyament, i si \u00e9s el cas, la que s\u2019utilitzar\u00e0 perqu\u00e8 l\u2019alumnat aprenga<br>a llegir i escriure.<\/p>\n\n\n\n<p>Per a poder participar en la consulta, rebr\u00e0 a trav\u00e9s del seu fill, el full informatiu i la fitxa de<br>les dades del seu fill\/a. Per favor, comprove que les dades s\u00f3n correctes. Si hi ha algun error,<br>haur\u00e0 de posar-se en contacte amb el centre educatiu per a la modificaci\u00f3 d\u2019estes dades.<br><\/p>\n\n\n\n<p>Per a votar, <strong>haur\u00e0 d\u2019accedir a la web de la Secretaria Digital: <a href=\"https:\/\/consulta.gva.es\">https:\/\/consulta.gva.es<\/a><\/strong><br>Una volta accedisca, haur\u00e0 de seleccionar el seu fill\/a, i introduir el n\u00famero d\u2019identificaci\u00f3<br>de l\u2019alumnat (NIA), que podr\u00e0 trobar en la fitxa de les dades del seu fill\/a.<br><\/p>\n\n\n\n<p>En cas de no participar en la consulta, el centre en virtut de la seua autonomia assignar\u00e0<br>l&#8217;alumne\/a l&#8217;una o l&#8217;altra llengua base segons el resultat obtingut.<br><\/p>\n\n\n\n<p>Resum del calendari:<br>Publicaci\u00f3 del cens provisional. 17\/02\/2025<br>Reclamacions al cens provisional. Fins al 21\/02\/2025<br>Publicaci\u00f3 del cens definitiu. Fins al 24\/02\/2025<br>Participaci\u00f3 en la consulta. Des de les 9 hores del 25\/02\/2025 fins les 14 hores del<br>04\/03\/2025<\/p>\n\n\n\n<p><a href=\"https:\/\/www.iescarlessalvador.es\/wp-content\/uploads\/2025\/02\/Consulta_eleccio_llengua_base_val.pdf\">Desc\u00e0rrega d&#8217;aquest document en format pdf.<\/a><br><a href=\"https:\/\/www.iescarlessalvador.es\/wp-content\/uploads\/2025\/02\/Ajuda_families_val.pdf\">Manual d&#8217;ajuda a les fam\u00edlies.<\/a><\/p>\n\n\n\n<p><a href=\"https:\/\/itaca3.edu.gva.es\/jwt\/#\/home\">Enlla\u00e7 a la Secretaria Digital<\/a><\/p>\n\n\n\n<p><\/p>\n","protected":false},"excerpt":{"rendered":"<p>Informaci\u00f3 per a les fam\u00edlies sobre l\u2019elecci\u00f3 de llengua base Des del dia 25 de febrer de 2025, a les 9:00 hores, fins al dia 4 de mar\u00e7 de 2025, a les 14:00hores, vost\u00e9 podr\u00e0 participar en la consulta per a triar la llengua base, valenci\u00e0 o castell\u00e0,per a cada un dels seus fills\/es matriculats&hellip;&nbsp;<a href=\"https:\/\/www.iescarlessalvador.es\/?p=5370\" class=\"\" rel=\"bookmark\">Leer m\u00e1s &raquo;<span class=\"screen-reader-text\">consulta sobre elecci\u00f3 de llengua base<\/span><\/a><\/p>\n","protected":false},"author":1,"featured_media":5380,"comment_status":"closed","ping_status":"closed","sticky":false,"template":"","format":"standard","meta":{"rop_custom_images_group":[],"rop_custom_messages_group":[],"rop_publish_now":"initial","rop_publish_now_accounts":[],"rop_publish_now_history":[],"rop_publish_now_status":"pending","neve_meta_sidebar":"","neve_meta_container":"","neve_meta_enable_content_width":"","neve_meta_content_width":0,"neve_meta_title_alignment":"","neve_meta_author_avatar":"","neve_post_elements_order":"","neve_meta_disable_header":"","neve_meta_disable_footer":"","neve_meta_disable_title":"","footnotes":""},"categories":[238],"tags":[],"class_list":["post-5370","post","type-post","status-publish","format-standard","has-post-thumbnail","hentry","category-noticies-ca"],"_links":{"self":[{"href":"https:\/\/www.iescarlessalvador.es\/index.php?rest_route=\/wp\/v2\/posts\/5370","targetHints":{"allow":["GET"]}}],"collection":[{"href":"https:\/\/www.iescarlessalvador.es\/index.php?rest_route=\/wp\/v2\/posts"}],"about":[{"href":"https:\/\/www.iescarlessalvador.es\/index.php?rest_route=\/wp\/v2\/types\/post"}],"author":[{"embeddable":true,"href":"https:\/\/www.iescarlessalvador.es\/index.php?rest_route=\/wp\/v2\/users\/1"}],"replies":[{"embeddable":true,"href":"https:\/\/www.iescarlessalvador.es\/index.php?rest_route=%2Fwp%2Fv2%2Fcomments&post=5370"}],"version-history":[{"count":2,"href":"https:\/\/www.iescarlessalvador.es\/index.php?rest_route=\/wp\/v2\/posts\/5370\/revisions"}],"predecessor-version":[{"id":5382,"href":"https:\/\/www.iescarlessalvador.es\/index.php?rest_route=\/wp\/v2\/posts\/5370\/revisions\/5382"}],"wp:featuredmedia":[{"embeddable":true,"href":"https:\/\/www.iescarlessalvador.es\/index.php?rest_route=\/wp\/v2\/media\/5380"}],"wp:attachment":[{"href":"https:\/\/www.iescarlessalvador.es\/index.php?rest_route=%2Fwp%2Fv2%2Fmedia&parent=5370"}],"wp:term":[{"taxonomy":"category","embeddable":true,"href":"https:\/\/www.iescarlessalvador.es\/index.php?rest_route=%2Fwp%2Fv2%2Fcategories&post=5370"},{"taxonomy":"post_tag","embeddable":true,"href":"https:\/\/www.iescarlessalvador.es\/index.php?rest_route=%2Fwp%2Fv2%2Ftags&post=5370"}],"curies":[{"name":"wp","href":"https:\/\/api.w.org\/{rel}","templated":true}]}}