{"id":5376,"date":"2025-02-13T09:44:59","date_gmt":"2025-02-13T09:44:59","guid":{"rendered":"https:\/\/www.iescarlessalvador.es\/?p=5376"},"modified":"2025-02-13T10:05:38","modified_gmt":"2025-02-13T10:05:38","slug":"consulta-sobre-eleccion-de-la-lengua-base","status":"publish","type":"post","link":"https:\/\/www.iescarlessalvador.es\/?p=5376&lang=es","title":{"rendered":"CONSULTA SOBRE ELECCI\u00d3N DE LA LENGUA BASE"},"content":{"rendered":"\n<p>Informaci\u00f3n para las familias sobre la elecci\u00f3n de lengua base<\/p>\n\n\n\n<p><strong>Desde el d\u00eda 25 de febrero de 2025, a las 9:00 horas, hasta el d\u00eda 4 de marzo de 2025,<\/strong> a las<br>14:00 horas, Vd. podr\u00e1 participar en la <strong>consulta para elegir la lengua base, valenciano o<br>castellano<\/strong>, para cada uno de sus hijos\/as matriculados en el centro. Ser\u00e1 suficiente con que<br>vote un representante legal por cada hijo\/a. La lengua base ser\u00e1 la lengua que tendr\u00e1 un mayor<br>peso y una mayor presencia en la ense\u00f1anza, y en su caso, la que se utilizar\u00e1 para que el<br>alumnado aprenda a leer y escribir.<\/p>\n\n\n\n<p><br>Para poder participar en la consulta, se adjunta con esta hoja informativa, copia de la ficha de<br>los datos de su hijo\/a. Por favor, compruebe que los datos son correctos. Si hay alg\u00fan error,<br>deber\u00e1 ponerse en contacto con el centro educativo para la modificaci\u00f3n de dichos datos.<br><strong>Para votar, deber\u00e1 acceder a la web de la Secretar\u00eda Digital: <a href=\"https:\/\/consulta.gva.es\">https:\/\/consulta.gva.es<\/a><\/strong><\/p>\n\n\n\n<p><br>Una vez acceda, deber\u00e1 seleccionar a su hijo\/a, e introducir el N\u00famero de Identificaci\u00f3n del<br>Alumnado (NIA), que podr\u00e1 encontrar en la ficha de los datos de su hijo\/a.<br>En caso de no participar en la consulta, el centro en virtud de su autonom\u00eda asignar\u00e1 al<br>alumno\/a una u otra lengua base seg\u00fan el resultado obtenido.<br><\/p>\n\n\n\n<p>Resumen del calendario:<br>Publicaci\u00f3n del censo provisional. 17\/02\/2025<br>Reclamaciones al censo provisional. Hasta el 21\/02\/2025<br>Publicaci\u00f3n del censo definitivo. Hasta el 24\/02\/2025<br>Participaci\u00f3n en la consulta. Desde las 9 horas del 25\/02\/2025 hasta las 14 horas del<br>04\/03\/2025<\/p>\n\n\n\n<p><a href=\"https:\/\/www.iescarlessalvador.es\/wp-content\/uploads\/2025\/02\/Consulta_eleccio_llengua_base_es.pdf\">Descarga este documento en formato pdf.<\/a><br><a href=\"https:\/\/www.iescarlessalvador.es\/wp-content\/uploads\/2025\/02\/Ayuda_familias_cas.pdf\">Manual de ayuda a les familias.<\/a><\/p>\n\n\n\n<p><a href=\"https:\/\/itaca3.edu.gva.es\/jwt\/#\/home\">Enlace a la Secretaria Digital<\/a><\/p>\n\n\n\n<p><\/p>\n","protected":false},"excerpt":{"rendered":"<p>Informaci\u00f3n para las familias sobre la elecci\u00f3n de lengua base Desde el d\u00eda 25 de febrero de 2025, a las 9:00 horas, hasta el d\u00eda 4 de marzo de 2025, a las14:00 horas, Vd. podr\u00e1 participar en la consulta para elegir la lengua base, valenciano ocastellano, para cada uno de sus hijos\/as matriculados en el&hellip;&nbsp;<a href=\"https:\/\/www.iescarlessalvador.es\/?p=5376&#038;lang=es\" class=\"\" rel=\"bookmark\">Leer m\u00e1s &raquo;<span class=\"screen-reader-text\">CONSULTA SOBRE ELECCI\u00d3N DE LA LENGUA BASE<\/span><\/a><\/p>\n","protected":false},"author":1,"featured_media":5380,"comment_status":"closed","ping_status":"closed","sticky":false,"template":"","format":"standard","meta":{"rop_custom_images_group":[],"rop_custom_messages_group":[],"rop_publish_now":"initial","rop_publish_now_accounts":[],"rop_publish_now_history":[],"rop_publish_now_status":"pending","neve_meta_sidebar":"","neve_meta_container":"","neve_meta_enable_content_width":"","neve_meta_content_width":0,"neve_meta_title_alignment":"","neve_meta_author_avatar":"","neve_post_elements_order":"","neve_meta_disable_header":"","neve_meta_disable_footer":"","neve_meta_disable_title":"","footnotes":""},"categories":[34],"tags":[],"class_list":["post-5376","post","type-post","status-publish","format-standard","has-post-thumbnail","hentry","category-noticias"],"_links":{"self":[{"href":"https:\/\/www.iescarlessalvador.es\/index.php?rest_route=\/wp\/v2\/posts\/5376","targetHints":{"allow":["GET"]}}],"collection":[{"href":"https:\/\/www.iescarlessalvador.es\/index.php?rest_route=\/wp\/v2\/posts"}],"about":[{"href":"https:\/\/www.iescarlessalvador.es\/index.php?rest_route=\/wp\/v2\/types\/post"}],"author":[{"embeddable":true,"href":"https:\/\/www.iescarlessalvador.es\/index.php?rest_route=\/wp\/v2\/users\/1"}],"replies":[{"embeddable":true,"href":"https:\/\/www.iescarlessalvador.es\/index.php?rest_route=%2Fwp%2Fv2%2Fcomments&post=5376"}],"version-history":[{"count":4,"href":"https:\/\/www.iescarlessalvador.es\/index.php?rest_route=\/wp\/v2\/posts\/5376\/revisions"}],"predecessor-version":[{"id":5384,"href":"https:\/\/www.iescarlessalvador.es\/index.php?rest_route=\/wp\/v2\/posts\/5376\/revisions\/5384"}],"wp:featuredmedia":[{"embeddable":true,"href":"https:\/\/www.iescarlessalvador.es\/index.php?rest_route=\/wp\/v2\/media\/5380"}],"wp:attachment":[{"href":"https:\/\/www.iescarlessalvador.es\/index.php?rest_route=%2Fwp%2Fv2%2Fmedia&parent=5376"}],"wp:term":[{"taxonomy":"category","embeddable":true,"href":"https:\/\/www.iescarlessalvador.es\/index.php?rest_route=%2Fwp%2Fv2%2Fcategories&post=5376"},{"taxonomy":"post_tag","embeddable":true,"href":"https:\/\/www.iescarlessalvador.es\/index.php?rest_route=%2Fwp%2Fv2%2Ftags&post=5376"}],"curies":[{"name":"wp","href":"https:\/\/api.w.org\/{rel}","templated":true}]}}