{"id":5403,"date":"2025-03-01T17:25:56","date_gmt":"2025-03-01T17:25:56","guid":{"rendered":"https:\/\/www.iescarlessalvador.es\/?p=5403"},"modified":"2025-03-01T17:25:58","modified_gmt":"2025-03-01T17:25:58","slug":"oficina-dinformacio-i-orientacio-professional","status":"publish","type":"post","link":"https:\/\/www.iescarlessalvador.es\/?p=5403","title":{"rendered":"Oficina d&#8217;informaci\u00f3 i orientaci\u00f3 professional"},"content":{"rendered":"\n<p>L&#8217;IES Carles Salvador ha posat en marxa la seua Oficina d&#8217;Informaci\u00f3 i Orientaci\u00f3 Professional, podeu visitar-la <a href=\"https:\/\/www.iescarlessalvador.es\/?page_id=5386\" data-type=\"page\" data-id=\"5386\">AC\u00cd<\/a><\/p>\n\n\n\n<figure class=\"wp-block-embed is-type-wp-embed is-provider-canva wp-block-embed-canva\"><div class=\"wp-block-embed__wrapper\">\n<iframe class=\"wp-embedded-content\" sandbox=\"allow-scripts\" security=\"restricted\" title=\"oficina_informacio_professional_IES_CARLES_SALVADOR\" src=\"https:\/\/www.canva.com\/design\/DAGgVIMNPMA\/dGqDINfCHFET2TF4YtDonQ\/view?embed&#038;meta#?secret=Q6iFPAfUKj\" data-secret=\"Q6iFPAfUKj\" height=\"675\" width=\"1200\"><\/iframe>\n<\/div><\/figure>\n","protected":false},"excerpt":{"rendered":"<p>L&#8217;IES Carles Salvador ha posat en marxa la seua Oficina d&#8217;Informaci\u00f3 i Orientaci\u00f3 Professional, podeu visitar-la AC\u00cd<\/p>\n","protected":false},"author":1,"featured_media":5388,"comment_status":"closed","ping_status":"closed","sticky":false,"template":"","format":"standard","meta":{"rop_custom_images_group":[],"rop_custom_messages_group":[],"rop_publish_now":"initial","rop_publish_now_accounts":[],"rop_publish_now_history":[],"rop_publish_now_status":"pending","neve_meta_sidebar":"","neve_meta_container":"","neve_meta_enable_content_width":"","neve_meta_content_width":0,"neve_meta_title_alignment":"","neve_meta_author_avatar":"","neve_post_elements_order":"","neve_meta_disable_header":"","neve_meta_disable_footer":"","neve_meta_disable_title":"","footnotes":""},"categories":[238],"tags":[],"class_list":["post-5403","post","type-post","status-publish","format-standard","has-post-thumbnail","hentry","category-noticies-ca"],"_links":{"self":[{"href":"https:\/\/www.iescarlessalvador.es\/index.php?rest_route=\/wp\/v2\/posts\/5403","targetHints":{"allow":["GET"]}}],"collection":[{"href":"https:\/\/www.iescarlessalvador.es\/index.php?rest_route=\/wp\/v2\/posts"}],"about":[{"href":"https:\/\/www.iescarlessalvador.es\/index.php?rest_route=\/wp\/v2\/types\/post"}],"author":[{"embeddable":true,"href":"https:\/\/www.iescarlessalvador.es\/index.php?rest_route=\/wp\/v2\/users\/1"}],"replies":[{"embeddable":true,"href":"https:\/\/www.iescarlessalvador.es\/index.php?rest_route=%2Fwp%2Fv2%2Fcomments&post=5403"}],"version-history":[{"count":1,"href":"https:\/\/www.iescarlessalvador.es\/index.php?rest_route=\/wp\/v2\/posts\/5403\/revisions"}],"predecessor-version":[{"id":5404,"href":"https:\/\/www.iescarlessalvador.es\/index.php?rest_route=\/wp\/v2\/posts\/5403\/revisions\/5404"}],"wp:featuredmedia":[{"embeddable":true,"href":"https:\/\/www.iescarlessalvador.es\/index.php?rest_route=\/wp\/v2\/media\/5388"}],"wp:attachment":[{"href":"https:\/\/www.iescarlessalvador.es\/index.php?rest_route=%2Fwp%2Fv2%2Fmedia&parent=5403"}],"wp:term":[{"taxonomy":"category","embeddable":true,"href":"https:\/\/www.iescarlessalvador.es\/index.php?rest_route=%2Fwp%2Fv2%2Fcategories&post=5403"},{"taxonomy":"post_tag","embeddable":true,"href":"https:\/\/www.iescarlessalvador.es\/index.php?rest_route=%2Fwp%2Fv2%2Ftags&post=5403"}],"curies":[{"name":"wp","href":"https:\/\/api.w.org\/{rel}","templated":true}]}}