{"id":5405,"date":"2025-03-01T17:31:00","date_gmt":"2025-03-01T17:31:00","guid":{"rendered":"https:\/\/www.iescarlessalvador.es\/?p=5405"},"modified":"2025-03-01T17:31:03","modified_gmt":"2025-03-01T17:31:03","slug":"oficina-de-informacion-y-orientacion-profesional","status":"publish","type":"post","link":"https:\/\/www.iescarlessalvador.es\/?p=5405&lang=es","title":{"rendered":"Oficina de informaci\u00f3n y orientaci\u00f3n profesional"},"content":{"rendered":"\n<p>El IES Carles Salvador ha puesto en marcha su Oficina de Informaci\u00f3n y Orientaci\u00f3n Profesional, pod\u00e9is visitarla <a href=\"https:\/\/www.iescarlessalvador.es\/?page_id=5390&amp;lang=es\">AQU\u00cd<\/a><\/p>\n\n\n\n<figure class=\"wp-block-embed is-type-wp-embed is-provider-canva wp-block-embed-canva\"><div class=\"wp-block-embed__wrapper\">\n<iframe class=\"wp-embedded-content\" sandbox=\"allow-scripts\" security=\"restricted\" title=\" oficina_informacion_profesional_IES_CARLES_SALVADOR_cll\" src=\"https:\/\/www.canva.com\/design\/DAGggBKcOZo\/yamN0BANWh3I6iKisIGnMA\/view?embed&#038;meta#?secret=DWLo2WxzxF\" data-secret=\"DWLo2WxzxF\" height=\"675\" width=\"1200\"><\/iframe>\n<\/div><\/figure>\n","protected":false},"excerpt":{"rendered":"<p>El IES Carles Salvador ha puesto en marcha su Oficina de Informaci\u00f3n y Orientaci\u00f3n Profesional, pod\u00e9is visitarla AQU\u00cd<\/p>\n","protected":false},"author":1,"featured_media":5388,"comment_status":"closed","ping_status":"closed","sticky":false,"template":"","format":"standard","meta":{"rop_custom_images_group":[],"rop_custom_messages_group":[],"rop_publish_now":"initial","rop_publish_now_accounts":[],"rop_publish_now_history":[],"rop_publish_now_status":"pending","neve_meta_sidebar":"","neve_meta_container":"","neve_meta_enable_content_width":"","neve_meta_content_width":0,"neve_meta_title_alignment":"","neve_meta_author_avatar":"","neve_post_elements_order":"","neve_meta_disable_header":"","neve_meta_disable_footer":"","neve_meta_disable_title":"","footnotes":""},"categories":[34],"tags":[],"class_list":["post-5405","post","type-post","status-publish","format-standard","has-post-thumbnail","hentry","category-noticias"],"_links":{"self":[{"href":"https:\/\/www.iescarlessalvador.es\/index.php?rest_route=\/wp\/v2\/posts\/5405","targetHints":{"allow":["GET"]}}],"collection":[{"href":"https:\/\/www.iescarlessalvador.es\/index.php?rest_route=\/wp\/v2\/posts"}],"about":[{"href":"https:\/\/www.iescarlessalvador.es\/index.php?rest_route=\/wp\/v2\/types\/post"}],"author":[{"embeddable":true,"href":"https:\/\/www.iescarlessalvador.es\/index.php?rest_route=\/wp\/v2\/users\/1"}],"replies":[{"embeddable":true,"href":"https:\/\/www.iescarlessalvador.es\/index.php?rest_route=%2Fwp%2Fv2%2Fcomments&post=5405"}],"version-history":[{"count":1,"href":"https:\/\/www.iescarlessalvador.es\/index.php?rest_route=\/wp\/v2\/posts\/5405\/revisions"}],"predecessor-version":[{"id":5406,"href":"https:\/\/www.iescarlessalvador.es\/index.php?rest_route=\/wp\/v2\/posts\/5405\/revisions\/5406"}],"wp:featuredmedia":[{"embeddable":true,"href":"https:\/\/www.iescarlessalvador.es\/index.php?rest_route=\/wp\/v2\/media\/5388"}],"wp:attachment":[{"href":"https:\/\/www.iescarlessalvador.es\/index.php?rest_route=%2Fwp%2Fv2%2Fmedia&parent=5405"}],"wp:term":[{"taxonomy":"category","embeddable":true,"href":"https:\/\/www.iescarlessalvador.es\/index.php?rest_route=%2Fwp%2Fv2%2Fcategories&post=5405"},{"taxonomy":"post_tag","embeddable":true,"href":"https:\/\/www.iescarlessalvador.es\/index.php?rest_route=%2Fwp%2Fv2%2Ftags&post=5405"}],"curies":[{"name":"wp","href":"https:\/\/api.w.org\/{rel}","templated":true}]}}