{"id":5416,"date":"2025-03-05T17:48:35","date_gmt":"2025-03-05T17:48:35","guid":{"rendered":"https:\/\/www.iescarlessalvador.es\/?p=5416"},"modified":"2025-03-05T17:48:37","modified_gmt":"2025-03-05T17:48:37","slug":"repoblacio-al-rebollar-requena","status":"publish","type":"post","link":"https:\/\/www.iescarlessalvador.es\/?p=5416","title":{"rendered":"Repoblaci\u00f3 Al Rebollar (Requena)"},"content":{"rendered":"\n<p>Al llarg del mat\u00ed del 24 de febrer els embajador@s dels ODS i l&#8217;alumnat de 4t ESO de biologia,\u00a0han realitzat una repoblaci\u00f3 en una zona deforestada de El Rebollar (Requena).<br><\/p>\n\n\n\n<p>Hem plantat 4 esp\u00e8cies distintes: carrasques, freixes, pins i lledoner.<br>L&#8217;alumnat ha gaudit molt d&#8217;esta bonica experi\u00e8ncia, important i necess\u00e0ria per a impedir l&#8217;erosi\u00f3 del s\u00f2l dels nostres boscos i lluitar contra el canvi clim\u00e0tic.<\/p>\n\n\n\n<figure class=\"wp-block-image size-large\"><img fetchpriority=\"high\" decoding=\"async\" width=\"768\" height=\"1024\" src=\"https:\/\/www.iescarlessalvador.es\/wp-content\/uploads\/2025\/03\/1000176940-768x1024.jpg\" alt=\"\" class=\"wp-image-5417\" srcset=\"https:\/\/www.iescarlessalvador.es\/wp-content\/uploads\/2025\/03\/1000176940-768x1024.jpg 768w, https:\/\/www.iescarlessalvador.es\/wp-content\/uploads\/2025\/03\/1000176940-225x300.jpg 225w, https:\/\/www.iescarlessalvador.es\/wp-content\/uploads\/2025\/03\/1000176940-1152x1536.jpg 1152w, https:\/\/www.iescarlessalvador.es\/wp-content\/uploads\/2025\/03\/1000176940-1536x2048.jpg 1536w, https:\/\/www.iescarlessalvador.es\/wp-content\/uploads\/2025\/03\/1000176940-scaled.jpg 1920w\" sizes=\"(max-width: 768px) 100vw, 768px\" \/><\/figure>\n\n\n\n<figure class=\"wp-block-image size-large\"><img decoding=\"async\" width=\"1024\" height=\"768\" src=\"https:\/\/www.iescarlessalvador.es\/wp-content\/uploads\/2025\/03\/1000176946-1024x768.jpg\" alt=\"\" class=\"wp-image-5418\" srcset=\"https:\/\/www.iescarlessalvador.es\/wp-content\/uploads\/2025\/03\/1000176946-1024x768.jpg 1024w, https:\/\/www.iescarlessalvador.es\/wp-content\/uploads\/2025\/03\/1000176946-300x225.jpg 300w, https:\/\/www.iescarlessalvador.es\/wp-content\/uploads\/2025\/03\/1000176946-768x576.jpg 768w, https:\/\/www.iescarlessalvador.es\/wp-content\/uploads\/2025\/03\/1000176946-1536x1152.jpg 1536w, https:\/\/www.iescarlessalvador.es\/wp-content\/uploads\/2025\/03\/1000176946-2048x1536.jpg 2048w\" sizes=\"(max-width: 1024px) 100vw, 1024px\" \/><\/figure>\n\n\n\n<figure class=\"wp-block-image size-large\"><img decoding=\"async\" width=\"768\" height=\"1024\" src=\"https:\/\/www.iescarlessalvador.es\/wp-content\/uploads\/2025\/03\/1000176951-768x1024.jpg\" alt=\"\" class=\"wp-image-5420\" srcset=\"https:\/\/www.iescarlessalvador.es\/wp-content\/uploads\/2025\/03\/1000176951-768x1024.jpg 768w, https:\/\/www.iescarlessalvador.es\/wp-content\/uploads\/2025\/03\/1000176951-225x300.jpg 225w, https:\/\/www.iescarlessalvador.es\/wp-content\/uploads\/2025\/03\/1000176951-1152x1536.jpg 1152w, https:\/\/www.iescarlessalvador.es\/wp-content\/uploads\/2025\/03\/1000176951-1536x2048.jpg 1536w, https:\/\/www.iescarlessalvador.es\/wp-content\/uploads\/2025\/03\/1000176951-scaled.jpg 1920w\" sizes=\"(max-width: 768px) 100vw, 768px\" \/><\/figure>\n","protected":false},"excerpt":{"rendered":"<p>Al llarg del mat\u00ed del 24 de febrer els embajador@s dels ODS i l&#8217;alumnat de 4t ESO de biologia,\u00a0han realitzat una repoblaci\u00f3 en una zona deforestada de El Rebollar (Requena). Hem plantat 4 esp\u00e8cies distintes: carrasques, freixes, pins i lledoner.L&#8217;alumnat ha gaudit molt d&#8217;esta bonica experi\u00e8ncia, important i necess\u00e0ria per a impedir l&#8217;erosi\u00f3 del s\u00f2l&hellip;&nbsp;<a href=\"https:\/\/www.iescarlessalvador.es\/?p=5416\" class=\"\" rel=\"bookmark\">Leer m\u00e1s &raquo;<span class=\"screen-reader-text\">Repoblaci\u00f3 Al Rebollar (Requena)<\/span><\/a><\/p>\n","protected":false},"author":1,"featured_media":5417,"comment_status":"closed","ping_status":"closed","sticky":false,"template":"","format":"standard","meta":{"rop_custom_images_group":[],"rop_custom_messages_group":[],"rop_publish_now":"initial","rop_publish_now_accounts":[],"rop_publish_now_history":[],"rop_publish_now_status":"pending","neve_meta_sidebar":"","neve_meta_container":"","neve_meta_enable_content_width":"","neve_meta_content_width":0,"neve_meta_title_alignment":"","neve_meta_author_avatar":"","neve_post_elements_order":"","neve_meta_disable_header":"","neve_meta_disable_footer":"","neve_meta_disable_title":"","footnotes":""},"categories":[238],"tags":[],"class_list":["post-5416","post","type-post","status-publish","format-standard","has-post-thumbnail","hentry","category-noticies-ca"],"_links":{"self":[{"href":"https:\/\/www.iescarlessalvador.es\/index.php?rest_route=\/wp\/v2\/posts\/5416","targetHints":{"allow":["GET"]}}],"collection":[{"href":"https:\/\/www.iescarlessalvador.es\/index.php?rest_route=\/wp\/v2\/posts"}],"about":[{"href":"https:\/\/www.iescarlessalvador.es\/index.php?rest_route=\/wp\/v2\/types\/post"}],"author":[{"embeddable":true,"href":"https:\/\/www.iescarlessalvador.es\/index.php?rest_route=\/wp\/v2\/users\/1"}],"replies":[{"embeddable":true,"href":"https:\/\/www.iescarlessalvador.es\/index.php?rest_route=%2Fwp%2Fv2%2Fcomments&post=5416"}],"version-history":[{"count":1,"href":"https:\/\/www.iescarlessalvador.es\/index.php?rest_route=\/wp\/v2\/posts\/5416\/revisions"}],"predecessor-version":[{"id":5421,"href":"https:\/\/www.iescarlessalvador.es\/index.php?rest_route=\/wp\/v2\/posts\/5416\/revisions\/5421"}],"wp:featuredmedia":[{"embeddable":true,"href":"https:\/\/www.iescarlessalvador.es\/index.php?rest_route=\/wp\/v2\/media\/5417"}],"wp:attachment":[{"href":"https:\/\/www.iescarlessalvador.es\/index.php?rest_route=%2Fwp%2Fv2%2Fmedia&parent=5416"}],"wp:term":[{"taxonomy":"category","embeddable":true,"href":"https:\/\/www.iescarlessalvador.es\/index.php?rest_route=%2Fwp%2Fv2%2Fcategories&post=5416"},{"taxonomy":"post_tag","embeddable":true,"href":"https:\/\/www.iescarlessalvador.es\/index.php?rest_route=%2Fwp%2Fv2%2Ftags&post=5416"}],"curies":[{"name":"wp","href":"https:\/\/api.w.org\/{rel}","templated":true}]}}