{"id":548,"date":"2020-05-30T06:25:18","date_gmt":"2020-05-30T06:25:18","guid":{"rendered":"http:\/\/www.iescarlessalvador.es\/?p=548"},"modified":"2020-05-30T06:43:52","modified_gmt":"2020-05-30T06:43:52","slug":"admision-curso-2020-21","status":"publish","type":"post","link":"https:\/\/www.iescarlessalvador.es\/?p=548&lang=es","title":{"rendered":"Admisi\u00f3n Curso 2020-21"},"content":{"rendered":"\n<h2 class=\"has-text-align-center wp-block-heading\"><strong>CALENDARIO DE ADMISI\u00d3N<\/strong> ESO Y BACHILLERATO<\/h2>\n\n\n\n<h2 class=\"has-text-align-center wp-block-heading\"><strong>CURSO 2020 &#8211; 21<\/strong><\/h2>\n\n\n\n<p>La Conselleria de Educaci\u00f3n ha hecho p\u00fablicas las fechas del Calendario de Admisi\u00f3n para el curso 2020-21, aunque no ha publicacido en el DOGV todos detalles de dicha solicitud. Cuando se publique lo a\u00f1adiremos en esta p\u00e1gina. La informaci\u00f3n publicada es:<\/p>\n\n\n\n<ul class=\"wp-block-list\"><li>Presentaci\u00f3n de&nbsp;<strong>solicitudes de admisi\u00f3n<\/strong>&nbsp;para ESO y Bachillerato: del&nbsp;<strong>17 al 25 de junio<\/strong>.<\/li><li>Presentaci\u00f3n del&nbsp;<strong>requisito acad\u00e9mico<\/strong>: hasta el&nbsp;<strong>3 de julio.<\/strong><\/li><li>Elaboraci\u00f3n y publicaci\u00f3n de las listas provisionales de admitidos: el&nbsp;<strong>15 de julio<\/strong>.<\/li><li>Publicaci\u00f3n de la&nbsp;<strong>lista definitiva de alumnado admitido:<\/strong>&nbsp;<strong>el 27 de julio<\/strong>.<\/li><li><strong>Matr\u00edcula<\/strong>:&nbsp;<strong>28 &#8211; 31 de julio y 1 &#8211; 2 de septiembre<\/strong><\/li><\/ul>\n\n\n\n<figure><iframe width=\"800\" height=\"400\" src=\"https:\/\/www.youtube.com\/embed\/bJX_iSJ2mXU\" allowfullscreen=\"\"><\/iframe><\/figure>\n\n\n\n<h2 class=\"has-text-align-center wp-block-heading\"><strong><a href=\"https:\/\/www.iescarlessalvador.es\/c\/instrucciones_admision.php\">INSTRUCCIONES PRESENTACI\u00d3N DE SOLICITUD DE ADMISI\u00d3N CURSO 2020-21<\/a><\/strong><\/h2>\n\n\n\n<figure class=\"wp-block-image\"><img decoding=\"async\" src=\"https:\/\/www.iescarlessalvador.es\/imag\/calendari_20-21_imatge.jpg\" alt=\"calendario_20-21\"\/><\/figure>\n\n\n\n<ul class=\"wp-block-list\"><li><a href=\"https:\/\/www.iescarlessalvador.es\/files\/Calendario%20web_CAS.pdf\">Descargar calendario de admisi\u00f3n en formato PDF<\/a><\/li><li><a href=\"https:\/\/www.iescarlessalvador.es\/files\/Publicaci%C3%B3n_TRIPTIC__18-19_cast_def.pdf\">Descargar tr\u00edptico<\/a><\/li><\/ul>\n\n\n\n<p><a href=\"http:\/\/www.ceice.gva.es\/web\/admision-alumnado\">Enlace a la p\u00e1gina web de la Conseller\u00eda de Educaci\u00f3n<\/a><\/p>\n\n\n\n<figure class=\"wp-block-image\"><a href=\"https:\/\/portal.edu.gva.es\/telematricula\/\"><img decoding=\"async\" src=\"https:\/\/www.iescarlessalvador.es\/files\/telematricula.png\" alt=\"telematr\u00edcula\"\/><\/a><\/figure>\n","protected":false},"excerpt":{"rendered":"<p>CALENDARIO DE ADMISI\u00d3N ESO Y BACHILLERATO CURSO 2020 &#8211; 21 La Conselleria de Educaci\u00f3n ha hecho p\u00fablicas las fechas del Calendario de Admisi\u00f3n para el curso 2020-21, aunque no ha publicacido en el DOGV todos detalles de dicha solicitud. Cuando se publique lo a\u00f1adiremos en esta p\u00e1gina. La informaci\u00f3n publicada es: Presentaci\u00f3n de&nbsp;solicitudes de admisi\u00f3n&nbsp;para&hellip;&nbsp;<a href=\"https:\/\/www.iescarlessalvador.es\/?p=548&#038;lang=es\" class=\"\" rel=\"bookmark\">Leer m\u00e1s &raquo;<span class=\"screen-reader-text\">Admisi\u00f3n Curso 2020-21<\/span><\/a><\/p>\n","protected":false},"author":1,"featured_media":513,"comment_status":"open","ping_status":"open","sticky":false,"template":"","format":"standard","meta":{"rop_custom_images_group":[],"rop_custom_messages_group":[],"rop_publish_now":"initial","rop_publish_now_accounts":[],"rop_publish_now_history":[],"rop_publish_now_status":"pending","neve_meta_sidebar":"","neve_meta_container":"","neve_meta_enable_content_width":"off","neve_meta_content_width":0,"neve_meta_title_alignment":"","neve_meta_author_avatar":"","neve_post_elements_order":"","neve_meta_disable_header":"","neve_meta_disable_footer":"","neve_meta_disable_title":"","footnotes":""},"categories":[34],"tags":[],"class_list":["post-548","post","type-post","status-publish","format-standard","has-post-thumbnail","hentry","category-noticias"],"_links":{"self":[{"href":"https:\/\/www.iescarlessalvador.es\/index.php?rest_route=\/wp\/v2\/posts\/548","targetHints":{"allow":["GET"]}}],"collection":[{"href":"https:\/\/www.iescarlessalvador.es\/index.php?rest_route=\/wp\/v2\/posts"}],"about":[{"href":"https:\/\/www.iescarlessalvador.es\/index.php?rest_route=\/wp\/v2\/types\/post"}],"author":[{"embeddable":true,"href":"https:\/\/www.iescarlessalvador.es\/index.php?rest_route=\/wp\/v2\/users\/1"}],"replies":[{"embeddable":true,"href":"https:\/\/www.iescarlessalvador.es\/index.php?rest_route=%2Fwp%2Fv2%2Fcomments&post=548"}],"version-history":[{"count":3,"href":"https:\/\/www.iescarlessalvador.es\/index.php?rest_route=\/wp\/v2\/posts\/548\/revisions"}],"predecessor-version":[{"id":551,"href":"https:\/\/www.iescarlessalvador.es\/index.php?rest_route=\/wp\/v2\/posts\/548\/revisions\/551"}],"wp:featuredmedia":[{"embeddable":true,"href":"https:\/\/www.iescarlessalvador.es\/index.php?rest_route=\/wp\/v2\/media\/513"}],"wp:attachment":[{"href":"https:\/\/www.iescarlessalvador.es\/index.php?rest_route=%2Fwp%2Fv2%2Fmedia&parent=548"}],"wp:term":[{"taxonomy":"category","embeddable":true,"href":"https:\/\/www.iescarlessalvador.es\/index.php?rest_route=%2Fwp%2Fv2%2Fcategories&post=548"},{"taxonomy":"post_tag","embeddable":true,"href":"https:\/\/www.iescarlessalvador.es\/index.php?rest_route=%2Fwp%2Fv2%2Ftags&post=548"}],"curies":[{"name":"wp","href":"https:\/\/api.w.org\/{rel}","templated":true}]}}