{"id":5508,"date":"2025-03-25T13:55:24","date_gmt":"2025-03-25T13:55:24","guid":{"rendered":"https:\/\/www.iescarlessalvador.es\/?p=5508"},"modified":"2025-03-25T13:55:56","modified_gmt":"2025-03-25T13:55:56","slug":"la-dona-de-la-meua-vida","status":"publish","type":"post","link":"https:\/\/www.iescarlessalvador.es\/?p=5508","title":{"rendered":"\u00abLa dona de la meua vida\u00bb"},"content":{"rendered":"\n<p>L&#8217;alumnat de l&#8217;IES Carles Salvador ha realitzat el projecte: \u00abLA DONA DE LA MEUA VIDA\u00bb. <\/p>\n\n\n\n<figure class=\"wp-block-image size-large\"><img fetchpriority=\"high\" decoding=\"async\" width=\"1024\" height=\"768\" src=\"https:\/\/www.iescarlessalvador.es\/wp-content\/uploads\/2025\/03\/PHOTO-2025-03-25-12-08-04-1024x768.jpg\" alt=\"\" class=\"wp-image-5510\" srcset=\"https:\/\/www.iescarlessalvador.es\/wp-content\/uploads\/2025\/03\/PHOTO-2025-03-25-12-08-04-1024x768.jpg 1024w, https:\/\/www.iescarlessalvador.es\/wp-content\/uploads\/2025\/03\/PHOTO-2025-03-25-12-08-04-300x225.jpg 300w, https:\/\/www.iescarlessalvador.es\/wp-content\/uploads\/2025\/03\/PHOTO-2025-03-25-12-08-04-768x576.jpg 768w, https:\/\/www.iescarlessalvador.es\/wp-content\/uploads\/2025\/03\/PHOTO-2025-03-25-12-08-04-1536x1152.jpg 1536w, https:\/\/www.iescarlessalvador.es\/wp-content\/uploads\/2025\/03\/PHOTO-2025-03-25-12-08-04.jpg 1600w\" sizes=\"(max-width: 1024px) 100vw, 1024px\" \/><\/figure>\n\n\n\n<p>S&#8217;ha emplenat un mural amb les fitxes treballades a les tutories per recon\u00e9ixer les dones que m\u00e9s admiren en la seua vida. Tot a\u00e7\u00f2 per a celebrar el 8M, dia de la dona.<\/p>\n\n\n\n<figure class=\"wp-block-image size-large\"><img decoding=\"async\" width=\"1024\" height=\"768\" src=\"https:\/\/www.iescarlessalvador.es\/wp-content\/uploads\/2025\/03\/PHOTO-2025-03-21-11-03-23-1024x768.jpg\" alt=\"\" class=\"wp-image-5509\" srcset=\"https:\/\/www.iescarlessalvador.es\/wp-content\/uploads\/2025\/03\/PHOTO-2025-03-21-11-03-23-1024x768.jpg 1024w, https:\/\/www.iescarlessalvador.es\/wp-content\/uploads\/2025\/03\/PHOTO-2025-03-21-11-03-23-300x225.jpg 300w, https:\/\/www.iescarlessalvador.es\/wp-content\/uploads\/2025\/03\/PHOTO-2025-03-21-11-03-23-768x576.jpg 768w, https:\/\/www.iescarlessalvador.es\/wp-content\/uploads\/2025\/03\/PHOTO-2025-03-21-11-03-23-1536x1152.jpg 1536w, https:\/\/www.iescarlessalvador.es\/wp-content\/uploads\/2025\/03\/PHOTO-2025-03-21-11-03-23.jpg 1600w\" sizes=\"(max-width: 1024px) 100vw, 1024px\" \/><\/figure>\n","protected":false},"excerpt":{"rendered":"<p>L&#8217;alumnat de l&#8217;IES Carles Salvador ha realitzat el projecte: \u00abLA DONA DE LA MEUA VIDA\u00bb. S&#8217;ha emplenat un mural amb les fitxes treballades a les tutories per recon\u00e9ixer les dones que m\u00e9s admiren en la seua vida. Tot a\u00e7\u00f2 per a celebrar el 8M, dia de la dona.<\/p>\n","protected":false},"author":1,"featured_media":5510,"comment_status":"closed","ping_status":"closed","sticky":false,"template":"","format":"standard","meta":{"rop_custom_images_group":[],"rop_custom_messages_group":[],"rop_publish_now":"initial","rop_publish_now_accounts":[],"rop_publish_now_history":[],"rop_publish_now_status":"pending","neve_meta_sidebar":"","neve_meta_container":"","neve_meta_enable_content_width":"","neve_meta_content_width":0,"neve_meta_title_alignment":"","neve_meta_author_avatar":"","neve_post_elements_order":"","neve_meta_disable_header":"","neve_meta_disable_footer":"","neve_meta_disable_title":"","footnotes":""},"categories":[238,13],"tags":[],"class_list":["post-5508","post","type-post","status-publish","format-standard","has-post-thumbnail","hentry","category-noticies-ca","category-sin-categoria-ca"],"_links":{"self":[{"href":"https:\/\/www.iescarlessalvador.es\/index.php?rest_route=\/wp\/v2\/posts\/5508","targetHints":{"allow":["GET"]}}],"collection":[{"href":"https:\/\/www.iescarlessalvador.es\/index.php?rest_route=\/wp\/v2\/posts"}],"about":[{"href":"https:\/\/www.iescarlessalvador.es\/index.php?rest_route=\/wp\/v2\/types\/post"}],"author":[{"embeddable":true,"href":"https:\/\/www.iescarlessalvador.es\/index.php?rest_route=\/wp\/v2\/users\/1"}],"replies":[{"embeddable":true,"href":"https:\/\/www.iescarlessalvador.es\/index.php?rest_route=%2Fwp%2Fv2%2Fcomments&post=5508"}],"version-history":[{"count":1,"href":"https:\/\/www.iescarlessalvador.es\/index.php?rest_route=\/wp\/v2\/posts\/5508\/revisions"}],"predecessor-version":[{"id":5511,"href":"https:\/\/www.iescarlessalvador.es\/index.php?rest_route=\/wp\/v2\/posts\/5508\/revisions\/5511"}],"wp:featuredmedia":[{"embeddable":true,"href":"https:\/\/www.iescarlessalvador.es\/index.php?rest_route=\/wp\/v2\/media\/5510"}],"wp:attachment":[{"href":"https:\/\/www.iescarlessalvador.es\/index.php?rest_route=%2Fwp%2Fv2%2Fmedia&parent=5508"}],"wp:term":[{"taxonomy":"category","embeddable":true,"href":"https:\/\/www.iescarlessalvador.es\/index.php?rest_route=%2Fwp%2Fv2%2Fcategories&post=5508"},{"taxonomy":"post_tag","embeddable":true,"href":"https:\/\/www.iescarlessalvador.es\/index.php?rest_route=%2Fwp%2Fv2%2Ftags&post=5508"}],"curies":[{"name":"wp","href":"https:\/\/api.w.org\/{rel}","templated":true}]}}