{"id":5512,"date":"2025-03-25T13:58:03","date_gmt":"2025-03-25T13:58:03","guid":{"rendered":"https:\/\/www.iescarlessalvador.es\/?p=5512"},"modified":"2025-03-25T13:58:30","modified_gmt":"2025-03-25T13:58:30","slug":"la-mujer-de-mi-vida","status":"publish","type":"post","link":"https:\/\/www.iescarlessalvador.es\/?p=5512&lang=es","title":{"rendered":"La mujer de mi vida"},"content":{"rendered":"\n<p>El alumnado del IES Carles Salvador ha realizado el proyecto: \u00abLA MUJER DE MI VIDA\u00bb.<\/p>\n\n\n\n<figure class=\"wp-block-image size-large\"><img fetchpriority=\"high\" decoding=\"async\" width=\"1024\" height=\"768\" src=\"https:\/\/www.iescarlessalvador.es\/wp-content\/uploads\/2025\/03\/PHOTO-2025-03-25-12-08-04-1024x768.jpg\" alt=\"\" class=\"wp-image-5510\" srcset=\"https:\/\/www.iescarlessalvador.es\/wp-content\/uploads\/2025\/03\/PHOTO-2025-03-25-12-08-04-1024x768.jpg 1024w, https:\/\/www.iescarlessalvador.es\/wp-content\/uploads\/2025\/03\/PHOTO-2025-03-25-12-08-04-300x225.jpg 300w, https:\/\/www.iescarlessalvador.es\/wp-content\/uploads\/2025\/03\/PHOTO-2025-03-25-12-08-04-768x576.jpg 768w, https:\/\/www.iescarlessalvador.es\/wp-content\/uploads\/2025\/03\/PHOTO-2025-03-25-12-08-04-1536x1152.jpg 1536w, https:\/\/www.iescarlessalvador.es\/wp-content\/uploads\/2025\/03\/PHOTO-2025-03-25-12-08-04.jpg 1600w\" sizes=\"(max-width: 1024px) 100vw, 1024px\" \/><\/figure>\n\n\n\n<p>Se ha elaborado un mural con las fichas que hab\u00edan trabajado en las diferentes tutor\u00edas para reconocer a las mujeres que m\u00e1s admiran en su vida. Todo esto como celebraci\u00f3n del 8M d\u00eda de la mujer.<\/p>\n\n\n\n<figure class=\"wp-block-image size-large\"><img decoding=\"async\" width=\"1024\" height=\"768\" src=\"https:\/\/www.iescarlessalvador.es\/wp-content\/uploads\/2025\/03\/PHOTO-2025-03-21-11-03-23-1024x768.jpg\" alt=\"\" class=\"wp-image-5509\" srcset=\"https:\/\/www.iescarlessalvador.es\/wp-content\/uploads\/2025\/03\/PHOTO-2025-03-21-11-03-23-1024x768.jpg 1024w, https:\/\/www.iescarlessalvador.es\/wp-content\/uploads\/2025\/03\/PHOTO-2025-03-21-11-03-23-300x225.jpg 300w, https:\/\/www.iescarlessalvador.es\/wp-content\/uploads\/2025\/03\/PHOTO-2025-03-21-11-03-23-768x576.jpg 768w, https:\/\/www.iescarlessalvador.es\/wp-content\/uploads\/2025\/03\/PHOTO-2025-03-21-11-03-23-1536x1152.jpg 1536w, https:\/\/www.iescarlessalvador.es\/wp-content\/uploads\/2025\/03\/PHOTO-2025-03-21-11-03-23.jpg 1600w\" sizes=\"(max-width: 1024px) 100vw, 1024px\" \/><\/figure>\n","protected":false},"excerpt":{"rendered":"<p>El alumnado del IES Carles Salvador ha realizado el proyecto: \u00abLA MUJER DE MI VIDA\u00bb. Se ha elaborado un mural con las fichas que hab\u00edan trabajado en las diferentes tutor\u00edas para reconocer a las mujeres que m\u00e1s admiran en su vida. Todo esto como celebraci\u00f3n del 8M d\u00eda de la mujer.<\/p>\n","protected":false},"author":1,"featured_media":5510,"comment_status":"closed","ping_status":"closed","sticky":false,"template":"","format":"standard","meta":{"rop_custom_images_group":[],"rop_custom_messages_group":[],"rop_publish_now":"initial","rop_publish_now_accounts":[],"rop_publish_now_history":[],"rop_publish_now_status":"pending","neve_meta_sidebar":"","neve_meta_container":"","neve_meta_enable_content_width":"","neve_meta_content_width":0,"neve_meta_title_alignment":"","neve_meta_author_avatar":"","neve_post_elements_order":"","neve_meta_disable_header":"","neve_meta_disable_footer":"","neve_meta_disable_title":"","footnotes":""},"categories":[34,1],"tags":[],"class_list":["post-5512","post","type-post","status-publish","format-standard","has-post-thumbnail","hentry","category-noticias","category-sin-categoria"],"_links":{"self":[{"href":"https:\/\/www.iescarlessalvador.es\/index.php?rest_route=\/wp\/v2\/posts\/5512","targetHints":{"allow":["GET"]}}],"collection":[{"href":"https:\/\/www.iescarlessalvador.es\/index.php?rest_route=\/wp\/v2\/posts"}],"about":[{"href":"https:\/\/www.iescarlessalvador.es\/index.php?rest_route=\/wp\/v2\/types\/post"}],"author":[{"embeddable":true,"href":"https:\/\/www.iescarlessalvador.es\/index.php?rest_route=\/wp\/v2\/users\/1"}],"replies":[{"embeddable":true,"href":"https:\/\/www.iescarlessalvador.es\/index.php?rest_route=%2Fwp%2Fv2%2Fcomments&post=5512"}],"version-history":[{"count":1,"href":"https:\/\/www.iescarlessalvador.es\/index.php?rest_route=\/wp\/v2\/posts\/5512\/revisions"}],"predecessor-version":[{"id":5513,"href":"https:\/\/www.iescarlessalvador.es\/index.php?rest_route=\/wp\/v2\/posts\/5512\/revisions\/5513"}],"wp:featuredmedia":[{"embeddable":true,"href":"https:\/\/www.iescarlessalvador.es\/index.php?rest_route=\/wp\/v2\/media\/5510"}],"wp:attachment":[{"href":"https:\/\/www.iescarlessalvador.es\/index.php?rest_route=%2Fwp%2Fv2%2Fmedia&parent=5512"}],"wp:term":[{"taxonomy":"category","embeddable":true,"href":"https:\/\/www.iescarlessalvador.es\/index.php?rest_route=%2Fwp%2Fv2%2Fcategories&post=5512"},{"taxonomy":"post_tag","embeddable":true,"href":"https:\/\/www.iescarlessalvador.es\/index.php?rest_route=%2Fwp%2Fv2%2Ftags&post=5512"}],"curies":[{"name":"wp","href":"https:\/\/api.w.org\/{rel}","templated":true}]}}