{"id":556,"date":"2020-05-30T07:19:59","date_gmt":"2020-05-30T07:19:59","guid":{"rendered":"http:\/\/www.iescarlessalvador.es\/?p=556"},"modified":"2022-04-05T15:50:19","modified_gmt":"2022-04-05T15:50:19","slug":"instrucciones-solicitud-admision","status":"publish","type":"post","link":"https:\/\/www.iescarlessalvador.es\/?p=556&lang=es","title":{"rendered":"INSTRUCCIONES SOLICITUD ADMISI\u00d3N 2022-23"},"content":{"rendered":"\n<p class=\"has-text-align-center\"><strong><u>PROCESO DE ADMISI\u00d3N ALUMNADO CURSO 2022-2023<\/u><\/strong><\/p>\n\n\n\n<p class=\"has-text-align-center\"><strong><u>ESO\/BACHILLERATO<\/u><\/strong><\/p>\n\n\n\n<p><strong>PLAZO DE PRESENTACI\u00d3N DE SOLICITUDES E INSTRUCCIONES DEL PROCESO.<\/strong><\/p>\n\n\n\n<p class=\"has-text-align-left\"><strong><u>DEL 26 DE MAYO AL 3 DE JUNIO DE 2022<\/u><\/strong><\/p>\n\n\n\n<p><strong><u>IMPORTANTE<\/u><\/strong><strong>: Seg\u00fan Resoluci\u00f3n de 28 marzo de 2022 del Director General de Centros Docentes, publicada en el DOGV n\u00ba 9308 el 29 de Marzo de 2022, por la que se dictan instrucciones respecto al procedimiento de admisi\u00f3n del alumnado para el curso que viene, importante tener en cuenta:<\/strong><\/p>\n\n\n\n<p><strong>-PARTICIPACI\u00d3N PROCESO: <\/strong>exclusivamente <strong>telem\u00e1tico<\/strong> en los plazos que se han establecido en el calendario de admisi\u00f3n, arriba indicados.<\/p>\n\n\n\n<p><strong>&#8211;<\/strong>A trav\u00e9s de la<strong> APLICACI\u00d3N INFORM\u00c1TICA de la Conselleria de Educaci\u00f3n, Cultura y Deporte,&nbsp; <\/strong>para grabar la solicitud por medio de un asistente telem\u00e1tico. Los pasos a seguir son los siguientes:<\/p>\n\n\n\n<p><strong>&nbsp;&nbsp;&nbsp;&nbsp;&nbsp;&nbsp;&nbsp;&nbsp; &#8211;&nbsp;&nbsp; Entrar en la p\u00e1gina web: <a href=\"http:\/www.telematricula.es\">http:\/www.telematricula.es<\/a><\/strong><\/p>\n\n\n\n<p><strong>&#8211; Necesario obtener la \u201cCLAVE DE ADMISI\u00d3N\u201d <\/strong>que es \u00fanica para cada solicitud, y deber\u00e1 conservarla para presentar reclamaciones, si fuera necesario.<\/p>\n\n\n\n<p><strong>-\u00bfC\u00d3MO SE OBTIENE LA&nbsp; CLAVE DE ADMISI\u00d3N?<\/strong><\/p>\n\n\n\n<p>&nbsp;Si el solicitante dispone de:<\/p>\n\n\n\n<p><strong>1) DNI:<\/strong><\/p>\n\n\n\n<p><strong>&nbsp;&nbsp;&nbsp;&nbsp;&nbsp;&nbsp;&nbsp;&nbsp; <\/strong>-N\u00ba DNI<\/p>\n\n\n\n<p>         -N\u00ba de soporte (IDESP en los modelos antiguos)<\/p>\n\n\n\n<p>         -Fecha de nacimiento<\/p>\n\n\n\n<p><strong>2) NIE, tarjeta extranjero o permiso de residencia:<\/strong><\/p>\n\n\n\n<p><strong>&nbsp;&nbsp;&nbsp;&nbsp;&nbsp;&nbsp;&nbsp;&nbsp; <\/strong>-N\u00ba NIE<\/p>\n\n\n\n<p>         -N\u00ba de soporte (IXESP en los modelos antiguos)<\/p>\n\n\n\n<p>         -Fecha de nacimiento<\/p>\n\n\n\n<p><strong>3) Certificado de registro ciudadano de la Uni\u00f3n Europea:<\/strong><\/p>\n\n\n\n<p><strong>&nbsp;&nbsp;&nbsp;&nbsp;&nbsp;&nbsp;&nbsp;&nbsp; <\/strong>-N\u00ba NIE<\/p>\n\n\n\n<p>        -N\u00ba del certificado precedido por la letra C<\/p>\n\n\n\n<p>         -Fecha de nacimiento<\/p>\n\n\n\n<p><strong>4) Cualquier otro medio electr\u00f3nico de verificaci\u00f3n de identidad seg\u00fan disposici\u00f3n adicional tercera de la Ley 3\/2020 de 30 de diciembre de la GVA:<\/strong><\/p>\n\n\n\n<p><strong>&nbsp;&nbsp;&nbsp;&nbsp;&nbsp;&nbsp;&nbsp;&nbsp; <\/strong>-Certificado digital emitido por la AACCV (Agencia de Tecnolog\u00eda y Certificaci\u00f3n Electr\u00f3nica Digital)<\/p>\n\n\n\n<p>&nbsp;&nbsp;&nbsp;&nbsp;&nbsp;&nbsp;&nbsp;&nbsp; -Sistema de identidad electr\u00f3nica Cl@ve.<\/p>\n\n\n\n<p>&nbsp;&nbsp;&nbsp;&nbsp;&nbsp;&nbsp;&nbsp;&nbsp; -eDNI con su respectivo lector<\/p>\n\n\n\n<p>         -Combinaci\u00f3n del DNI e IDESP o n\u00famero de apoyo, junto con la aceptaci\u00f3n de comprobaci\u00f3n ante el Ministerio del Interior.<\/p>\n\n\n\n<p>         -Combinaci\u00f3n del NIE e IXESP, junto con la aceptaci\u00f3n de comprobaci\u00f3n ante el Ministerio del Interior.<br>&nbsp;&nbsp;&nbsp;&nbsp;&nbsp;&nbsp;&nbsp;&nbsp; -N\u00famero de certificado de registro de ciudadan\u00eda de la Uni\u00f3n Europea, precedido por la letra C, junto con la aceptaci\u00f3n de comprobaci\u00f3n ante el Ministerio del Interior<strong>.<\/strong><\/p>\n\n\n\n<p><strong>5) Solicitante con <u>Pasaporte <\/u>o solicitante que <u>carezca de la posibilidad de acceso a medios electr\u00f3nicos<\/u>, <\/strong>deber\u00e1n llamar al tel\u00e9fono de nuestro centro&nbsp; 96 120 59 90, se le atender\u00e1 telef\u00f3nicamente, se le dar\u00e1 cita previa para que acuda presencialmente el d\u00eda y hora indicados para realizar la gesti\u00f3n, siempre que las condiciones sanitarias lo permitan y con todas las medidas sanitarias y de seguridad, necesarias frente a la Covid-19.<\/p>\n\n\n\n<p><strong>Una vez obtenida la clave de admisi\u00f3n, se proceder\u00e1 a rellenar el MODELO DE LA SOLICITUD:<\/strong><\/p>\n\n\n\n<p><strong>&nbsp;&nbsp;&nbsp;&nbsp;&nbsp;&nbsp;&nbsp;&nbsp; <\/strong>a) Identificaci\u00f3n del\/ la&nbsp; solicitante<\/p>\n\n\n\n<p>&nbsp;&nbsp;&nbsp;&nbsp;&nbsp;&nbsp;&nbsp;&nbsp; b) Identificaci\u00f3n alumno\/a para el que solicita la plaza<\/p>\n\n\n\n<p>&nbsp;&nbsp;&nbsp;&nbsp;&nbsp;&nbsp;&nbsp;&nbsp; c) Identificaci\u00f3n miembros de la unidad familiar<\/p>\n\n\n\n<p>&nbsp;&nbsp;&nbsp;&nbsp;&nbsp;&nbsp;&nbsp;&nbsp; d) No convivencia de los progenitores por separaci\u00f3n, divorcio, nulidad, ruptura parejas de hecho o situaci\u00f3n an\u00e1loga, limitaci\u00f3n de lapatria potestad por alguno de ellos.<strong> MARCAR LA CASILLA\/S HABILITADAS AL EFECTO. <em>(<\/em><\/strong><em>En el momento de formalizar la matricula se deber\u00e1 de aportar la firma y consignar los datos de los padres.)<\/em><\/p>\n\n\n\n<p><strong>e) AUTORIZACI\u00d3N <\/strong>para obtener los datos de la<strong> RENTA FAMILIAR&nbsp; <\/strong>del ejercicio 2019<strong> a trav\u00e9s de la AEAT. (<\/strong>Agencia Estatal Tributaria)<strong>, o de la renta valenciana de inclusi\u00f3n.<\/strong><\/p>\n\n\n\n<p>Ser\u00e1 necesario aportar para cada uno de los miembros de la unidad familiar mayores de 16 a\u00f1os, sobre los que se realiza la consulta:<\/p>\n\n\n\n<p><strong>&nbsp;&nbsp;&nbsp;&nbsp;&nbsp;&nbsp;&nbsp;&nbsp; e.1) Si dispone de DNI&nbsp;&nbsp;&nbsp;&nbsp;&nbsp;&nbsp;&nbsp;&nbsp;&nbsp;<\/strong><\/p>\n\n\n\n<p>              -N\u00ba DNI<\/p>\n\n\n\n<p>                -N\u00ba de soporte (IDESP en los modelos antiguos)<\/p>\n\n\n\n<p>                -Fecha de nacimiento\u00a0\u00a0\u00a0<\/p>\n\n\n\n<p>         <strong>e.2) NIE, tarjeta extranjero o permiso de residencia:<\/strong><\/p>\n\n\n\n<p>                -N\u00ba NIE<\/p>\n\n\n\n<p>                -N\u00ba de soporte (IXESP en los modelos antiguos)<\/p>\n\n\n\n<p>                -Fecha de nacimiento<\/p>\n\n\n\n<p>         <strong>e.3) Certificado de registro ciudadano de la Uni\u00f3n Europea:<\/strong><\/p>\n\n\n\n<p>                -N\u00ba NIE<\/p>\n\n\n\n<p>                -N\u00ba del certificado precedido por la letra C<\/p>\n\n\n\n<p>                -Fecha de nacimiento<\/p>\n\n\n\n<p><strong>f) Circunstancias alegadas por la persona solicitante para el proceso de admisi\u00f3n.<\/strong><\/p>\n\n\n\n<p><strong>g) Nivel educativo solicitado, programa ling\u00fc\u00edstico, modalidad y turno de bachillerato, si es el caso.<\/strong><\/p>\n\n\n\n<p><strong>h) Declaraci\u00f3n Responsable, de que las circunstancias alegadas se ajustan a la realidad (<\/strong>sustituye a la aportaci\u00f3n de la documentaci\u00f3n acreditativa en el momento de la solicitud, <em>sin perjuicio de su posterior acreditaci\u00f3n y comprobaci\u00f3n. La falsedad de los datos declarados o no suficiente acreditaci\u00f3n dar\u00e1 lugar a la nulidad de la solicitud<\/em>, escolariz\u00e1ndose al alumno\/a en los centros que queden puestos vacantes, finalizado el proceso de admisi\u00f3n.)<\/p>\n\n\n\n<p><strong>i) Alumnado procedente de centros no p\u00fablicos o fuera de la Comunitat Valenciana, <\/strong>deber\u00e1n aportar la BAJA del centro, en el momento de formalizar la MATR\u00cdCULA.<\/p>\n\n\n\n<p><strong>j) CENTROS SOLICITADOS: <\/strong>Hasta un m\u00e1ximo de 10, ordenados&nbsp; seg\u00fan preferencia.<\/p>\n\n\n\n<p><strong>k) CORREO ELECTR\u00d3NICO, importante <\/strong>donde recibir\u00e1 la informaci\u00f3n necesaria para consultar el resultado del proceso de admisi\u00f3n.<\/p>\n\n\n\n<p><strong>*S\u00d3LO PODR\u00c1 PRESENTARSE ELECTR\u00d3NICAMENTE UNA \u00daNICA SOLICITUD PARA ALUMNO\/A ASOCIADA A LA CLAVE DE ADMISI\u00d3N. (<\/strong>Podr\u00e1 ser rellenada en m\u00e1s de una ocasi\u00f3n durante el periodo que est\u00e9 operativa la aplicaci\u00f3n, y s\u00e9 tendr\u00e1 en cuenta solo, la \u00faltima solicitud presentada electr\u00f3nicamente<strong>.)<\/strong><\/p>\n\n\n\n<p><\/p>\n\n\n\n<p class=\"has-text-align-center\"><strong><u>APORTACI\u00d3N REQUISITO ACAD\u00c9MICO<\/u><\/strong><\/p>\n\n\n\n<p><strong>ESO: <\/strong><span><u style=\"font-weight: bold;\">Hasta el 21 de junio<\/u><\/span><\/p>\n\n\n\n<p><strong>BACHILLERATO: <\/strong><span><u style=\"font-weight: bold;\">Hasta el 4 de julio<\/u><\/span> <\/p>\n\n\n\n<p><strong><em><u>Presencialmente<\/u><\/em><\/strong><\/p>\n\n\n\n<p><strong>Solo para alumnado:<\/strong><\/p>\n\n\n\n<ul class=\"wp-block-list\"><li>No matriculado en 2020-2021 en centro sostenidos con fondos p\u00fablicos de la Comunitat Valenciana.<\/li><li>Que solicita plaza para segundo de bachillerato (Nota referencia utilizada para acceso inicial al primer curso, es decir NOTA MEDIA DE LA ESO).<\/li><li>Que solicita plaza para primero de bachillerato y que durante el curso 2020-2021 no ha finalizado ciclo de FP Medio o no ha estado matriculado en 4\u00ba de la ESO.<\/li><\/ul>\n\n\n\n<p><strong><em><u>Telem\u00e1ticamente<\/u><\/em><\/strong><\/p>\n\n\n\n<ul class=\"wp-block-list\"><li>El resto de alumnado el env\u00edo se realizar\u00e1 telem\u00e1ticamente a trav\u00e9s de la plataforma ITACA, utilizada por los centros educativos p\u00fablicos o concertados sostenidos con fondos p\u00fablicos.<\/li><\/ul>\n\n\n\n<p><\/p>\n\n\n\n<p class=\"has-text-align-left\"><strong><u>FORMALIZACI\u00d3N MATRICULA<\/u><\/strong><\/p>\n\n\n\n<p class=\"has-text-align-left\"><strong>Alumnado admitido en listas definitivas en el proceso de admisi\u00f3n.<\/strong><\/p>\n\n\n\n<ul class=\"wp-block-list\"><li>Realizar\u00e1 la inscripci\u00f3n de la ficha de la matricula a trav\u00e9s de nuestra p\u00e1gina web<\/li><\/ul>\n\n\n\n<p>&nbsp;&nbsp;&nbsp;&nbsp;&nbsp;&nbsp;&nbsp;&nbsp;&nbsp;&nbsp;&nbsp;&nbsp;&nbsp;&nbsp;&nbsp; <a href=\"https:\/\/www.iescarlessalvador.es\">www.iescarlessalvador.es<\/a>:&nbsp;<\/p>\n\n\n\n<p>&nbsp;&nbsp;&nbsp;&nbsp;&nbsp;&nbsp;&nbsp;&nbsp;&nbsp;&nbsp;&nbsp;&nbsp;&nbsp;&nbsp;&nbsp; Apartado Secretaria-Matriculaci\u00f3n (rellenar curso) <\/p>\n\n\n\n<ul class=\"wp-block-list\"><li>Se aportar\u00e1 la documentaci\u00f3n necesaria, presencialmente en administraci\u00f3n del centro, con cita previa.<\/li><\/ul>\n\n\n\n<p><\/p>\n\n\n\n<p><a href=\"https:\/\/www.iescarlessalvador.es\/wp-content\/uploads\/2021\/05\/Publicacion_TRIPTIC__18-19_cast_def.pdf\">Descargar tr\u00edptico<\/a><\/p>\n\n\n\n<p><a href=\"http:\/\/www.ceice.gva.es\/web\/admision-alumnado\">Enlace a la p\u00e1gina web de la Conseller\u00eda de Educaci\u00f3n<\/a><\/p>\n","protected":false},"excerpt":{"rendered":"<p>PROCESO DE ADMISI\u00d3N ALUMNADO CURSO 2022-2023 ESO\/BACHILLERATO PLAZO DE PRESENTACI\u00d3N DE SOLICITUDES E INSTRUCCIONES DEL PROCESO. DEL 26 DE MAYO AL 3 DE JUNIO DE 2022 IMPORTANTE: Seg\u00fan Resoluci\u00f3n de 28 marzo de 2022 del Director General de Centros Docentes, publicada en el DOGV n\u00ba 9308 el 29 de Marzo de 2022, por la que&hellip;&nbsp;<a href=\"https:\/\/www.iescarlessalvador.es\/?p=556&#038;lang=es\" class=\"\" rel=\"bookmark\">Leer m\u00e1s &raquo;<span class=\"screen-reader-text\">INSTRUCCIONES SOLICITUD ADMISI\u00d3N 2022-23<\/span><\/a><\/p>\n","protected":false},"author":1,"featured_media":552,"comment_status":"open","ping_status":"open","sticky":false,"template":"","format":"standard","meta":{"rop_custom_images_group":[],"rop_custom_messages_group":[],"rop_publish_now":"initial","rop_publish_now_accounts":[],"rop_publish_now_history":[],"rop_publish_now_status":"pending","neve_meta_sidebar":"","neve_meta_container":"","neve_meta_enable_content_width":"off","neve_meta_content_width":0,"neve_meta_title_alignment":"","neve_meta_author_avatar":"","neve_post_elements_order":"","neve_meta_disable_header":"","neve_meta_disable_footer":"","neve_meta_disable_title":"","footnotes":""},"categories":[1],"tags":[],"class_list":["post-556","post","type-post","status-publish","format-standard","has-post-thumbnail","hentry","category-sin-categoria"],"_links":{"self":[{"href":"https:\/\/www.iescarlessalvador.es\/index.php?rest_route=\/wp\/v2\/posts\/556","targetHints":{"allow":["GET"]}}],"collection":[{"href":"https:\/\/www.iescarlessalvador.es\/index.php?rest_route=\/wp\/v2\/posts"}],"about":[{"href":"https:\/\/www.iescarlessalvador.es\/index.php?rest_route=\/wp\/v2\/types\/post"}],"author":[{"embeddable":true,"href":"https:\/\/www.iescarlessalvador.es\/index.php?rest_route=\/wp\/v2\/users\/1"}],"replies":[{"embeddable":true,"href":"https:\/\/www.iescarlessalvador.es\/index.php?rest_route=%2Fwp%2Fv2%2Fcomments&post=556"}],"version-history":[{"count":11,"href":"https:\/\/www.iescarlessalvador.es\/index.php?rest_route=\/wp\/v2\/posts\/556\/revisions"}],"predecessor-version":[{"id":2706,"href":"https:\/\/www.iescarlessalvador.es\/index.php?rest_route=\/wp\/v2\/posts\/556\/revisions\/2706"}],"wp:featuredmedia":[{"embeddable":true,"href":"https:\/\/www.iescarlessalvador.es\/index.php?rest_route=\/wp\/v2\/media\/552"}],"wp:attachment":[{"href":"https:\/\/www.iescarlessalvador.es\/index.php?rest_route=%2Fwp%2Fv2%2Fmedia&parent=556"}],"wp:term":[{"taxonomy":"category","embeddable":true,"href":"https:\/\/www.iescarlessalvador.es\/index.php?rest_route=%2Fwp%2Fv2%2Fcategories&post=556"},{"taxonomy":"post_tag","embeddable":true,"href":"https:\/\/www.iescarlessalvador.es\/index.php?rest_route=%2Fwp%2Fv2%2Ftags&post=556"}],"curies":[{"name":"wp","href":"https:\/\/api.w.org\/{rel}","templated":true}]}}