{"id":5661,"date":"2025-05-07T20:41:39","date_gmt":"2025-05-07T20:41:39","guid":{"rendered":"https:\/\/www.iescarlessalvador.es\/?p=5661"},"modified":"2025-05-15T21:20:24","modified_gmt":"2025-05-15T21:20:24","slug":"jornada-de-portes-obertes-15-de-maig-1900-hores","status":"publish","type":"post","link":"https:\/\/www.iescarlessalvador.es\/?p=5661","title":{"rendered":"Jornada de portes obertes  15 de maig 19:00 hores."},"content":{"rendered":"\n<p>Enlla\u00e7 a la presentaci\u00f3: <a href=\"https:\/\/www.iescarlessalvador.es\/wp-content\/uploads\/2025\/05\/jornada-portes-obertes_25-26.pdf\">https:\/\/www.iescarlessalvador.es\/wp-content\/uploads\/2025\/05\/jornada-portes-obertes_25-26.pdf<\/a><\/p>\n\n\n\n<p>QR per obtindre l&#8217;arxiu pdf:<\/p>\n\n\n<div class=\"wp-block-image\">\n<figure class=\"aligncenter size-full is-resized\"><img fetchpriority=\"high\" decoding=\"async\" width=\"1024\" height=\"1024\" src=\"https:\/\/www.iescarlessalvador.es\/wp-content\/uploads\/2025\/05\/Jornada_Portes_Obertes_IES_CARLES_SALVADOR_25-26-1024.png\" alt=\"\" class=\"wp-image-5701\" style=\"width:456px;height:auto\" srcset=\"https:\/\/www.iescarlessalvador.es\/wp-content\/uploads\/2025\/05\/Jornada_Portes_Obertes_IES_CARLES_SALVADOR_25-26-1024.png 1024w, https:\/\/www.iescarlessalvador.es\/wp-content\/uploads\/2025\/05\/Jornada_Portes_Obertes_IES_CARLES_SALVADOR_25-26-1024-300x300.png 300w, https:\/\/www.iescarlessalvador.es\/wp-content\/uploads\/2025\/05\/Jornada_Portes_Obertes_IES_CARLES_SALVADOR_25-26-1024-150x150.png 150w, https:\/\/www.iescarlessalvador.es\/wp-content\/uploads\/2025\/05\/Jornada_Portes_Obertes_IES_CARLES_SALVADOR_25-26-1024-768x768.png 768w\" sizes=\"(max-width: 1024px) 100vw, 1024px\" \/><\/figure><\/div>\n\n\n<p>El dijous 15 de maig de 2025, a les 19:00 hores, realitzarem la Jornada de Portes obertes per donar a coneixer a les fam\u00edlies i l&#8217;alumnat interessat l&#8217;oferta formativa d&#8217;educaci\u00f3 secund\u00e0ria obligat\u00f2ria (ESO), Batxillerat i Cicles Formatius, de l&#8217;IES Carles Salvador d&#8217;Aldaia, per al curs escolar 2025-26.<\/p>\n\n\n\n<p>L&#8217;objectiu d&#8217;aquesta jornada es informar al nostre futur alumnat i les fam\u00edlies del proc\u00e9s d&#8217;admissi\u00f3 i de la nostra oferta educativa per al proper curs escolar 2025-26. <\/p>\n\n\n\n<p>19:00 &#8211; Visita a les instal\u00b7lacions.<\/p>\n\n\n\n<p>19:30 &#8211; Xarrada informativa al sal\u00f3 d&#8217;actes del centre, per a les fam\u00edlies i l&#8217;alumnat no adscrit (NO matriculat al CEIP Mariano Benlliure o CEIP Platero y yo).<\/p>\n\n\n\n<figure class=\"wp-block-image size-large\"><img decoding=\"async\" width=\"1024\" height=\"879\" src=\"https:\/\/www.iescarlessalvador.es\/wp-content\/uploads\/2025\/05\/Jornades_portes_obertes_2025_vll-1024x879.png\" alt=\"\" class=\"wp-image-5663\" srcset=\"https:\/\/www.iescarlessalvador.es\/wp-content\/uploads\/2025\/05\/Jornades_portes_obertes_2025_vll-1024x879.png 1024w, https:\/\/www.iescarlessalvador.es\/wp-content\/uploads\/2025\/05\/Jornades_portes_obertes_2025_vll-300x258.png 300w, https:\/\/www.iescarlessalvador.es\/wp-content\/uploads\/2025\/05\/Jornades_portes_obertes_2025_vll-768x660.png 768w, https:\/\/www.iescarlessalvador.es\/wp-content\/uploads\/2025\/05\/Jornades_portes_obertes_2025_vll-1536x1319.png 1536w, https:\/\/www.iescarlessalvador.es\/wp-content\/uploads\/2025\/05\/Jornades_portes_obertes_2025_vll.png 1587w\" sizes=\"(max-width: 1024px) 100vw, 1024px\" \/><\/figure>\n","protected":false},"excerpt":{"rendered":"<p>Enlla\u00e7 a la presentaci\u00f3: https:\/\/www.iescarlessalvador.es\/wp-content\/uploads\/2025\/05\/jornada-portes-obertes_25-26.pdf QR per obtindre l&#8217;arxiu pdf: El dijous 15 de maig de 2025, a les 19:00 hores, realitzarem la Jornada de Portes obertes per donar a coneixer a les fam\u00edlies i l&#8217;alumnat interessat l&#8217;oferta formativa d&#8217;educaci\u00f3 secund\u00e0ria obligat\u00f2ria (ESO), Batxillerat i Cicles Formatius, de l&#8217;IES Carles Salvador d&#8217;Aldaia, per al curs&hellip;&nbsp;<a href=\"https:\/\/www.iescarlessalvador.es\/?p=5661\" class=\"\" rel=\"bookmark\">Leer m\u00e1s &raquo;<span class=\"screen-reader-text\">Jornada de portes obertes  15 de maig 19:00 hores.<\/span><\/a><\/p>\n","protected":false},"author":1,"featured_media":5663,"comment_status":"closed","ping_status":"closed","sticky":false,"template":"","format":"standard","meta":{"rop_custom_images_group":[],"rop_custom_messages_group":[],"rop_publish_now":"initial","rop_publish_now_accounts":[],"rop_publish_now_history":[],"rop_publish_now_status":"pending","neve_meta_sidebar":"","neve_meta_container":"","neve_meta_enable_content_width":"off","neve_meta_content_width":0,"neve_meta_title_alignment":"","neve_meta_author_avatar":"","neve_post_elements_order":"","neve_meta_disable_header":"","neve_meta_disable_footer":"","neve_meta_disable_title":"","footnotes":""},"categories":[238,13],"tags":[],"class_list":["post-5661","post","type-post","status-publish","format-standard","has-post-thumbnail","hentry","category-noticies-ca","category-sin-categoria-ca"],"_links":{"self":[{"href":"https:\/\/www.iescarlessalvador.es\/index.php?rest_route=\/wp\/v2\/posts\/5661","targetHints":{"allow":["GET"]}}],"collection":[{"href":"https:\/\/www.iescarlessalvador.es\/index.php?rest_route=\/wp\/v2\/posts"}],"about":[{"href":"https:\/\/www.iescarlessalvador.es\/index.php?rest_route=\/wp\/v2\/types\/post"}],"author":[{"embeddable":true,"href":"https:\/\/www.iescarlessalvador.es\/index.php?rest_route=\/wp\/v2\/users\/1"}],"replies":[{"embeddable":true,"href":"https:\/\/www.iescarlessalvador.es\/index.php?rest_route=%2Fwp%2Fv2%2Fcomments&post=5661"}],"version-history":[{"count":3,"href":"https:\/\/www.iescarlessalvador.es\/index.php?rest_route=\/wp\/v2\/posts\/5661\/revisions"}],"predecessor-version":[{"id":5703,"href":"https:\/\/www.iescarlessalvador.es\/index.php?rest_route=\/wp\/v2\/posts\/5661\/revisions\/5703"}],"wp:featuredmedia":[{"embeddable":true,"href":"https:\/\/www.iescarlessalvador.es\/index.php?rest_route=\/wp\/v2\/media\/5663"}],"wp:attachment":[{"href":"https:\/\/www.iescarlessalvador.es\/index.php?rest_route=%2Fwp%2Fv2%2Fmedia&parent=5661"}],"wp:term":[{"taxonomy":"category","embeddable":true,"href":"https:\/\/www.iescarlessalvador.es\/index.php?rest_route=%2Fwp%2Fv2%2Fcategories&post=5661"},{"taxonomy":"post_tag","embeddable":true,"href":"https:\/\/www.iescarlessalvador.es\/index.php?rest_route=%2Fwp%2Fv2%2Ftags&post=5661"}],"curies":[{"name":"wp","href":"https:\/\/api.w.org\/{rel}","templated":true}]}}