{"id":5850,"date":"2025-06-05T21:54:44","date_gmt":"2025-06-05T21:54:44","guid":{"rendered":"https:\/\/www.iescarlessalvador.es\/?p=5850"},"modified":"2025-06-05T21:55:05","modified_gmt":"2025-06-05T21:55:05","slug":"setmana-de-musica-comunitat-i-emocio-en-lies-carles-salvador","status":"publish","type":"post","link":"https:\/\/www.iescarlessalvador.es\/?p=5850","title":{"rendered":"Setmana de m\u00fasica, comunitat i emoci\u00f3 en l&#8217;IES Carles Salvador"},"content":{"rendered":"\n<p>Esta setmana l&#8217;IES Carles Salvador ha vibrat amb la m\u00fasica en una s\u00e8rie de concerts que han demostrat el talent, el comprom\u00eds i la sensibilitat del nostre alumnat, aix\u00ed com el poder transformador de l&#8217;art dins de l&#8217;educaci\u00f3 p\u00fablica.<\/p>\n\n\n\n<h4 class=\"wp-block-heading\">\u201cGR\u00c0CIES\u201d: un homenatge musical a la solidaritat<\/h4>\n\n\n\n<figure class=\"wp-block-gallery has-nested-images columns-default is-cropped wp-block-gallery-1 is-layout-flex wp-block-gallery-is-layout-flex\">\n<figure class=\"wp-block-image size-large\"><img fetchpriority=\"high\" decoding=\"async\" width=\"1024\" height=\"768\" data-id=\"5854\" src=\"https:\/\/www.iescarlessalvador.es\/wp-content\/uploads\/2025\/06\/IMG-20250602-WA0048-1024x768.jpg\" alt=\"\" class=\"wp-image-5854\" srcset=\"https:\/\/www.iescarlessalvador.es\/wp-content\/uploads\/2025\/06\/IMG-20250602-WA0048-1024x768.jpg 1024w, https:\/\/www.iescarlessalvador.es\/wp-content\/uploads\/2025\/06\/IMG-20250602-WA0048-300x225.jpg 300w, https:\/\/www.iescarlessalvador.es\/wp-content\/uploads\/2025\/06\/IMG-20250602-WA0048-768x576.jpg 768w, https:\/\/www.iescarlessalvador.es\/wp-content\/uploads\/2025\/06\/IMG-20250602-WA0048-1536x1152.jpg 1536w, https:\/\/www.iescarlessalvador.es\/wp-content\/uploads\/2025\/06\/IMG-20250602-WA0048.jpg 2016w\" sizes=\"(max-width: 1024px) 100vw, 1024px\" \/><\/figure>\n\n\n\n<figure class=\"wp-block-image size-large\"><img decoding=\"async\" width=\"1024\" height=\"768\" data-id=\"5852\" src=\"https:\/\/www.iescarlessalvador.es\/wp-content\/uploads\/2025\/06\/IMG-20250602-WA0052-1024x768.jpg\" alt=\"\" class=\"wp-image-5852\" srcset=\"https:\/\/www.iescarlessalvador.es\/wp-content\/uploads\/2025\/06\/IMG-20250602-WA0052-1024x768.jpg 1024w, https:\/\/www.iescarlessalvador.es\/wp-content\/uploads\/2025\/06\/IMG-20250602-WA0052-300x225.jpg 300w, https:\/\/www.iescarlessalvador.es\/wp-content\/uploads\/2025\/06\/IMG-20250602-WA0052-768x576.jpg 768w, https:\/\/www.iescarlessalvador.es\/wp-content\/uploads\/2025\/06\/IMG-20250602-WA0052-1536x1152.jpg 1536w, https:\/\/www.iescarlessalvador.es\/wp-content\/uploads\/2025\/06\/IMG-20250602-WA0052.jpg 2016w\" sizes=\"(max-width: 1024px) 100vw, 1024px\" \/><\/figure>\n\n\n\n<figure class=\"wp-block-image size-large\"><img decoding=\"async\" width=\"1024\" height=\"768\" data-id=\"5853\" src=\"https:\/\/www.iescarlessalvador.es\/wp-content\/uploads\/2025\/06\/IMG-20250602-WA0056-1024x768.jpg\" alt=\"\" class=\"wp-image-5853\" srcset=\"https:\/\/www.iescarlessalvador.es\/wp-content\/uploads\/2025\/06\/IMG-20250602-WA0056-1024x768.jpg 1024w, https:\/\/www.iescarlessalvador.es\/wp-content\/uploads\/2025\/06\/IMG-20250602-WA0056-300x225.jpg 300w, https:\/\/www.iescarlessalvador.es\/wp-content\/uploads\/2025\/06\/IMG-20250602-WA0056-768x576.jpg 768w, https:\/\/www.iescarlessalvador.es\/wp-content\/uploads\/2025\/06\/IMG-20250602-WA0056-1536x1152.jpg 1536w, https:\/\/www.iescarlessalvador.es\/wp-content\/uploads\/2025\/06\/IMG-20250602-WA0056.jpg 2016w\" sizes=\"(max-width: 1024px) 100vw, 1024px\" \/><\/figure>\n\n\n\n<figure class=\"wp-block-image size-large\"><img loading=\"lazy\" decoding=\"async\" width=\"1024\" height=\"768\" data-id=\"5851\" src=\"https:\/\/www.iescarlessalvador.es\/wp-content\/uploads\/2025\/06\/IMG-20250602-WA0059-1024x768.jpg\" alt=\"\" class=\"wp-image-5851\" srcset=\"https:\/\/www.iescarlessalvador.es\/wp-content\/uploads\/2025\/06\/IMG-20250602-WA0059-1024x768.jpg 1024w, https:\/\/www.iescarlessalvador.es\/wp-content\/uploads\/2025\/06\/IMG-20250602-WA0059-300x225.jpg 300w, https:\/\/www.iescarlessalvador.es\/wp-content\/uploads\/2025\/06\/IMG-20250602-WA0059-768x576.jpg 768w, https:\/\/www.iescarlessalvador.es\/wp-content\/uploads\/2025\/06\/IMG-20250602-WA0059-1536x1152.jpg 1536w, https:\/\/www.iescarlessalvador.es\/wp-content\/uploads\/2025\/06\/IMG-20250602-WA0059.jpg 2016w\" sizes=\"(max-width: 1024px) 100vw, 1024px\" \/><\/figure>\n<\/figure>\n\n\n\n<p>El dilluns 2 de juny, m\u00e9s de 100 alumnes i alumnes de 3r i 4t d&#8217;ESO, i 1r de Batxillerat van pujar a l&#8217;escenari del Teatre TAMA per a oferir el concert \u201cGR\u00c0CIES\u201d, un emotiu homenatge als voluntaris i volunt\u00e0ries que van ajudar a Aldaia despr\u00e9s de la DANA.<\/p>\n\n\n\n<p>Organitzat pel Departament de M\u00fasica, el concert va combinar interpretaci\u00f3 en directe, projecci\u00f3 de v\u00eddeos i missatges institucionals. El repertori va incloure temes d&#8217;U2, Amy Winehouse, Seguretat Social o Coldplay, tots amb un missatge com\u00fa: l&#8217;agra\u00efment i la mem\u00f2ria col\u00b7lectiva.<\/p>\n\n\n\n<p>L&#8217;acte va comptar amb la participaci\u00f3 de l&#8217;alcalde d&#8217;Aldaia, Guillermo Luj\u00e1n, la regidora d&#8217;Educaci\u00f3, Laura Moruno, i el director del centre, Jos\u00e9 Vicente Garrigues. Tamb\u00e9 van col\u00b7laborar el Departament de Pl\u00e0stica, amb el cartell dissenyat per l&#8217;alumna Berta La\u00edn, i l&#8217;equip t\u00e8cnic del TAMA.<\/p>\n\n\n\n<p>Podeu llegir la ressenya publicada en premsa ac\u00ed:<\/p>\n\n\n\n<p><a href=\"https:\/\/www.elperiodic.com\/aldaia\/carles-salvador-aldaia-convierte-musica-homenaje-compromiso-concierto-gracies_1019926\">https:\/\/www.elperiodic.com\/aldaia\/carles-salvador-aldaia-convierte-musica-homenaje-compromiso-concierto-gracies_1019926<\/a><\/p>\n\n\n\n<h4 class=\"wp-block-heading\">Concerts escolars de 1r i 2n d&#8217;ESO: entusiasme en estat pur<\/h4>\n\n\n\n<figure class=\"wp-block-gallery has-nested-images columns-default is-cropped wp-block-gallery-2 is-layout-flex wp-block-gallery-is-layout-flex\">\n<figure class=\"wp-block-image size-large\"><img loading=\"lazy\" decoding=\"async\" width=\"1024\" height=\"768\" data-id=\"5855\" src=\"https:\/\/www.iescarlessalvador.es\/wp-content\/uploads\/2025\/06\/IMG_20250605_095312-1024x768.jpg\" alt=\"\" class=\"wp-image-5855\" srcset=\"https:\/\/www.iescarlessalvador.es\/wp-content\/uploads\/2025\/06\/IMG_20250605_095312-1024x768.jpg 1024w, https:\/\/www.iescarlessalvador.es\/wp-content\/uploads\/2025\/06\/IMG_20250605_095312-300x225.jpg 300w, https:\/\/www.iescarlessalvador.es\/wp-content\/uploads\/2025\/06\/IMG_20250605_095312-768x576.jpg 768w, https:\/\/www.iescarlessalvador.es\/wp-content\/uploads\/2025\/06\/IMG_20250605_095312-1536x1152.jpg 1536w, https:\/\/www.iescarlessalvador.es\/wp-content\/uploads\/2025\/06\/IMG_20250605_095312.jpg 2040w\" sizes=\"(max-width: 1024px) 100vw, 1024px\" \/><\/figure>\n\n\n\n<figure class=\"wp-block-image size-large\"><img loading=\"lazy\" decoding=\"async\" width=\"768\" height=\"1024\" data-id=\"5857\" src=\"https:\/\/www.iescarlessalvador.es\/wp-content\/uploads\/2025\/06\/IMG_20250605_095327-768x1024.jpg\" alt=\"\" class=\"wp-image-5857\" srcset=\"https:\/\/www.iescarlessalvador.es\/wp-content\/uploads\/2025\/06\/IMG_20250605_095327-768x1024.jpg 768w, https:\/\/www.iescarlessalvador.es\/wp-content\/uploads\/2025\/06\/IMG_20250605_095327-225x300.jpg 225w, https:\/\/www.iescarlessalvador.es\/wp-content\/uploads\/2025\/06\/IMG_20250605_095327-1152x1536.jpg 1152w, https:\/\/www.iescarlessalvador.es\/wp-content\/uploads\/2025\/06\/IMG_20250605_095327.jpg 1530w\" sizes=\"(max-width: 768px) 100vw, 768px\" \/><\/figure>\n\n\n\n<figure class=\"wp-block-image size-large\"><img loading=\"lazy\" decoding=\"async\" width=\"1024\" height=\"768\" data-id=\"5856\" src=\"https:\/\/www.iescarlessalvador.es\/wp-content\/uploads\/2025\/06\/IMG_20250605_101737-1024x768.jpg\" alt=\"\" class=\"wp-image-5856\" srcset=\"https:\/\/www.iescarlessalvador.es\/wp-content\/uploads\/2025\/06\/IMG_20250605_101737-1024x768.jpg 1024w, https:\/\/www.iescarlessalvador.es\/wp-content\/uploads\/2025\/06\/IMG_20250605_101737-300x225.jpg 300w, https:\/\/www.iescarlessalvador.es\/wp-content\/uploads\/2025\/06\/IMG_20250605_101737-768x576.jpg 768w, https:\/\/www.iescarlessalvador.es\/wp-content\/uploads\/2025\/06\/IMG_20250605_101737-1536x1152.jpg 1536w, https:\/\/www.iescarlessalvador.es\/wp-content\/uploads\/2025\/06\/IMG_20250605_101737.jpg 2040w\" sizes=\"(max-width: 1024px) 100vw, 1024px\" \/><\/figure>\n\n\n\n<figure class=\"wp-block-image size-large\"><img loading=\"lazy\" decoding=\"async\" width=\"1024\" height=\"768\" data-id=\"5860\" src=\"https:\/\/www.iescarlessalvador.es\/wp-content\/uploads\/2025\/06\/IMG_20250605_111531-1024x768.jpg\" alt=\"\" class=\"wp-image-5860\" srcset=\"https:\/\/www.iescarlessalvador.es\/wp-content\/uploads\/2025\/06\/IMG_20250605_111531-1024x768.jpg 1024w, https:\/\/www.iescarlessalvador.es\/wp-content\/uploads\/2025\/06\/IMG_20250605_111531-300x225.jpg 300w, https:\/\/www.iescarlessalvador.es\/wp-content\/uploads\/2025\/06\/IMG_20250605_111531-768x576.jpg 768w, https:\/\/www.iescarlessalvador.es\/wp-content\/uploads\/2025\/06\/IMG_20250605_111531-1536x1152.jpg 1536w, https:\/\/www.iescarlessalvador.es\/wp-content\/uploads\/2025\/06\/IMG_20250605_111531.jpg 2040w\" sizes=\"(max-width: 1024px) 100vw, 1024px\" \/><\/figure>\n\n\n\n<figure class=\"wp-block-image size-large\"><img loading=\"lazy\" decoding=\"async\" width=\"1024\" height=\"768\" data-id=\"5859\" src=\"https:\/\/www.iescarlessalvador.es\/wp-content\/uploads\/2025\/06\/IMG_20250605_112150-1024x768.jpg\" alt=\"\" class=\"wp-image-5859\" srcset=\"https:\/\/www.iescarlessalvador.es\/wp-content\/uploads\/2025\/06\/IMG_20250605_112150-1024x768.jpg 1024w, https:\/\/www.iescarlessalvador.es\/wp-content\/uploads\/2025\/06\/IMG_20250605_112150-300x225.jpg 300w, https:\/\/www.iescarlessalvador.es\/wp-content\/uploads\/2025\/06\/IMG_20250605_112150-768x576.jpg 768w, https:\/\/www.iescarlessalvador.es\/wp-content\/uploads\/2025\/06\/IMG_20250605_112150-1536x1152.jpg 1536w, https:\/\/www.iescarlessalvador.es\/wp-content\/uploads\/2025\/06\/IMG_20250605_112150.jpg 2040w\" sizes=\"(max-width: 1024px) 100vw, 1024px\" \/><\/figure>\n\n\n\n<figure class=\"wp-block-image size-large\"><img loading=\"lazy\" decoding=\"async\" width=\"1024\" height=\"768\" data-id=\"5858\" src=\"https:\/\/www.iescarlessalvador.es\/wp-content\/uploads\/2025\/06\/IMG_20250605_112935-1024x768.jpg\" alt=\"\" class=\"wp-image-5858\" srcset=\"https:\/\/www.iescarlessalvador.es\/wp-content\/uploads\/2025\/06\/IMG_20250605_112935-1024x768.jpg 1024w, https:\/\/www.iescarlessalvador.es\/wp-content\/uploads\/2025\/06\/IMG_20250605_112935-300x225.jpg 300w, https:\/\/www.iescarlessalvador.es\/wp-content\/uploads\/2025\/06\/IMG_20250605_112935-768x576.jpg 768w, https:\/\/www.iescarlessalvador.es\/wp-content\/uploads\/2025\/06\/IMG_20250605_112935-1536x1152.jpg 1536w, https:\/\/www.iescarlessalvador.es\/wp-content\/uploads\/2025\/06\/IMG_20250605_112935.jpg 2040w\" sizes=\"(max-width: 1024px) 100vw, 1024px\" \/><\/figure>\n<\/figure>\n\n\n\n<p>El dijous 5 de juny, la sala d&#8217;actes de l&#8217;institut va acollir els concerts de fi de curs de 1r i 2n d&#8217;ESO, dirigits tamb\u00e9 pel Departament de M\u00fasica. Amb gran il\u00b7lusi\u00f3, els grups van oferir una mostra del treball realitzat durant el curs en classe: peces instrumentals, interpretacions en grup i molta energia.<\/p>\n\n\n\n<p>Al llarg del mat\u00ed, fam\u00edlies, professorat i alumnat van gaudir de l&#8217;entusiasme contagi\u00f3s dels m\u00e9s j\u00f3vens del centre, que van viure el seu primer gran concert com a int\u00e8rprets. Els aplaudiments van ser constants i les emocions compartides.<\/p>\n\n\n\n<p>Els concerts van tancar una setmana musical intensa i significativa, que ha convertit la m\u00fasica en un pont entre generacions, en una ferramenta d&#8217;expressi\u00f3 i en un espai de trobada.<\/p>\n\n\n\n<p>Des del Departament de M\u00fasica, volem agrair a l&#8217;alumnat pel seu lliurament, a les fam\u00edlies pel seu suport, al claustre per la seua col\u00b7laboraci\u00f3 i a l&#8217;adre\u00e7a del centre per continuar apostant fermament per la pres\u00e8ncia de la m\u00fasica en l&#8217;educaci\u00f3.<\/p>\n\n\n\n<p>GR\u00c0CIES a tots i totes!<\/p>\n","protected":false},"excerpt":{"rendered":"<p>Esta setmana l&#8217;IES Carles Salvador ha vibrat amb la m\u00fasica en una s\u00e8rie de concerts que han demostrat el talent, el comprom\u00eds i la sensibilitat del nostre alumnat, aix\u00ed com el poder transformador de l&#8217;art dins de l&#8217;educaci\u00f3 p\u00fablica. \u201cGR\u00c0CIES\u201d: un homenatge musical a la solidaritat El dilluns 2 de juny, m\u00e9s de 100 alumnes&hellip;&nbsp;<a href=\"https:\/\/www.iescarlessalvador.es\/?p=5850\" class=\"\" rel=\"bookmark\">Leer m\u00e1s &raquo;<span class=\"screen-reader-text\">Setmana de m\u00fasica, comunitat i emoci\u00f3 en l&#8217;IES Carles Salvador<\/span><\/a><\/p>\n","protected":false},"author":1,"featured_media":5852,"comment_status":"closed","ping_status":"closed","sticky":false,"template":"","format":"standard","meta":{"rop_custom_images_group":[],"rop_custom_messages_group":[],"rop_publish_now":"initial","rop_publish_now_accounts":[],"rop_publish_now_history":[],"rop_publish_now_status":"pending","neve_meta_sidebar":"","neve_meta_container":"","neve_meta_enable_content_width":"","neve_meta_content_width":0,"neve_meta_title_alignment":"","neve_meta_author_avatar":"","neve_post_elements_order":"","neve_meta_disable_header":"","neve_meta_disable_footer":"","neve_meta_disable_title":"","footnotes":""},"categories":[238],"tags":[308,310,306],"class_list":["post-5850","post","type-post","status-publish","format-standard","has-post-thumbnail","hentry","category-noticies-ca","tag-concert","tag-ies-carles-salvador","tag-musica"],"_links":{"self":[{"href":"https:\/\/www.iescarlessalvador.es\/index.php?rest_route=\/wp\/v2\/posts\/5850","targetHints":{"allow":["GET"]}}],"collection":[{"href":"https:\/\/www.iescarlessalvador.es\/index.php?rest_route=\/wp\/v2\/posts"}],"about":[{"href":"https:\/\/www.iescarlessalvador.es\/index.php?rest_route=\/wp\/v2\/types\/post"}],"author":[{"embeddable":true,"href":"https:\/\/www.iescarlessalvador.es\/index.php?rest_route=\/wp\/v2\/users\/1"}],"replies":[{"embeddable":true,"href":"https:\/\/www.iescarlessalvador.es\/index.php?rest_route=%2Fwp%2Fv2%2Fcomments&post=5850"}],"version-history":[{"count":1,"href":"https:\/\/www.iescarlessalvador.es\/index.php?rest_route=\/wp\/v2\/posts\/5850\/revisions"}],"predecessor-version":[{"id":5861,"href":"https:\/\/www.iescarlessalvador.es\/index.php?rest_route=\/wp\/v2\/posts\/5850\/revisions\/5861"}],"wp:featuredmedia":[{"embeddable":true,"href":"https:\/\/www.iescarlessalvador.es\/index.php?rest_route=\/wp\/v2\/media\/5852"}],"wp:attachment":[{"href":"https:\/\/www.iescarlessalvador.es\/index.php?rest_route=%2Fwp%2Fv2%2Fmedia&parent=5850"}],"wp:term":[{"taxonomy":"category","embeddable":true,"href":"https:\/\/www.iescarlessalvador.es\/index.php?rest_route=%2Fwp%2Fv2%2Fcategories&post=5850"},{"taxonomy":"post_tag","embeddable":true,"href":"https:\/\/www.iescarlessalvador.es\/index.php?rest_route=%2Fwp%2Fv2%2Ftags&post=5850"}],"curies":[{"name":"wp","href":"https:\/\/api.w.org\/{rel}","templated":true}]}}