{"id":5862,"date":"2025-06-05T21:57:25","date_gmt":"2025-06-05T21:57:25","guid":{"rendered":"https:\/\/www.iescarlessalvador.es\/?p=5862"},"modified":"2025-06-05T21:57:52","modified_gmt":"2025-06-05T21:57:52","slug":"semana-de-musica-comunidad-y-emocion-en-el-ies-carles-salvador","status":"publish","type":"post","link":"https:\/\/www.iescarlessalvador.es\/?p=5862&lang=es","title":{"rendered":"Semana de m\u00fasica, comunidad y emoci\u00f3n en el IES Carles Salvador"},"content":{"rendered":"\n<p>Esta semana el IES Carles Salvador ha vibrado con la m\u00fasica en una serie de conciertos que han demostrado el talento, el compromiso y la sensibilidad de nuestro alumnado, as\u00ed como el poder transformador del arte dentro de la educaci\u00f3n p\u00fablica.<\/p>\n\n\n\n<h4 class=\"wp-block-heading\">\u201cGR\u00c0CIES\u201d: un homenaje musical a la solidaridad<\/h4>\n\n\n\n<figure class=\"wp-block-gallery has-nested-images columns-default is-cropped wp-block-gallery-1 is-layout-flex wp-block-gallery-is-layout-flex\">\n<figure class=\"wp-block-image size-large\"><img fetchpriority=\"high\" decoding=\"async\" width=\"1024\" height=\"768\" data-id=\"5852\" src=\"https:\/\/www.iescarlessalvador.es\/wp-content\/uploads\/2025\/06\/IMG-20250602-WA0052-1024x768.jpg\" alt=\"\" class=\"wp-image-5852\" srcset=\"https:\/\/www.iescarlessalvador.es\/wp-content\/uploads\/2025\/06\/IMG-20250602-WA0052-1024x768.jpg 1024w, https:\/\/www.iescarlessalvador.es\/wp-content\/uploads\/2025\/06\/IMG-20250602-WA0052-300x225.jpg 300w, https:\/\/www.iescarlessalvador.es\/wp-content\/uploads\/2025\/06\/IMG-20250602-WA0052-768x576.jpg 768w, https:\/\/www.iescarlessalvador.es\/wp-content\/uploads\/2025\/06\/IMG-20250602-WA0052-1536x1152.jpg 1536w, https:\/\/www.iescarlessalvador.es\/wp-content\/uploads\/2025\/06\/IMG-20250602-WA0052.jpg 2016w\" sizes=\"(max-width: 1024px) 100vw, 1024px\" \/><\/figure>\n\n\n\n<figure class=\"wp-block-image size-large\"><img decoding=\"async\" width=\"1024\" height=\"768\" data-id=\"5854\" src=\"https:\/\/www.iescarlessalvador.es\/wp-content\/uploads\/2025\/06\/IMG-20250602-WA0048-1024x768.jpg\" alt=\"\" class=\"wp-image-5854\" srcset=\"https:\/\/www.iescarlessalvador.es\/wp-content\/uploads\/2025\/06\/IMG-20250602-WA0048-1024x768.jpg 1024w, https:\/\/www.iescarlessalvador.es\/wp-content\/uploads\/2025\/06\/IMG-20250602-WA0048-300x225.jpg 300w, https:\/\/www.iescarlessalvador.es\/wp-content\/uploads\/2025\/06\/IMG-20250602-WA0048-768x576.jpg 768w, https:\/\/www.iescarlessalvador.es\/wp-content\/uploads\/2025\/06\/IMG-20250602-WA0048-1536x1152.jpg 1536w, https:\/\/www.iescarlessalvador.es\/wp-content\/uploads\/2025\/06\/IMG-20250602-WA0048.jpg 2016w\" sizes=\"(max-width: 1024px) 100vw, 1024px\" \/><\/figure>\n\n\n\n<figure class=\"wp-block-image size-large\"><img decoding=\"async\" width=\"1024\" height=\"768\" data-id=\"5851\" src=\"https:\/\/www.iescarlessalvador.es\/wp-content\/uploads\/2025\/06\/IMG-20250602-WA0059-1024x768.jpg\" alt=\"\" class=\"wp-image-5851\" srcset=\"https:\/\/www.iescarlessalvador.es\/wp-content\/uploads\/2025\/06\/IMG-20250602-WA0059-1024x768.jpg 1024w, https:\/\/www.iescarlessalvador.es\/wp-content\/uploads\/2025\/06\/IMG-20250602-WA0059-300x225.jpg 300w, https:\/\/www.iescarlessalvador.es\/wp-content\/uploads\/2025\/06\/IMG-20250602-WA0059-768x576.jpg 768w, https:\/\/www.iescarlessalvador.es\/wp-content\/uploads\/2025\/06\/IMG-20250602-WA0059-1536x1152.jpg 1536w, https:\/\/www.iescarlessalvador.es\/wp-content\/uploads\/2025\/06\/IMG-20250602-WA0059.jpg 2016w\" sizes=\"(max-width: 1024px) 100vw, 1024px\" \/><\/figure>\n\n\n\n<figure class=\"wp-block-image size-large\"><img loading=\"lazy\" decoding=\"async\" width=\"1024\" height=\"768\" data-id=\"5853\" src=\"https:\/\/www.iescarlessalvador.es\/wp-content\/uploads\/2025\/06\/IMG-20250602-WA0056-1024x768.jpg\" alt=\"\" class=\"wp-image-5853\" srcset=\"https:\/\/www.iescarlessalvador.es\/wp-content\/uploads\/2025\/06\/IMG-20250602-WA0056-1024x768.jpg 1024w, https:\/\/www.iescarlessalvador.es\/wp-content\/uploads\/2025\/06\/IMG-20250602-WA0056-300x225.jpg 300w, https:\/\/www.iescarlessalvador.es\/wp-content\/uploads\/2025\/06\/IMG-20250602-WA0056-768x576.jpg 768w, https:\/\/www.iescarlessalvador.es\/wp-content\/uploads\/2025\/06\/IMG-20250602-WA0056-1536x1152.jpg 1536w, https:\/\/www.iescarlessalvador.es\/wp-content\/uploads\/2025\/06\/IMG-20250602-WA0056.jpg 2016w\" sizes=\"(max-width: 1024px) 100vw, 1024px\" \/><\/figure>\n<\/figure>\n\n\n\n<p>El lunes 2 de junio, m\u00e1s de 100 alumnos y alumnas de 3\u00ba y 4\u00ba de ESO y 1\u00ba de Bachillerato subieron al escenario del Teatro TAMA para ofrecer el concierto \u201cGR\u00c0CIES\u201d, un emotivo homenaje a los voluntarios y voluntarias que ayudaron en Aldaia tras la DANA.<\/p>\n\n\n\n<p>Organizado por el Departamento de M\u00fasica, el concierto combin\u00f3 interpretaci\u00f3n en directo, proyecci\u00f3n de v\u00eddeos y mensajes institucionales. El repertorio incluy\u00f3 temas de U2, Amy Winehouse, Seguridad Social o Coldplay, todos con un mensaje com\u00fan: el agradecimiento y la memoria colectiva.<\/p>\n\n\n\n<p>El acto cont\u00f3 con la participaci\u00f3n del alcalde de Aldaia, Guillermo Luj\u00e1n, la concejala de Educaci\u00f3n, Laura Moruno, y el director del centro, Jos\u00e9 Vicente Garrigues. Tambi\u00e9n colaboraron el Departamento de Pl\u00e1stica, con el cartel dise\u00f1ado por la alumna Berta La\u00edn, y el equipo t\u00e9cnico del TAMA.<\/p>\n\n\n\n<p>Pod\u00e9is leer la rese\u00f1a publicada en prensa aqu\u00ed:<\/p>\n\n\n\n<p><a href=\"https:\/\/www.elperiodic.com\/aldaia\/carles-salvador-aldaia-convierte-musica-homenaje-compromiso-concierto-gracies_1019926\">https:\/\/www.elperiodic.com\/aldaia\/carles-salvador-aldaia-convierte-musica-homenaje-compromiso-concierto-gracies_1019926<\/a><\/p>\n\n\n\n<h4 class=\"wp-block-heading\">Conciertos escolares de 1\u00ba y 2\u00ba de ESO: entusiasmo en estado puro<\/h4>\n\n\n\n<figure class=\"wp-block-gallery has-nested-images columns-default is-cropped wp-block-gallery-2 is-layout-flex wp-block-gallery-is-layout-flex\">\n<figure class=\"wp-block-image size-large\"><img loading=\"lazy\" decoding=\"async\" width=\"1024\" height=\"768\" data-id=\"5859\" src=\"https:\/\/www.iescarlessalvador.es\/wp-content\/uploads\/2025\/06\/IMG_20250605_112150-1024x768.jpg\" alt=\"\" class=\"wp-image-5859\" srcset=\"https:\/\/www.iescarlessalvador.es\/wp-content\/uploads\/2025\/06\/IMG_20250605_112150-1024x768.jpg 1024w, https:\/\/www.iescarlessalvador.es\/wp-content\/uploads\/2025\/06\/IMG_20250605_112150-300x225.jpg 300w, https:\/\/www.iescarlessalvador.es\/wp-content\/uploads\/2025\/06\/IMG_20250605_112150-768x576.jpg 768w, https:\/\/www.iescarlessalvador.es\/wp-content\/uploads\/2025\/06\/IMG_20250605_112150-1536x1152.jpg 1536w, https:\/\/www.iescarlessalvador.es\/wp-content\/uploads\/2025\/06\/IMG_20250605_112150.jpg 2040w\" sizes=\"(max-width: 1024px) 100vw, 1024px\" \/><\/figure>\n\n\n\n<figure class=\"wp-block-image size-large\"><img loading=\"lazy\" decoding=\"async\" width=\"768\" height=\"1024\" data-id=\"5857\" src=\"https:\/\/www.iescarlessalvador.es\/wp-content\/uploads\/2025\/06\/IMG_20250605_095327-768x1024.jpg\" alt=\"\" class=\"wp-image-5857\" srcset=\"https:\/\/www.iescarlessalvador.es\/wp-content\/uploads\/2025\/06\/IMG_20250605_095327-768x1024.jpg 768w, https:\/\/www.iescarlessalvador.es\/wp-content\/uploads\/2025\/06\/IMG_20250605_095327-225x300.jpg 225w, https:\/\/www.iescarlessalvador.es\/wp-content\/uploads\/2025\/06\/IMG_20250605_095327-1152x1536.jpg 1152w, https:\/\/www.iescarlessalvador.es\/wp-content\/uploads\/2025\/06\/IMG_20250605_095327.jpg 1530w\" sizes=\"(max-width: 768px) 100vw, 768px\" \/><\/figure>\n\n\n\n<figure class=\"wp-block-image size-large\"><img loading=\"lazy\" decoding=\"async\" width=\"1024\" height=\"768\" data-id=\"5860\" src=\"https:\/\/www.iescarlessalvador.es\/wp-content\/uploads\/2025\/06\/IMG_20250605_111531-1024x768.jpg\" alt=\"\" class=\"wp-image-5860\" srcset=\"https:\/\/www.iescarlessalvador.es\/wp-content\/uploads\/2025\/06\/IMG_20250605_111531-1024x768.jpg 1024w, https:\/\/www.iescarlessalvador.es\/wp-content\/uploads\/2025\/06\/IMG_20250605_111531-300x225.jpg 300w, https:\/\/www.iescarlessalvador.es\/wp-content\/uploads\/2025\/06\/IMG_20250605_111531-768x576.jpg 768w, https:\/\/www.iescarlessalvador.es\/wp-content\/uploads\/2025\/06\/IMG_20250605_111531-1536x1152.jpg 1536w, https:\/\/www.iescarlessalvador.es\/wp-content\/uploads\/2025\/06\/IMG_20250605_111531.jpg 2040w\" sizes=\"(max-width: 1024px) 100vw, 1024px\" \/><\/figure>\n\n\n\n<figure class=\"wp-block-image size-large\"><img loading=\"lazy\" decoding=\"async\" width=\"1024\" height=\"768\" data-id=\"5858\" src=\"https:\/\/www.iescarlessalvador.es\/wp-content\/uploads\/2025\/06\/IMG_20250605_112935-1024x768.jpg\" alt=\"\" class=\"wp-image-5858\" srcset=\"https:\/\/www.iescarlessalvador.es\/wp-content\/uploads\/2025\/06\/IMG_20250605_112935-1024x768.jpg 1024w, https:\/\/www.iescarlessalvador.es\/wp-content\/uploads\/2025\/06\/IMG_20250605_112935-300x225.jpg 300w, https:\/\/www.iescarlessalvador.es\/wp-content\/uploads\/2025\/06\/IMG_20250605_112935-768x576.jpg 768w, https:\/\/www.iescarlessalvador.es\/wp-content\/uploads\/2025\/06\/IMG_20250605_112935-1536x1152.jpg 1536w, https:\/\/www.iescarlessalvador.es\/wp-content\/uploads\/2025\/06\/IMG_20250605_112935.jpg 2040w\" sizes=\"(max-width: 1024px) 100vw, 1024px\" \/><\/figure>\n\n\n\n<figure class=\"wp-block-image size-large\"><img loading=\"lazy\" decoding=\"async\" width=\"1024\" height=\"768\" data-id=\"5856\" src=\"https:\/\/www.iescarlessalvador.es\/wp-content\/uploads\/2025\/06\/IMG_20250605_101737-1024x768.jpg\" alt=\"\" class=\"wp-image-5856\" srcset=\"https:\/\/www.iescarlessalvador.es\/wp-content\/uploads\/2025\/06\/IMG_20250605_101737-1024x768.jpg 1024w, https:\/\/www.iescarlessalvador.es\/wp-content\/uploads\/2025\/06\/IMG_20250605_101737-300x225.jpg 300w, https:\/\/www.iescarlessalvador.es\/wp-content\/uploads\/2025\/06\/IMG_20250605_101737-768x576.jpg 768w, https:\/\/www.iescarlessalvador.es\/wp-content\/uploads\/2025\/06\/IMG_20250605_101737-1536x1152.jpg 1536w, https:\/\/www.iescarlessalvador.es\/wp-content\/uploads\/2025\/06\/IMG_20250605_101737.jpg 2040w\" sizes=\"(max-width: 1024px) 100vw, 1024px\" \/><\/figure>\n\n\n\n<figure class=\"wp-block-image size-large\"><img loading=\"lazy\" decoding=\"async\" width=\"1024\" height=\"768\" data-id=\"5855\" src=\"https:\/\/www.iescarlessalvador.es\/wp-content\/uploads\/2025\/06\/IMG_20250605_095312-1024x768.jpg\" alt=\"\" class=\"wp-image-5855\" srcset=\"https:\/\/www.iescarlessalvador.es\/wp-content\/uploads\/2025\/06\/IMG_20250605_095312-1024x768.jpg 1024w, https:\/\/www.iescarlessalvador.es\/wp-content\/uploads\/2025\/06\/IMG_20250605_095312-300x225.jpg 300w, https:\/\/www.iescarlessalvador.es\/wp-content\/uploads\/2025\/06\/IMG_20250605_095312-768x576.jpg 768w, https:\/\/www.iescarlessalvador.es\/wp-content\/uploads\/2025\/06\/IMG_20250605_095312-1536x1152.jpg 1536w, https:\/\/www.iescarlessalvador.es\/wp-content\/uploads\/2025\/06\/IMG_20250605_095312.jpg 2040w\" sizes=\"(max-width: 1024px) 100vw, 1024px\" \/><\/figure>\n<\/figure>\n\n\n\n<p>El jueves 5 de junio, el sal\u00f3n de actos del instituto acogi\u00f3 los conciertos de fin de curso de 1\u00ba y 2\u00ba de ESO, dirigidos tambi\u00e9n por el Departamento de M\u00fasica. Con gran ilusi\u00f3n, los grupos ofrecieron una muestra del trabajo realizado durante el curso en clase: piezas instrumentales, interpretaciones en grupo y mucha energ\u00eda.<\/p>\n\n\n\n<p>A lo largo de la ma\u00f1ana, familias, profesorado y alumnado disfrutaron del entusiasmo contagioso de los m\u00e1s j\u00f3venes del centro, que vivieron su primer gran concierto como int\u00e9rpretes. Los aplausos fueron constantes y las emociones compartidas.<\/p>\n\n\n\n<p>Los conciertos cerraron una semana musical intensa y significativa, que ha convertido la m\u00fasica en un puente entre generaciones, en una herramienta de expresi\u00f3n y en un espacio de encuentro.<\/p>\n\n\n\n<p>Desde el Departamento de M\u00fasica, queremos agradecer al alumnado por su entrega, a las familias por su apoyo, al claustro por su colaboraci\u00f3n y a la direcci\u00f3n del centro por seguir apostando firmemente por la presencia de la m\u00fasica en la educaci\u00f3n.<\/p>\n\n\n\n<p>\u00a1GR\u00c0CIES a todos y todas!<\/p>\n","protected":false},"excerpt":{"rendered":"<p>Esta semana el IES Carles Salvador ha vibrado con la m\u00fasica en una serie de conciertos que han demostrado el talento, el compromiso y la sensibilidad de nuestro alumnado, as\u00ed como el poder transformador del arte dentro de la educaci\u00f3n p\u00fablica. \u201cGR\u00c0CIES\u201d: un homenaje musical a la solidaridad El lunes 2 de junio, m\u00e1s de&hellip;&nbsp;<a href=\"https:\/\/www.iescarlessalvador.es\/?p=5862&#038;lang=es\" class=\"\" rel=\"bookmark\">Leer m\u00e1s &raquo;<span class=\"screen-reader-text\">Semana de m\u00fasica, comunidad y emoci\u00f3n en el IES Carles Salvador<\/span><\/a><\/p>\n","protected":false},"author":1,"featured_media":5852,"comment_status":"closed","ping_status":"closed","sticky":false,"template":"","format":"standard","meta":{"rop_custom_images_group":[],"rop_custom_messages_group":[],"rop_publish_now":"initial","rop_publish_now_accounts":[],"rop_publish_now_history":[],"rop_publish_now_status":"pending","neve_meta_sidebar":"","neve_meta_container":"","neve_meta_enable_content_width":"","neve_meta_content_width":0,"neve_meta_title_alignment":"","neve_meta_author_avatar":"","neve_post_elements_order":"","neve_meta_disable_header":"","neve_meta_disable_footer":"","neve_meta_disable_title":"","footnotes":""},"categories":[34],"tags":[],"class_list":["post-5862","post","type-post","status-publish","format-standard","has-post-thumbnail","hentry","category-noticias"],"_links":{"self":[{"href":"https:\/\/www.iescarlessalvador.es\/index.php?rest_route=\/wp\/v2\/posts\/5862","targetHints":{"allow":["GET"]}}],"collection":[{"href":"https:\/\/www.iescarlessalvador.es\/index.php?rest_route=\/wp\/v2\/posts"}],"about":[{"href":"https:\/\/www.iescarlessalvador.es\/index.php?rest_route=\/wp\/v2\/types\/post"}],"author":[{"embeddable":true,"href":"https:\/\/www.iescarlessalvador.es\/index.php?rest_route=\/wp\/v2\/users\/1"}],"replies":[{"embeddable":true,"href":"https:\/\/www.iescarlessalvador.es\/index.php?rest_route=%2Fwp%2Fv2%2Fcomments&post=5862"}],"version-history":[{"count":1,"href":"https:\/\/www.iescarlessalvador.es\/index.php?rest_route=\/wp\/v2\/posts\/5862\/revisions"}],"predecessor-version":[{"id":5863,"href":"https:\/\/www.iescarlessalvador.es\/index.php?rest_route=\/wp\/v2\/posts\/5862\/revisions\/5863"}],"wp:featuredmedia":[{"embeddable":true,"href":"https:\/\/www.iescarlessalvador.es\/index.php?rest_route=\/wp\/v2\/media\/5852"}],"wp:attachment":[{"href":"https:\/\/www.iescarlessalvador.es\/index.php?rest_route=%2Fwp%2Fv2%2Fmedia&parent=5862"}],"wp:term":[{"taxonomy":"category","embeddable":true,"href":"https:\/\/www.iescarlessalvador.es\/index.php?rest_route=%2Fwp%2Fv2%2Fcategories&post=5862"},{"taxonomy":"post_tag","embeddable":true,"href":"https:\/\/www.iescarlessalvador.es\/index.php?rest_route=%2Fwp%2Fv2%2Ftags&post=5862"}],"curies":[{"name":"wp","href":"https:\/\/api.w.org\/{rel}","templated":true}]}}