{"id":6026,"date":"2025-08-28T16:44:11","date_gmt":"2025-08-28T16:44:11","guid":{"rendered":"https:\/\/www.iescarlessalvador.es\/?p=6026"},"modified":"2025-09-01T11:29:11","modified_gmt":"2025-09-01T11:29:11","slug":"inici-curs-escolar-2025-26","status":"publish","type":"post","link":"https:\/\/www.iescarlessalvador.es\/?p=6026","title":{"rendered":"inici curs escolar 2025-26"},"content":{"rendered":"\t\t<div data-elementor-type=\"wp-post\" data-elementor-id=\"6026\" class=\"elementor elementor-6026\">\n\t\t\t\t\t\t<section class=\"elementor-section elementor-top-section elementor-element elementor-element-227f233f elementor-section-boxed elementor-section-height-default elementor-section-height-default\" data-id=\"227f233f\" data-element_type=\"section\" data-e-type=\"section\">\n\t\t\t\t\t\t<div class=\"elementor-container elementor-column-gap-default\">\n\t\t\t\t\t<div class=\"elementor-column elementor-col-100 elementor-top-column elementor-element elementor-element-7acd4665\" data-id=\"7acd4665\" data-element_type=\"column\" data-e-type=\"column\">\n\t\t\t<div class=\"elementor-widget-wrap elementor-element-populated\">\n\t\t\t\t\t\t<div class=\"elementor-element elementor-element-6371563c elementor-widget elementor-widget-text-editor\" data-id=\"6371563c\" data-element_type=\"widget\" data-e-type=\"widget\" data-widget_type=\"text-editor.default\">\n\t\t\t\t<div class=\"elementor-widget-container\">\n\t\t\t\t\t\t\t\t\t<p><a href=\"https:\/\/www.iescarlessalvador.es\/wp-content\/uploads\/2024\/08\/INICI-DE-CURS_24_25_calendari_DEF_ALUMNAT.pdf\"><strong><em>Aquest es el calendari d&#8217;inici de curs escolar 2025-26 de l&#8217; IES Carles Salvador<\/em><\/strong><\/a><\/p>\n<p style=\"margin-right: 70.85pt; text-align: justify;\"><b><i>DIJOUS 4 DE SETEMBRE<\/i><\/b><\/p>\n<p style=\"text-align: justify;\"><span style=\"color: windowtext; mso-ansi-language: ES; mso-fareast-language: AR-SA;\">19:00 h Reuni\u00f3 informativa al sal\u00f3 d&#8217;actes del centre, per a les fam\u00edlies de l&#8217;alumnat de 1r d&#8217; ESO o alumnat que s&#8217;incorpora per primera vegada al centre, per donar les darreres indicacions i resoldre els dubtes&nbsp; que pugueren tindre.<\/span><b><i><\/i><\/b><\/p>\n<p style=\"margin-right: 266.45pt; text-align: justify;\"><b><i>&nbsp;DILLUNS<\/i><\/b><b style=\"background-color: var(--nv-site-bg); color: var(--nv-text-color); font-family: var(--bodyfontfamily),var(--nv-fallback-ff); font-size: var(--bodyfontsize); letter-spacing: var(--bodyletterspacing); text-transform: var(--bodytexttransform);\"><i><span style=\"letter-spacing: .05pt;\">&nbsp;8&nbsp; <\/span>DE&nbsp; SETEMBRE<\/i><\/b><\/p>\n<p>L&#8217;alumnat acudir\u00e0 al centre en l&#8217; horari indicat en la graella adjunta per realitzar la sessi\u00f3 d&#8217; acollida amb els tutors. Han de portar una motxila per poder emportar-se els llibres de la xarxa). <strong>AULAE JORNADA D&#8217;ACOLLIDA<\/strong><\/p>\n<table border=\"1\" width=\"0\" cellspacing=\"2\" cellpadding=\"2\">\n<tbody>\n<tr>\n<td width=\"177\">GRUP<\/td>\n<td width=\"107\">HORA<\/td>\n<td width=\"151\">AULA<\/td>\n<\/tr>\n<tr>\n<td width=\"177\">1r ESO A<\/td>\n<td width=\"107\">09:00<\/td>\n<td width=\"151\">0.1<\/td>\n<\/tr>\n<tr>\n<td width=\"177\">1r ESO B<\/td>\n<td width=\"107\">09:00<\/td>\n<td width=\"151\"><span style=\"font-size: 14.4px;\">Sala Multiusos<\/span><\/td>\n<\/tr>\n<tr>\n<td width=\"177\">1r ESO C<\/td>\n<td width=\"107\">09:00<\/td>\n<td width=\"151\">1.1<\/td>\n<\/tr>\n<tr>\n<td width=\"177\">2n ESO A<\/td>\n<td width=\"107\">12:30<\/td>\n<td width=\"151\">1.3<\/td>\n<\/tr>\n<tr>\n<td width=\"177\">2n ESO B<\/td>\n<td width=\"107\">12:30<\/td>\n<td width=\"151\">1.6<\/td>\n<\/tr>\n<tr>\n<td width=\"177\">2n ESO C<\/td>\n<td width=\"107\">12:45<\/td>\n<td width=\"151\">1.8<\/td>\n<\/tr>\n<tr>\n<td width=\"177\">2n ESO D<\/td>\n<td width=\"107\">12:45<\/td>\n<td width=\"151\">1.11<\/td>\n<\/tr>\n<tr>\n<td width=\"177\">PAC<\/td>\n<td width=\"107\">13:00<\/td>\n<td width=\"151\">1.12<\/td>\n<\/tr>\n<tr>\n<td width=\"177\">3r ESO A<\/td>\n<td width=\"107\">11:00<\/td>\n<td width=\"151\">1.13<\/td>\n<\/tr>\n<tr>\n<td width=\"177\">3r ESO B<\/td>\n<td width=\"107\">11:00<\/td>\n<td width=\"151\">2.2<\/td>\n<\/tr>\n<tr>\n<td width=\"177\">3r ESO C<\/td>\n<td width=\"107\">11:15<\/td>\n<td width=\"151\">2.3<\/td>\n<\/tr>\n<tr>\n<td width=\"177\">3r ESO D<\/td>\n<td width=\"107\">11:15<\/td>\n<td width=\"151\">2.4<\/td>\n<\/tr>\n<tr>\n<td width=\"177\">3r PDC<\/td>\n<td width=\"107\">11:15<\/td>\n<td width=\"151\">1.2<\/td>\n<\/tr>\n<tr>\n<td width=\"177\">4t ESO A<\/td>\n<td width=\"107\">12:00<\/td>\n<td width=\"151\">0.2<\/td>\n<\/tr>\n<tr>\n<td width=\"177\">4t ESO B<\/td>\n<td width=\"107\">12:00<\/td>\n<td width=\"151\">0.3<\/td>\n<\/tr>\n<tr>\n<td width=\"177\">4t ESO C<\/td>\n<td width=\"107\">12:15<\/td>\n<td width=\"151\">0.1<\/td>\n<\/tr>\n<tr>\n<td width=\"177\">4t ESO D<\/td>\n<td width=\"107\">12:15<\/td>\n<td width=\"151\">SMULT<\/td>\n<\/tr>\n<tr>\n<td width=\"177\">4PDC<\/td>\n<td width=\"107\">12:15<\/td>\n<td width=\"151\">1.10<\/td>\n<\/tr>\n<tr>\n<td width=\"177\">1r BACH \u2013 C<\/td>\n<td width=\"107\">09:45<\/td>\n<td width=\"151\">2.5<\/td>\n<\/tr>\n<tr>\n<td width=\"177\">1r BACH \u2013 H<\/td>\n<td width=\"107\">09:45<\/td>\n<td width=\"151\">2.6<\/td>\n<\/tr>\n<tr>\n<td width=\"177\">2n BACH \u2013 C<\/td>\n<td width=\"107\">10:15<\/td>\n<td width=\"151\">2.7<\/td>\n<\/tr>\n<tr>\n<td width=\"177\">2n BACH \u2013 H<\/td>\n<td width=\"107\">10:15<\/td>\n<td width=\"151\">2.8<\/td>\n<\/tr>\n<tr>\n<td width=\"177\">1r FPB<\/td>\n<td width=\"107\">13:15<\/td>\n<td width=\"151\">2.1 (INFO)<\/td>\n<\/tr>\n<tr>\n<td width=\"177\">2n FPB<\/td>\n<td width=\"107\">11:00<\/td>\n<td width=\"151\">1.4 (INFO)<\/td>\n<\/tr>\n<tr>\n<td width=\"177\">1r GM Gesti\u00f3 Administrativa<\/td>\n<td width=\"107\">17:00<\/td>\n<td width=\"151\">1.1<\/td>\n<\/tr>\n<tr>\n<td width=\"177\">1r GM Farm\u00e0cia<\/td>\n<td width=\"107\">17:00<\/td>\n<td width=\"151\">1.6<\/td>\n<\/tr>\n<tr>\n<td width=\"177\">1r GS Adm. i Finances<\/td>\n<td width=\"107\">17:00<\/td>\n<td width=\"151\">1.3<\/td>\n<\/tr>\n<tr>\n<td width=\"177\">1r GS Documentaci\u00f3 i Adm. Sanit\u00e0ries<\/td>\n<td width=\"107\">17:00<\/td>\n<td width=\"151\">2.3<\/td>\n<\/tr>\n<tr>\n<td width=\"177\">2n GM Gesti\u00f3 Administrativa<\/td>\n<td width=\"107\">17:00<\/td>\n<td width=\"151\">1.13<\/td>\n<\/tr>\n<tr>\n<td width=\"177\">2n GM Farm\u00e0cia<\/td>\n<td width=\"107\">17:00<\/td>\n<td width=\"151\">1.8<\/td>\n<\/tr>\n<tr>\n<td width=\"177\">2n GS Adm. i Finances<\/td>\n<td width=\"107\">17:00<\/td>\n<td width=\"151\">1.11<\/td>\n<\/tr>\n<\/tbody>\n<\/table>\t\t\t\t\t\t\t\t<\/div>\n\t\t\t\t<\/div>\n\t\t\t\t\t<\/div>\n\t\t<\/div>\n\t\t\t\t\t<\/div>\n\t\t<\/section>\n\t\t\t\t<\/div>\n\t\t","protected":false},"excerpt":{"rendered":"<p>Aquest es el calendari d&#8217;inici de curs escolar 2025-26 de l&#8217; IES Carles Salvador DIJOUS 4 DE SETEMBRE 19:00 h Reuni\u00f3 informativa al sal\u00f3 d&#8217;actes del centre, per a les fam\u00edlies de l&#8217;alumnat de 1r d&#8217; ESO o alumnat que s&#8217;incorpora per primera vegada al centre, per donar les darreres indicacions i resoldre els dubtes&nbsp;&hellip;&nbsp;<a href=\"https:\/\/www.iescarlessalvador.es\/?p=6026\" class=\"\" rel=\"bookmark\">Leer m\u00e1s &raquo;<span class=\"screen-reader-text\">inici curs escolar 2025-26<\/span><\/a><\/p>\n","protected":false},"author":1,"featured_media":6035,"comment_status":"closed","ping_status":"closed","sticky":false,"template":"","format":"standard","meta":{"rop_custom_images_group":[],"rop_custom_messages_group":[],"rop_publish_now":"initial","rop_publish_now_accounts":[],"rop_publish_now_history":[],"rop_publish_now_status":"pending","neve_meta_sidebar":"","neve_meta_container":"","neve_meta_enable_content_width":"off","neve_meta_content_width":0,"neve_meta_title_alignment":"","neve_meta_author_avatar":"","neve_post_elements_order":"","neve_meta_disable_header":"","neve_meta_disable_footer":"","neve_meta_disable_title":"","footnotes":""},"categories":[238],"tags":[],"class_list":["post-6026","post","type-post","status-publish","format-standard","has-post-thumbnail","hentry","category-noticies-ca"],"_links":{"self":[{"href":"https:\/\/www.iescarlessalvador.es\/index.php?rest_route=\/wp\/v2\/posts\/6026","targetHints":{"allow":["GET"]}}],"collection":[{"href":"https:\/\/www.iescarlessalvador.es\/index.php?rest_route=\/wp\/v2\/posts"}],"about":[{"href":"https:\/\/www.iescarlessalvador.es\/index.php?rest_route=\/wp\/v2\/types\/post"}],"author":[{"embeddable":true,"href":"https:\/\/www.iescarlessalvador.es\/index.php?rest_route=\/wp\/v2\/users\/1"}],"replies":[{"embeddable":true,"href":"https:\/\/www.iescarlessalvador.es\/index.php?rest_route=%2Fwp%2Fv2%2Fcomments&post=6026"}],"version-history":[{"count":9,"href":"https:\/\/www.iescarlessalvador.es\/index.php?rest_route=\/wp\/v2\/posts\/6026\/revisions"}],"predecessor-version":[{"id":6048,"href":"https:\/\/www.iescarlessalvador.es\/index.php?rest_route=\/wp\/v2\/posts\/6026\/revisions\/6048"}],"wp:featuredmedia":[{"embeddable":true,"href":"https:\/\/www.iescarlessalvador.es\/index.php?rest_route=\/wp\/v2\/media\/6035"}],"wp:attachment":[{"href":"https:\/\/www.iescarlessalvador.es\/index.php?rest_route=%2Fwp%2Fv2%2Fmedia&parent=6026"}],"wp:term":[{"taxonomy":"category","embeddable":true,"href":"https:\/\/www.iescarlessalvador.es\/index.php?rest_route=%2Fwp%2Fv2%2Fcategories&post=6026"},{"taxonomy":"post_tag","embeddable":true,"href":"https:\/\/www.iescarlessalvador.es\/index.php?rest_route=%2Fwp%2Fv2%2Ftags&post=6026"}],"curies":[{"name":"wp","href":"https:\/\/api.w.org\/{rel}","templated":true}]}}