{"id":6168,"date":"2025-10-12T17:44:01","date_gmt":"2025-10-12T17:44:01","guid":{"rendered":"https:\/\/www.iescarlessalvador.es\/?p=6168"},"modified":"2025-10-12T18:25:31","modified_gmt":"2025-10-12T18:25:31","slug":"suspensio-classes-presencials-13-doctubre-classes-on-line","status":"publish","type":"post","link":"https:\/\/www.iescarlessalvador.es\/?p=6168","title":{"rendered":"Suspensi\u00f3 classes presencials 13 d&#8217;octubre, classes on-line"},"content":{"rendered":"\n<p><\/p>\n\n\n<div class=\"wp-block-image\">\n<figure class=\"aligncenter size-large is-resized\"><img fetchpriority=\"high\" decoding=\"async\" width=\"470\" height=\"1024\" src=\"https:\/\/www.iescarlessalvador.es\/wp-content\/uploads\/2025\/10\/suspensio_classes_13_10_25-470x1024.jpg\" alt=\"\" class=\"wp-image-6169\" style=\"width:599px;height:auto\" srcset=\"https:\/\/www.iescarlessalvador.es\/wp-content\/uploads\/2025\/10\/suspensio_classes_13_10_25-470x1024.jpg 470w, https:\/\/www.iescarlessalvador.es\/wp-content\/uploads\/2025\/10\/suspensio_classes_13_10_25-138x300.jpg 138w, https:\/\/www.iescarlessalvador.es\/wp-content\/uploads\/2025\/10\/suspensio_classes_13_10_25-706x1536.jpg 706w, https:\/\/www.iescarlessalvador.es\/wp-content\/uploads\/2025\/10\/suspensio_classes_13_10_25.jpg 735w\" sizes=\"(max-width: 470px) 100vw, 470px\" \/><\/figure><\/div>\n\n\n<p>Davant l&#8217;ALERTA TARONJA per pluges establida pel Centre de coordinaci\u00f3 d&#8217;emerg\u00e8ncies 112 de la Generalitat per al dilluns 13 d&#8217;octubre i seguint la \u00abGuia de recomanacions de la Conselleria d&#8217;Emerg\u00e8ncies per als ajuntaments davant fen\u00f2mens meteorol\u00f2gics\u00bb: QUEDEN\u00a0SUSPESES LES CLASSES presencials en tots els centres educatius d&#8217;Aldaia.\u00a0<\/p>\n\n\n\n<p>Tot i aix\u00f2, l&#8217;activitat formativa i acad\u00e8mica de l&#8217;alumnat se mant\u00e9. El professorat enviar\u00e0 pels diferents mitjans les tasques que l&#8217;alumnat ha de fer. Hauran de consultar les diferents mitjans oficials de comunicaci\u00f3 (Web fam\u00edlia, AULES, TEAMS i email corporatiu @alu.edu.gva.es) per veure les tasques a realitzar.<\/p>\n\n\n<div class=\"wp-block-image\">\n<figure class=\"aligncenter size-large is-resized\"><img decoding=\"async\" width=\"410\" height=\"1024\" src=\"https:\/\/www.iescarlessalvador.es\/wp-content\/uploads\/2025\/10\/INSTRUCCIONS-CLASSES-ONLINE-IES-CARLES-SALVADOR-1_001-410x1024.png\" alt=\"\" class=\"wp-image-6170\" style=\"width:570px;height:auto\" srcset=\"https:\/\/www.iescarlessalvador.es\/wp-content\/uploads\/2025\/10\/INSTRUCCIONS-CLASSES-ONLINE-IES-CARLES-SALVADOR-1_001-410x1024.png 410w, https:\/\/www.iescarlessalvador.es\/wp-content\/uploads\/2025\/10\/INSTRUCCIONS-CLASSES-ONLINE-IES-CARLES-SALVADOR-1_001-120x300.png 120w, https:\/\/www.iescarlessalvador.es\/wp-content\/uploads\/2025\/10\/INSTRUCCIONS-CLASSES-ONLINE-IES-CARLES-SALVADOR-1_001.png 600w\" sizes=\"(max-width: 410px) 100vw, 410px\" \/><\/figure><\/div>\n\n\n<p>L&#8217;Equip directiu de l&#8217;IES Carles Salvador.<\/p>\n","protected":false},"excerpt":{"rendered":"<p>Davant l&#8217;ALERTA TARONJA per pluges establida pel Centre de coordinaci\u00f3 d&#8217;emerg\u00e8ncies 112 de la Generalitat per al dilluns 13 d&#8217;octubre i seguint la \u00abGuia de recomanacions de la Conselleria d&#8217;Emerg\u00e8ncies per als ajuntaments davant fen\u00f2mens meteorol\u00f2gics\u00bb: QUEDEN\u00a0SUSPESES LES CLASSES presencials en tots els centres educatius d&#8217;Aldaia.\u00a0 Tot i aix\u00f2, l&#8217;activitat formativa i acad\u00e8mica de l&#8217;alumnat&hellip;&nbsp;<a href=\"https:\/\/www.iescarlessalvador.es\/?p=6168\" class=\"\" rel=\"bookmark\">Leer m\u00e1s &raquo;<span class=\"screen-reader-text\">Suspensi\u00f3 classes presencials 13 d&#8217;octubre, classes on-line<\/span><\/a><\/p>\n","protected":false},"author":1,"featured_media":6169,"comment_status":"closed","ping_status":"closed","sticky":false,"template":"","format":"standard","meta":{"rop_custom_images_group":[],"rop_custom_messages_group":[],"rop_publish_now":"initial","rop_publish_now_accounts":[],"rop_publish_now_history":[],"rop_publish_now_status":"pending","neve_meta_sidebar":"","neve_meta_container":"","neve_meta_enable_content_width":"","neve_meta_content_width":0,"neve_meta_title_alignment":"","neve_meta_author_avatar":"","neve_post_elements_order":"","neve_meta_disable_header":"","neve_meta_disable_footer":"","neve_meta_disable_title":"","footnotes":""},"categories":[238],"tags":[],"class_list":["post-6168","post","type-post","status-publish","format-standard","has-post-thumbnail","hentry","category-noticies-ca"],"_links":{"self":[{"href":"https:\/\/www.iescarlessalvador.es\/index.php?rest_route=\/wp\/v2\/posts\/6168","targetHints":{"allow":["GET"]}}],"collection":[{"href":"https:\/\/www.iescarlessalvador.es\/index.php?rest_route=\/wp\/v2\/posts"}],"about":[{"href":"https:\/\/www.iescarlessalvador.es\/index.php?rest_route=\/wp\/v2\/types\/post"}],"author":[{"embeddable":true,"href":"https:\/\/www.iescarlessalvador.es\/index.php?rest_route=\/wp\/v2\/users\/1"}],"replies":[{"embeddable":true,"href":"https:\/\/www.iescarlessalvador.es\/index.php?rest_route=%2Fwp%2Fv2%2Fcomments&post=6168"}],"version-history":[{"count":3,"href":"https:\/\/www.iescarlessalvador.es\/index.php?rest_route=\/wp\/v2\/posts\/6168\/revisions"}],"predecessor-version":[{"id":6176,"href":"https:\/\/www.iescarlessalvador.es\/index.php?rest_route=\/wp\/v2\/posts\/6168\/revisions\/6176"}],"wp:featuredmedia":[{"embeddable":true,"href":"https:\/\/www.iescarlessalvador.es\/index.php?rest_route=\/wp\/v2\/media\/6169"}],"wp:attachment":[{"href":"https:\/\/www.iescarlessalvador.es\/index.php?rest_route=%2Fwp%2Fv2%2Fmedia&parent=6168"}],"wp:term":[{"taxonomy":"category","embeddable":true,"href":"https:\/\/www.iescarlessalvador.es\/index.php?rest_route=%2Fwp%2Fv2%2Fcategories&post=6168"},{"taxonomy":"post_tag","embeddable":true,"href":"https:\/\/www.iescarlessalvador.es\/index.php?rest_route=%2Fwp%2Fv2%2Ftags&post=6168"}],"curies":[{"name":"wp","href":"https:\/\/api.w.org\/{rel}","templated":true}]}}