{"id":6172,"date":"2025-10-12T17:47:07","date_gmt":"2025-10-12T17:47:07","guid":{"rendered":"https:\/\/www.iescarlessalvador.es\/?p=6172"},"modified":"2025-10-12T18:24:54","modified_gmt":"2025-10-12T18:24:54","slug":"suspension-clases-presenciales-13-de-octubre-clases-on-line","status":"publish","type":"post","link":"https:\/\/www.iescarlessalvador.es\/?p=6172&lang=es","title":{"rendered":"Suspensi\u00f3n clases presenciales 13 de octubre, clases on-line"},"content":{"rendered":"<div class=\"wp-block-image\">\n<figure class=\"aligncenter\"><img fetchpriority=\"high\" decoding=\"async\" width=\"470\" height=\"1024\" src=\"https:\/\/www.iescarlessalvador.es\/wp-content\/uploads\/2025\/10\/suspensio_classes_13_10_25-470x1024.jpg\" alt=\"\" class=\"wp-image-6169\" srcset=\"https:\/\/www.iescarlessalvador.es\/wp-content\/uploads\/2025\/10\/suspensio_classes_13_10_25-470x1024.jpg 470w, https:\/\/www.iescarlessalvador.es\/wp-content\/uploads\/2025\/10\/suspensio_classes_13_10_25-138x300.jpg 138w, https:\/\/www.iescarlessalvador.es\/wp-content\/uploads\/2025\/10\/suspensio_classes_13_10_25-706x1536.jpg 706w, https:\/\/www.iescarlessalvador.es\/wp-content\/uploads\/2025\/10\/suspensio_classes_13_10_25.jpg 735w\" sizes=\"(max-width: 470px) 100vw, 470px\" \/><\/figure><\/div>\n\n\n<p><em>Ante la ALERTA NARANJA por lluvias establecida por el Centro de coordinaci\u00f3n de emergencias 112 de la Generalitat para el lunes 13 de octubre y siguiendo la \u00abGu\u00eda de recomendaciones de la Conselleria de Emergencias para los ayuntamientos ante fen\u00f3menos meteorol\u00f3gicos\u00bb: QUEDAN SUSPENDIDAS LAS CLASES presenciales en todos los centros educativos de Aldaia.\u00a0\u00a0<\/em><\/p>\n\n\n\n<p><em>A\u00fan as\u00ed, la actividad formativa del alumnado se mantiene. El profesorado enviar\u00e1 per los distintos medios oficiales las tareas que el alumnado debe realizar. Deben consultar los diferentes medios oficiales de comunicaci\u00f3n (Web familia, AULES, TEAMS y el mail corporativo @alu.edu.gva.es) para ver o conocer las tareas a realizar.<\/em><\/p>\n\n\n<div class=\"wp-block-image\">\n<figure class=\"aligncenter\"><img decoding=\"async\" width=\"410\" height=\"1024\" src=\"https:\/\/www.iescarlessalvador.es\/wp-content\/uploads\/2025\/10\/INSTRUCCIONS-CLASSES-ONLINE-IES-CARLES-SALVADOR-1_001-410x1024.png\" alt=\"\" class=\"wp-image-6170\" srcset=\"https:\/\/www.iescarlessalvador.es\/wp-content\/uploads\/2025\/10\/INSTRUCCIONS-CLASSES-ONLINE-IES-CARLES-SALVADOR-1_001-410x1024.png 410w, https:\/\/www.iescarlessalvador.es\/wp-content\/uploads\/2025\/10\/INSTRUCCIONS-CLASSES-ONLINE-IES-CARLES-SALVADOR-1_001-120x300.png 120w, https:\/\/www.iescarlessalvador.es\/wp-content\/uploads\/2025\/10\/INSTRUCCIONS-CLASSES-ONLINE-IES-CARLES-SALVADOR-1_001.png 600w\" sizes=\"(max-width: 410px) 100vw, 410px\" \/><\/figure><\/div>\n\n\n<p><em>El Equipo directivo del IES Carles Salvador.<\/em><\/p>\n\n\n\n<p><\/p>\n","protected":false},"excerpt":{"rendered":"<p>Ante la ALERTA NARANJA por lluvias establecida por el Centro de coordinaci\u00f3n de emergencias 112 de la Generalitat para el lunes 13 de octubre y siguiendo la \u00abGu\u00eda de recomendaciones de la Conselleria de Emergencias para los ayuntamientos ante fen\u00f3menos meteorol\u00f3gicos\u00bb: QUEDAN SUSPENDIDAS LAS CLASES presenciales en todos los centros educativos de Aldaia.\u00a0\u00a0 A\u00fan as\u00ed,&hellip;&nbsp;<a href=\"https:\/\/www.iescarlessalvador.es\/?p=6172&#038;lang=es\" class=\"\" rel=\"bookmark\">Leer m\u00e1s &raquo;<span class=\"screen-reader-text\">Suspensi\u00f3n clases presenciales 13 de octubre, clases on-line<\/span><\/a><\/p>\n","protected":false},"author":1,"featured_media":6169,"comment_status":"closed","ping_status":"closed","sticky":false,"template":"","format":"standard","meta":{"rop_custom_images_group":[],"rop_custom_messages_group":[],"rop_publish_now":"initial","rop_publish_now_accounts":[],"rop_publish_now_history":[],"rop_publish_now_status":"pending","neve_meta_sidebar":"","neve_meta_container":"","neve_meta_enable_content_width":"","neve_meta_content_width":0,"neve_meta_title_alignment":"","neve_meta_author_avatar":"","neve_post_elements_order":"","neve_meta_disable_header":"","neve_meta_disable_footer":"","neve_meta_disable_title":"","footnotes":""},"categories":[34],"tags":[],"class_list":["post-6172","post","type-post","status-publish","format-standard","has-post-thumbnail","hentry","category-noticias"],"_links":{"self":[{"href":"https:\/\/www.iescarlessalvador.es\/index.php?rest_route=\/wp\/v2\/posts\/6172","targetHints":{"allow":["GET"]}}],"collection":[{"href":"https:\/\/www.iescarlessalvador.es\/index.php?rest_route=\/wp\/v2\/posts"}],"about":[{"href":"https:\/\/www.iescarlessalvador.es\/index.php?rest_route=\/wp\/v2\/types\/post"}],"author":[{"embeddable":true,"href":"https:\/\/www.iescarlessalvador.es\/index.php?rest_route=\/wp\/v2\/users\/1"}],"replies":[{"embeddable":true,"href":"https:\/\/www.iescarlessalvador.es\/index.php?rest_route=%2Fwp%2Fv2%2Fcomments&post=6172"}],"version-history":[{"count":2,"href":"https:\/\/www.iescarlessalvador.es\/index.php?rest_route=\/wp\/v2\/posts\/6172\/revisions"}],"predecessor-version":[{"id":6174,"href":"https:\/\/www.iescarlessalvador.es\/index.php?rest_route=\/wp\/v2\/posts\/6172\/revisions\/6174"}],"wp:featuredmedia":[{"embeddable":true,"href":"https:\/\/www.iescarlessalvador.es\/index.php?rest_route=\/wp\/v2\/media\/6169"}],"wp:attachment":[{"href":"https:\/\/www.iescarlessalvador.es\/index.php?rest_route=%2Fwp%2Fv2%2Fmedia&parent=6172"}],"wp:term":[{"taxonomy":"category","embeddable":true,"href":"https:\/\/www.iescarlessalvador.es\/index.php?rest_route=%2Fwp%2Fv2%2Fcategories&post=6172"},{"taxonomy":"post_tag","embeddable":true,"href":"https:\/\/www.iescarlessalvador.es\/index.php?rest_route=%2Fwp%2Fv2%2Ftags&post=6172"}],"curies":[{"name":"wp","href":"https:\/\/api.w.org\/{rel}","templated":true}]}}