{"id":6325,"date":"2026-02-22T20:29:26","date_gmt":"2026-02-22T20:29:26","guid":{"rendered":"https:\/\/www.iescarlessalvador.es\/?p=6325"},"modified":"2026-02-22T21:06:05","modified_gmt":"2026-02-22T21:06:05","slug":"convocatoria-proves-lliures-titol-de-tecnic-tecnic-superior-de-fp","status":"publish","type":"post","link":"https:\/\/www.iescarlessalvador.es\/?p=6325","title":{"rendered":"Convocat\u00f2ria proves lliures t\u00edtol de t\u00e8cnic\/ t\u00e8cnic superior de fp"},"content":{"rendered":"\n<p><strong>REQUISITS DE PARTICIPACI\u00d3<\/strong><\/p>\n\n\n\n<p>1. Tindre almenys 18 anys per al t\u00edtol de T\u00e8cnic\/a, i 20 anys per al de T\u00e8cnic\/a Superior, en el moment de realitzaci\u00f3 de la prova.<\/p>\n\n\n\n<p>2. Reunir algun dels requisits d&#8217;acc\u00e9s a Formaci\u00f3 Professional per a Grau Mitj\u00e0 o Superior, segons corresponga.<\/p>\n\n\n\n<p>3. No estar matriculat en estes proves en el mateix m\u00f2dul professional durant el curs 2025-2026, convocades per esta o una altra administraci\u00f3.<\/p>\n\n\n\n<p>4. No estar matriculat en el curs 2025-2026, en un centre educatiu per a cursar el mateix m\u00f2dul professional en r\u00e8gim presencial, semipresencial o virtual, pel qual es vol inscriure en estes proves.<\/p>\n\n\n\n<p><strong> INSCRIPCI\u00d3 SOL\u00b7LICITUDS<\/strong><\/p>\n\n\n\n<p>Termini d&#8217;inscripci\u00f3: Des del 19 de febrer fins al 9 de mar\u00e7 (tots dos inclosos).<\/p>\n\n\n\n<p>Documentaci\u00f3:<\/p>\n\n\n\n<p>\u00b7 Sol\u00b7licitud d&#8217;inscripci\u00f3 (model disponible en secretaria o en l&#8217;enlla\u00e7: <a href=\"https:\/\/www.gva.es\/va\/inicio\/procedimientos?id_proc=2567\">https:\/\/www.gva.es\/va\/inicio\/procedimientos?id_proc=2567<\/a>.<\/p>\n\n\n\n<p>\u00b7 Certificat acad\u00e8mic oficial acreditatiu de reunir algun dels requisits d&#8217;acc\u00e9s a Formaci\u00f3 Professional per a Grau Mitj\u00e0 (Graduat ESO); Grau Superior (T\u00edtol T\u00e8cnic GM), etc.<\/p>\n\n\n\n<p>\u00b7 Declaraci\u00f3 responsable de no estar matriculat durant el curs 2025-2026 en els m\u00f2duls professionals als quals es presenta i simult\u00e0niament, en les proves convocades per esta o qualsevol altra administraci\u00f3, que tinga per objecte l&#8217;obtenci\u00f3 del t\u00edtol. (Model annex IX, disponible en la secretaria del centre).<\/p>\n\n\n\n<p>\u00b7 Justificant de pagament de les taxes corresponents, que es pot fer efectiu en l&#8217;enlla\u00e7 seg\u00fcent: <a href=\"https:\/\/ceice.gva.es\/doc046\/gen\/val\/default.asp\">https:\/\/ceice.gva.es\/doc046\/gen\/val\/default.asp<\/a>.<\/p>\n\n\n\n<p style='margin:0cm;font-size:16px;font-family:\"Times New Roman\",serif;text-align:center;'><strong><u><span style='font-family:\"Segoe UI Variable Display\";'>CALENDARI D&#8217;ACTUACIONS I TERMINIS DE LES PROVES<\/span><\/u><\/strong><\/p>\n<p style='margin:0cm;font-size:16px;font-family:\"Times New Roman\",serif;text-align:justify;'><span style='font-size:15px;font-family:\"Segoe UI Variable Display\";'>&nbsp;<\/span><\/p>\n<p style='margin:0cm;font-size:16px;font-family:\"Times New Roman\",serif;text-align:justify;'><span style='font-size:15px;font-family:\"Segoe UI Variable Display\";'>&nbsp;<\/span><\/p>\n<table style=\"margin-left: 1.9pt;border-collapse: collapse;border: none;width: 576px;\">\n    <tbody>\n        <tr>\n            <td style=\"width: 216.1pt;border: 1pt solid black;background: gray;padding: 0cm 5.4pt;vertical-align: top;\">\n                <p style='margin:0cm;font-size:16px;font-family:\"Times New Roman\",serif;text-align:center;'><strong><span style='font-size:15px;font-family:\"Segoe UI Variable Display\";color:black;'>CONCEPTO<\/span><\/strong><\/p>\n            <\/td>\n            <td style=\"width: 216.1pt;border-top: 1pt solid black;border-right: 1pt solid black;border-bottom: 1pt solid black;border-image: initial;border-left: none;background: gray;padding: 0cm 5.4pt;vertical-align: top;\">\n                <p style='margin:0cm;font-size:16px;font-family:\"Times New Roman\",serif;text-align:center;'><strong><span style='font-size:15px;font-family:\"Segoe UI Variable Display\";color:black;'>FECHAS<\/span><\/strong><\/p>\n            <\/td>\n        <\/tr>\n        <tr>\n            <td style=\"width: 216.1pt;border-right: 1pt solid black;border-bottom: 1pt solid black;border-left: 1pt solid black;border-image: initial;border-top: none;background: rgb(242, 242, 242);padding: 0cm 5.4pt;vertical-align: top;\">\n                <p style='margin:0cm;font-size:16px;font-family:\"Times New Roman\",serif;text-align:right;'><span style='font-size:15px;font-family:\"Segoe UI Variable Display\";color:black;'>Inscripci&oacute;n<\/span><\/p>\n            <\/td>\n            <td style=\"width: 216.1pt;border-top: none;border-left: none;border-bottom: 1pt solid black;border-right: 1pt solid black;background: rgb(242, 242, 242);padding: 0cm 5.4pt;vertical-align: top;\">\n                <p style='margin:0cm;font-size:16px;font-family:\"Times New Roman\",serif;text-align:justify;'><span style='font-size:15px;font-family:\"Segoe UI Variable Display\";color:black;'>19 de febrer al 9 de mar\u00e7 2026<\/span><\/p>\n            <\/td>\n        <\/tr>\n        <tr>\n            <td style=\"width: 216.1pt;border-right: 1pt solid black;border-bottom: 1pt solid black;border-left: 1pt solid black;border-image: initial;border-top: none;background: rgb(242, 242, 242);padding: 0cm 5.4pt;vertical-align: top;\">\n                <p style='margin:0cm;font-size:16px;font-family:\"Times New Roman\",serif;text-align:right;'><span style='font-size:15px;font-family:\"Segoe UI Variable Display\";color:black;'>Publicaci&#038;oacute de llistat provisional d&#8217;admessos<\/span><\/p>\n            <\/td>\n            <td style=\"width: 216.1pt;border-top: none;border-left: none;border-bottom: 1pt solid black;border-right: 1pt solid black;background: rgb(242, 242, 242);padding: 0cm 5.4pt;vertical-align: top;\">\n                <p style='margin:0cm;font-size:16px;font-family:\"Times New Roman\",serif;text-align:justify;'><span style='font-size:15px;font-family:\"Segoe UI Variable Display\";color:black;'>11 mar\u00e7 2026<\/span><\/p>\n            <\/td>\n        <\/tr>\n        <tr>\n            <td style=\"width: 216.1pt;border-right: 1pt solid black;border-bottom: 1pt solid black;border-left: 1pt solid black;border-image: initial;border-top: none;background: rgb(242, 242, 242);padding: 0cm 5.4pt;vertical-align: top;\">\n                <p style='margin:0cm;font-size:16px;font-family:\"Times New Roman\",serif;text-align:right;'><span style='font-size:15px;font-family:\"Segoe UI Variable Display\";color:black;'>Reclamaci&oacute; llistats provisionals<\/span><\/p>\n            <\/td>\n            <td style=\"width: 216.1pt;border-top: none;border-left: none;border-bottom: 1pt solid black;border-right: 1pt solid black;background: rgb(242, 242, 242);padding: 0cm 5.4pt;vertical-align: top;\">\n                <p style='margin:0cm;font-size:16px;font-family:\"Times New Roman\",serif;text-align:justify;'><span style='font-size:15px;font-family:\"Segoe UI Variable Display\";color:black;'>12 al 13 de mar\u00e7 2026<\/span><\/p>\n            <\/td>\n        <\/tr>\n        <tr>\n            <td style=\"width: 216.1pt;border-right: 1pt solid black;border-bottom: 1pt solid black;border-left: 1pt solid black;border-image: initial;border-top: none;background: rgb(242, 242, 242);padding: 0cm 5.4pt;vertical-align: top;\">\n                <p style='margin:0cm;font-size:16px;font-family:\"Times New Roman\",serif;text-align:right;'><span style='font-size:15px;font-family:\"Segoe UI Variable Display\";color:black;'>Publicaci&oacute; de llistats definitius admessos<\/span><\/p>\n            <\/td>\n            <td style=\"width: 216.1pt;border-top: none;border-left: none;border-bottom: 1pt solid black;border-right: 1pt solid black;background: rgb(242, 242, 242);padding: 0cm 5.4pt;vertical-align: top;\">\n                <p style='margin:0cm;font-size:16px;font-family:\"Times New Roman\",serif;text-align:justify;'><span style='font-size:15px;font-family:\"Segoe UI Variable Display\";color:black;'>24 de mar\u00e7 2026<\/span><\/p>\n            <\/td>\n        <\/tr>\n        <tr>\n            <td style=\"width: 216.1pt;border-right: 1pt solid black;border-bottom: 1pt solid black;border-left: 1pt solid black;border-image: initial;border-top: none;background: rgb(242, 242, 242);padding: 0cm 5.4pt;vertical-align: top;\">\n                <p style='margin:0cm;font-size:16px;font-family:\"Times New Roman\",serif;text-align:right;'><span style='font-size:15px;font-family:\"Segoe UI Variable Display\";color:black;'>Sol\u00b7licitud anulaci&oacute; matr&iacute;cula<\/span><\/p>\n            <\/td>\n            <td style=\"width: 216.1pt;border-top: none;border-left: none;border-bottom: 1pt solid black;border-right: 1pt solid black;background: rgb(242, 242, 242);padding: 0cm 5.4pt;vertical-align: top;\">\n                <p style='margin:0cm;font-size:16px;font-family:\"Times New Roman\",serif;text-align:justify;'><span style='font-size:15px;font-family:\"Segoe UI Variable Display\";color:black;'>26 de mar\u00e7 2026<\/span><\/p>\n            <\/td>\n        <\/tr>\n        <tr>\n            <td style=\"width: 216.1pt;border-right: 1pt solid black;border-bottom: 1pt solid black;border-left: 1pt solid black;border-image: initial;border-top: none;background: rgb(242, 242, 242);padding: 0cm 5.4pt;vertical-align: top;\">\n                <p style='margin:0cm;font-size:16px;font-family:\"Times New Roman\",serif;text-align:right;'><span style='font-size:15px;font-family:\"Segoe UI Variable Display\";color:black;'>Publicaci&oacute; de orientacions a l&#8217;alumnat, incl&oacute;s el m&oacute;dul de Projecte<\/span><\/p>\n            <\/td>\n            <td style=\"width: 216.1pt;border-top: none;border-left: none;border-bottom: 1pt solid black;border-right: 1pt solid black;background: rgb(242, 242, 242);padding: 0cm 5.4pt;vertical-align: top;\">\n                <p style='margin:0cm;font-size:16px;font-family:\"Times New Roman\",serif;text-align:justify;'><span style='font-size:15px;font-family:\"Segoe UI Variable Display\";color:black;'>30 de mar\u00e7 2026<\/span><\/p>\n            <\/td>\n        <\/tr>\n        <tr>\n            <td style=\"width: 216.1pt;border-right: 1pt solid black;border-bottom: 1pt solid black;border-left: 1pt solid black;border-image: initial;border-top: none;background: rgb(242, 242, 242);padding: 0cm 5.4pt;vertical-align: top;\">\n                <p style='margin:0cm;font-size:16px;font-family:\"Times New Roman\",serif;text-align:right;'><span style='font-size:15px;font-family:\"Segoe UI Variable Display\";color:black;'>Realitzaci&#038;oacute proves<\/span><\/p>\n            <\/td>\n            <td style=\"width: 216.1pt;border-top: none;border-left: none;border-bottom: 1pt solid black;border-right: 1pt solid black;background: rgb(242, 242, 242);padding: 0cm 5.4pt;vertical-align: top;\">\n                <p style='margin:0cm;font-size:16px;font-family:\"Times New Roman\",serif;text-align:justify;'><span style='font-size:15px;font-family:\"Segoe UI Variable Display\";color:black;'>22 al 29 d&#8217;abril 2026<\/span><\/p>\n            <\/td>\n        <\/tr>\n        <tr>\n            <td style=\"width: 216.1pt;border-right: 1pt solid black;border-bottom: 1pt solid black;border-left: 1pt solid black;border-image: initial;border-top: none;background: rgb(242, 242, 242);padding: 0cm 5.4pt;vertical-align: top;\">\n                <p style='margin:0cm;font-size:16px;font-family:\"Times New Roman\",serif;text-align:right;'><span style='font-size:15px;font-family:\"Segoe UI Variable Display\";color:black;'>Publicaci&#038;oacute resultats provisionals<\/span><\/p>\n            <\/td>\n            <td style=\"width: 216.1pt;border-top: none;border-left: none;border-bottom: 1pt solid black;border-right: 1pt solid black;background: rgb(242, 242, 242);padding: 0cm 5.4pt;vertical-align: top;\">\n                <p style='margin:0cm;font-size:16px;font-family:\"Times New Roman\",serif;text-align:justify;'><span style='font-size:15px;font-family:\"Segoe UI Variable Display\";color:black;'>11 de maig 2026<\/span><\/p>\n            <\/td>\n        <\/tr>\n        <tr>\n            <td style=\"width: 216.1pt;border-right: 1pt solid black;border-bottom: 1pt solid black;border-left: 1pt solid black;border-image: initial;border-top: none;background: rgb(242, 242, 242);padding: 0cm 5.4pt;vertical-align: top;\">\n                <p style='margin:0cm;font-size:16px;font-family:\"Times New Roman\",serif;text-align:right;'><span style='font-size:15px;font-family:\"Segoe UI Variable Display\";color:black;'>Reclamacions resultats provisionals<\/span><\/p>\n            <\/td>\n            <td style=\"width: 216.1pt;border-top: none;border-left: none;border-bottom: 1pt solid black;border-right: 1pt solid black;background: rgb(242, 242, 242);padding: 0cm 5.4pt;vertical-align: top;\">\n                <p style='margin:0cm;font-size:16px;font-family:\"Times New Roman\",serif;text-align:justify;'><span style='font-size:15px;font-family:\"Segoe UI Variable Display\";color:black;'>12 al 13 de maig 2026<\/span><\/p>\n            <\/td>\n        <\/tr>\n        <tr>\n            <td style=\"width: 216.1pt;border-right: 1pt solid black;border-bottom: 1pt solid black;border-left: 1pt solid black;border-image: initial;border-top: none;background: rgb(242, 242, 242);padding: 0cm 5.4pt;vertical-align: top;\">\n                <p style='margin:0cm;font-size:16px;font-family:\"Times New Roman\",serif;text-align:right;'><span style='font-size:15px;font-family:\"Segoe UI Variable Display\";color:black;'>Publicaci&#038;oacute resultats definitius<\/span><\/p>\n            <\/td>\n            <td style=\"width: 216.1pt;border-top: none;border-left: none;border-bottom: 1pt solid black;border-right: 1pt solid black;background: rgb(242, 242, 242);padding: 0cm 5.4pt;vertical-align: top;\">\n                <p style='margin:0cm;font-size:16px;font-family:\"Times New Roman\",serif;text-align:justify;'><span style='font-size:15px;font-family:\"Segoe UI Variable Display\";color:black;'>14 de maig 2026<\/span><\/p>\n            <\/td>\n        <\/tr>\n        <tr>\n            <td style=\"width: 216.1pt;border-right: 1pt solid black;border-bottom: 1pt solid black;border-left: 1pt solid black;border-image: initial;border-top: none;background: rgb(242, 242, 242);padding: 0cm 5.4pt;vertical-align: top;\">\n                <p style='margin:0cm;font-size:16px;font-family:\"Times New Roman\",serif;text-align:right;'><span style='font-size:15px;font-family:\"Segoe UI Variable Display\";color:black;'>Reclamaci&#038;oacute resultats definitius<\/span><\/p>\n            <\/td>\n            <td style=\"width: 216.1pt;border-top: none;border-left: none;border-bottom: 1pt solid black;border-right: 1pt solid black;background: rgb(242, 242, 242);padding: 0cm 5.4pt;vertical-align: top;\">\n                <p style='margin:0cm;font-size:16px;font-family:\"Times New Roman\",serif;text-align:justify;'><span style='font-size:15px;font-family:\"Segoe UI Variable Display\";color:black;'>15 al 18 de maig 2026<\/span><\/p>\n            <\/td>\n        <\/tr>\n    <\/tbody>\n<\/table>\n<p style='margin:0cm;font-size:16px;font-family:\"Times New Roman\",serif;text-align:justify;'><span style='font-size:15px;font-family:\"Segoe UI Variable Display\";'>&nbsp;<\/span><\/p>\n<p style='margin-top:0cm;margin-right:0cm;margin-bottom:0cm;margin-left:35.4pt;font-size:16px;font-family:\"Times New Roman\",serif;'><span style='font-family:\"Segoe UI Variable Display\";'>&nbsp;<\/span><\/p>\n<p style='margin:0cm;font-size:16px;font-family:\"Times New Roman\",serif;text-align:justify;'><span style='font-family:\"Segoe UI Variable Display\";'>&nbsp;<\/span><\/p>\n\n\n\n<p><\/p>\n","protected":false},"excerpt":{"rendered":"<p>REQUISITS DE PARTICIPACI\u00d3 1. Tindre almenys 18 anys per al t\u00edtol de T\u00e8cnic\/a, i 20 anys per al de T\u00e8cnic\/a Superior, en el moment de realitzaci\u00f3 de la prova. 2. Reunir algun dels requisits d&#8217;acc\u00e9s a Formaci\u00f3 Professional per a Grau Mitj\u00e0 o Superior, segons corresponga. 3. No estar matriculat en estes proves en el&hellip;&nbsp;<a href=\"https:\/\/www.iescarlessalvador.es\/?p=6325\" class=\"\" rel=\"bookmark\">Leer m\u00e1s &raquo;<span class=\"screen-reader-text\">Convocat\u00f2ria proves lliures t\u00edtol de t\u00e8cnic\/ t\u00e8cnic superior de fp<\/span><\/a><\/p>\n","protected":false},"author":1,"featured_media":0,"comment_status":"closed","ping_status":"closed","sticky":false,"template":"","format":"standard","meta":{"rop_custom_images_group":[],"rop_custom_messages_group":[],"rop_publish_now":"yes","rop_publish_now_accounts":[],"rop_publish_now_history":[],"rop_publish_now_status":"pending","neve_meta_sidebar":"","neve_meta_container":"","neve_meta_enable_content_width":"","neve_meta_content_width":0,"neve_meta_title_alignment":"","neve_meta_author_avatar":"","neve_post_elements_order":"","neve_meta_disable_header":"","neve_meta_disable_footer":"","neve_meta_disable_title":"","footnotes":""},"categories":[238],"tags":[],"class_list":["post-6325","post","type-post","status-publish","format-standard","hentry","category-noticies-ca"],"_links":{"self":[{"href":"https:\/\/www.iescarlessalvador.es\/index.php?rest_route=\/wp\/v2\/posts\/6325","targetHints":{"allow":["GET"]}}],"collection":[{"href":"https:\/\/www.iescarlessalvador.es\/index.php?rest_route=\/wp\/v2\/posts"}],"about":[{"href":"https:\/\/www.iescarlessalvador.es\/index.php?rest_route=\/wp\/v2\/types\/post"}],"author":[{"embeddable":true,"href":"https:\/\/www.iescarlessalvador.es\/index.php?rest_route=\/wp\/v2\/users\/1"}],"replies":[{"embeddable":true,"href":"https:\/\/www.iescarlessalvador.es\/index.php?rest_route=%2Fwp%2Fv2%2Fcomments&post=6325"}],"version-history":[{"count":3,"href":"https:\/\/www.iescarlessalvador.es\/index.php?rest_route=\/wp\/v2\/posts\/6325\/revisions"}],"predecessor-version":[{"id":6330,"href":"https:\/\/www.iescarlessalvador.es\/index.php?rest_route=\/wp\/v2\/posts\/6325\/revisions\/6330"}],"wp:attachment":[{"href":"https:\/\/www.iescarlessalvador.es\/index.php?rest_route=%2Fwp%2Fv2%2Fmedia&parent=6325"}],"wp:term":[{"taxonomy":"category","embeddable":true,"href":"https:\/\/www.iescarlessalvador.es\/index.php?rest_route=%2Fwp%2Fv2%2Fcategories&post=6325"},{"taxonomy":"post_tag","embeddable":true,"href":"https:\/\/www.iescarlessalvador.es\/index.php?rest_route=%2Fwp%2Fv2%2Ftags&post=6325"}],"curies":[{"name":"wp","href":"https:\/\/api.w.org\/{rel}","templated":true}]}}